{"id":192458,"date":"2025-10-21T22:14:17","date_gmt":"2025-10-21T22:14:17","guid":{"rendered":"https:\/\/www.europesays.com\/es\/192458\/"},"modified":"2025-10-21T22:14:17","modified_gmt":"2025-10-21T22:14:17","slug":"via-de-exposicion-de-la-basilica-de-massenzio-alvisi-kirimoto-partners","status":"publish","type":"post","link":"https:\/\/www.europesays.com\/es\/192458\/","title":{"rendered":"V\u00eda de Exposici\u00f3n de la Bas\u00edlica de Massenzio \/ Alvisi Kirimoto + Partners"},"content":{"rendered":"<p><a class=\"js-image-size__link \" href=\"https:\/\/www.archdaily.cl\/cl\/1035195\/via-de-exposicion-de-la-basilica-de-massenzio-alvisi-kirimoto-plus-partners\/68efffc6d88c70385b3df841-basilica-di-massenzio-exhibition-pathway-alvisi-kirimoto-plus-partners-photo\" rel=\"attachment nofollow noopener\" style=\"width: 100%; height: 100%;\" target=\"_blank\"><img decoding=\"async\" alt=\"V\u00eda de Exposici\u00f3n de la Bas\u00edlica de Massenzio \/ Alvisi Kirimoto + Partners - Imagen 1 de 17\" data-nr-picture-id=\"68efffc6d88c70385b3df841\" fetchpriority=\"high\" height=\"426\" itemprop=\"image\" loading=\"eager\" longdesc=\"https:\/\/www.archdaily.cl\/cl\/1035195\/via-de-exposicion-de-la-basilica-de-massenzio-alvisi-kirimoto-plus-partners\/68efffc6d88c70385b3df841-basilica-di-massenzio-exhibition-pathway-alvisi-kirimoto-plus-partners-photo\" src=\"https:\/\/www.europesays.com\/es\/wp-content\/uploads\/2025\/10\/basilica-di-massenzio-exhibition-pathway-alvisi-kirimoto-plus-partners_1.jpg\" style=\"min-height: var(--featured-height, auto); aspect-ratio: auto 640 \/ 426\" width=\"640\"\/><\/a>\u00a9 Giuseppe Miotto &#8211; Marco Cappelletti Studio<\/p>\n<p class=\"thumbs afd-desktop-e clearfix\"><a class=\"thumbs__link\" data-nr-picture-id=\"68efffc6d88c70385b3df840\" href=\"https:\/\/www.archdaily.cl\/cl\/1035195\/via-de-exposicion-de-la-basilica-de-massenzio-alvisi-kirimoto-plus-partners\/68efffc6d88c70385b3df840-basilica-di-massenzio-exhibition-pathway-alvisi-kirimoto-plus-partners-photo\" rel=\"attachment nofollow noopener\" target=\"_blank\"><img loading=\"lazy\" decoding=\"async\" alt=\"V\u00eda de Exposici\u00f3n de la Bas\u00edlica de Massenzio \/ Alvisi Kirimoto + Partners - Imagen 2 de 17\" class=\"thumbs__img b-lazy\" data-nr-picture-id=\"68efffc6d88c70385b3df840\" data-pin-nopin=\"true\" src=\"https:\/\/www.europesays.com\/es\/wp-content\/uploads\/2025\/10\/basilica-di-massenzio-exhibition-pathway-alvisi-kirimoto-plus-partners_2.jpg\" height=\"125\" longdesc=\"https:\/\/www.archdaily.cl\/cl\/1035195\/via-de-exposicion-de-la-basilica-de-massenzio-alvisi-kirimoto-plus-partners\/68efffc6d88c70385b3df840-basilica-di-massenzio-exhibition-pathway-alvisi-kirimoto-plus-partners-photo\" title=\"\u00a9 Giuseppe Miotto - Marco Cappelletti Studio\" width=\"125\"\/><\/a><a class=\"thumbs__link\" data-nr-picture-id=\"68efffc7d88c70385b3df845\" href=\"https:\/\/www.archdaily.cl\/cl\/1035195\/via-de-exposicion-de-la-basilica-de-massenzio-alvisi-kirimoto-plus-partners\/68efffc7d88c70385b3df845-basilica-di-massenzio-exhibition-pathway-alvisi-kirimoto-plus-partners-photo\" rel=\"attachment nofollow noopener\" target=\"_blank\"><img loading=\"lazy\" decoding=\"async\" alt=\"V\u00eda de Exposici\u00f3n de la Bas\u00edlica de Massenzio \/ Alvisi Kirimoto + Partners - Fotograf\u00eda interior, Arco, Pilares, Arcada\" class=\"thumbs__img b-lazy\" data-nr-picture-id=\"68efffc7d88c70385b3df845\" data-pin-nopin=\"true\" src=\"https:\/\/www.europesays.com\/es\/wp-content\/uploads\/2025\/10\/basilica-di-massenzio-exhibition-pathway-alvisi-kirimoto-plus-partners_10.jpg\" height=\"125\" longdesc=\"https:\/\/www.archdaily.cl\/cl\/1035195\/via-de-exposicion-de-la-basilica-de-massenzio-alvisi-kirimoto-plus-partners\/68efffc7d88c70385b3df845-basilica-di-massenzio-exhibition-pathway-alvisi-kirimoto-plus-partners-photo\" title=\"\u00a9 Giuseppe Miotto - Marco Cappelletti Studio\" width=\"125\"\/><\/a><a class=\"thumbs__link\" data-nr-picture-id=\"68efffc798525e12fb6d6a57\" href=\"https:\/\/www.archdaily.cl\/cl\/1035195\/via-de-exposicion-de-la-basilica-de-massenzio-alvisi-kirimoto-plus-partners\/68efffc798525e12fb6d6a57-basilica-di-massenzio-exhibition-pathway-alvisi-kirimoto-plus-partners-photo\" rel=\"attachment nofollow noopener\" target=\"_blank\"><img loading=\"lazy\" decoding=\"async\" alt=\"V\u00eda de Exposici\u00f3n de la Bas\u00edlica de Massenzio \/ Alvisi Kirimoto + Partners - Imagen 4 de 17\" class=\"thumbs__img b-lazy\" data-nr-picture-id=\"68efffc798525e12fb6d6a57\" data-pin-nopin=\"true\" src=\"https:\/\/www.europesays.com\/es\/wp-content\/uploads\/2025\/10\/basilica-di-massenzio-exhibition-pathway-alvisi-kirimoto-plus-partners_11.jpg\" height=\"125\" longdesc=\"https:\/\/www.archdaily.cl\/cl\/1035195\/via-de-exposicion-de-la-basilica-de-massenzio-alvisi-kirimoto-plus-partners\/68efffc798525e12fb6d6a57-basilica-di-massenzio-exhibition-pathway-alvisi-kirimoto-plus-partners-photo\" title=\"\u00a9 Giuseppe Miotto - Marco Cappelletti Studio\" width=\"125\"\/><\/a><a class=\"thumbs__link\" data-nr-picture-id=\"68efffc7d88c70385b3df843\" href=\"https:\/\/www.archdaily.cl\/cl\/1035195\/via-de-exposicion-de-la-basilica-de-massenzio-alvisi-kirimoto-plus-partners\/68efffc7d88c70385b3df843-basilica-di-massenzio-exhibition-pathway-alvisi-kirimoto-plus-partners-photo\" rel=\"attachment nofollow noopener\" target=\"_blank\"><img loading=\"lazy\" decoding=\"async\" alt=\"V\u00eda de Exposici\u00f3n de la Bas\u00edlica de Massenzio \/ Alvisi Kirimoto + Partners - Arco, Pilares, Arcada\" class=\"thumbs__img b-lazy\" data-nr-picture-id=\"68efffc7d88c70385b3df843\" data-pin-nopin=\"true\" src=\"https:\/\/www.europesays.com\/es\/wp-content\/uploads\/2025\/10\/basilica-di-massenzio-exhibition-pathway-alvisi-kirimoto-plus-partners_8.jpg\" height=\"125\" longdesc=\"https:\/\/www.archdaily.cl\/cl\/1035195\/via-de-exposicion-de-la-basilica-de-massenzio-alvisi-kirimoto-plus-partners\/68efffc7d88c70385b3df843-basilica-di-massenzio-exhibition-pathway-alvisi-kirimoto-plus-partners-photo\" title=\"\u00a9 Giuseppe Miotto - Marco Cappelletti Studio\" width=\"125\"\/><\/a><a class=\"gallery-link afd-desktop-e\" href=\"https:\/\/www.archdaily.cl\/cl\/1035195\/via-de-exposicion-de-la-basilica-de-massenzio-alvisi-kirimoto-plus-partners\/68efffc6d88c70385b3df841-basilica-di-massenzio-exhibition-pathway-alvisi-kirimoto-plus-partners-photo\" rel=\"nofollow noopener\" target=\"_blank\"><img decoding=\"async\" alt=\"V\u00eda de Exposici\u00f3n de la Bas\u00edlica de Massenzio \/ Alvisi Kirimoto + Partners - M\u00e1s Im\u00e1genes\" class=\"thumbs__img b-lazy\" src=\"https:\/\/www.europesays.com\/es\/wp-content\/uploads\/2025\/10\/basilica-di-massenzio-exhibition-pathway-alvisi-kirimoto-plus-partners_1.jpg\" itemprop=\"image\" bad-src=\"data:image\/gif;base64,R0lGODlhAQABAIAAAAUEBAAAACwAAAAAAQABAAACAkQBADs=\"\/>+ 12<\/a><\/p>\n<p>    Compartir<\/p>\n<p>Compartir<\/p>\n<ul class=\"afd-share__networks clearfix\">\n<li class=\"afd-share__social\"><a aria-label=\"Facebook\" class=\"afd-share__button\" data-insights-category=\"share\" data-insights-label=\"facebook_sharing_options\" data-insights-value=\"1035195\" data-social=\"facebook\" href=\"https:\/\/www.facebook.com\/sharer\/sharer.php?u=https:\/\/www.archdaily.cl\/cl\/1035195\/via-de-exposicion-de-la-basilica-de-massenzio-alvisi-kirimoto-plus-partners\" rel=\"nofollow noopener\" target=\"_blank\"><\/a>\n<p>Facebook<\/p>\n<\/li>\n<li class=\"afd-share__social\"><a aria-label=\"Twitter\" class=\"afd-share__button\" data-insights-category=\"share\" data-insights-label=\"twitter_sharing_options\" data-insights-value=\"1035195\" data-social=\"twitter\" href=\"https:\/\/twitter.com\/intent\/tweet?text=V%C3%ADa%20de%20Exposici%C3%B3n%20de%20la%20Bas%C3%ADlica%20de%20Massenzio%20%2F%20Alvisi%20Kirimoto%20%2B%20Partners&amp;url=https:\/\/www.archdaily.cl\/cl\/1035195\/via-de-exposicion-de-la-basilica-de-massenzio-alvisi-kirimoto-plus-partners&amp;via=parq\" rel=\"nofollow noopener\" target=\"_blank\"><\/a>\n<p>Twitter<\/p>\n<\/li>\n<li class=\"afd-share__social\"><a class=\"afd-share__button\" data-insights-category=\"share\" data-insights-label=\"email_sharing_options\" data-insights-value=\"1035195\" data-social=\"email\" href=\"mailto:?subject=V\u00eda de Exposici\u00f3n de la Bas\u00edlica de Massenzio \/ Alvisi Kirimoto + Partners&amp;body=https:\/\/www.archdaily.cl\/cl\/1035195\/via-de-exposicion-de-la-basilica-de-massenzio-alvisi-kirimoto-plus-partners\"><\/a>\n<p>Mail<\/p>\n<\/li>\n<li class=\"afd-share__social\"><a aria-label=\"Pinterest\" class=\"afd-share__button\" data-insights-category=\"share\" data-insights-label=\"pinterest_sharing_options\" data-insights-value=\"1035195\" data-social=\"pinterest\" href=\"https:\/\/pinterest.com\/pin\/create\/button\/?url=https%3A%2F%2Fwww.archdaily.cl%2Fcl%2F1035195%2Fvia-de-exposicion-de-la-basilica-de-massenzio-alvisi-kirimoto-plus-partners&amp;media=https%3A%2F%2Fimages.adsttc.com%2Fmedia%2Fimages%2F68ef%2Fffc6%2Fd88c%2F7038%2F5b3d%2Ff841%2Flarge_jpg%2Fbasilica-di-massenzio-exhibition-pathway-alvisi-kirimoto-plus-partners_1.jpg%3F1760559062&amp;description=V%C3%ADa%20de%20Exposici%C3%B3n%20de%20la%20Bas%C3%ADlica%20de%20Massenzio%20%2F%20Alvisi%20Kirimoto%20%2B%20Partners\" rel=\"nofollow noopener\" target=\"_blank\"><\/a>\n<p>Pinterest<\/p>\n<\/li>\n<li class=\"afd-share__social\"><a aria-label=\"Whatsapp\" class=\"afd-share__button\" data-action=\"share\/whatsapp\/share\" data-insights-category=\"share\" data-insights-label=\"whatsapp_sharing_options\" data-insights-value=\"1035195\" data-social=\"whatsapp\" href=\"whatsapp:\/\/send?text=V%C3%ADa+de+Exposici%C3%B3n+de+la+Bas%C3%ADlica+de+Massenzio+%2F+Alvisi+Kirimoto+%2B+Partners+%7C+https%3A%2F%2Fwww.archdaily.cl%2Fcl%2F1035195%2Fvia-de-exposicion-de-la-basilica-de-massenzio-alvisi-kirimoto-plus-partners%3Futm_source%3DWhatsapp%26utm_medium%3DIM%26utm_campaign%3Dshare-button\" rel=\"nofollow\"><\/a>\n<p>Whatsapp<\/p>\n<\/li>\n<\/ul>\n<p>O<\/p>\n<p>https:\/\/www.archdaily.cl\/cl\/1035195\/via-de-exposicion-de-la-basilica-de-massenzio-alvisi-kirimoto-plus-partners<\/p>\n<p>  Portapapeles<\/p>\n<p>              \u00abCOPY\u00bb<\/p>\n<p>Copiar<br \/>\n<a class=\"js-image-size__link lazy-anchor\" href=\"https:\/\/www.archdaily.cl\/cl\/1035195\/via-de-exposicion-de-la-basilica-de-massenzio-alvisi-kirimoto-plus-partners\/68efffc7d650760181fc2eff-basilica-di-massenzio-exhibition-pathway-alvisi-kirimoto-plus-partners-photo\" rel=\"nofollow noopener\" target=\"_blank\"><img decoding=\"async\" alt=\"V\u00eda de Exposici\u00f3n de la Bas\u00edlica de Massenzio \/ Alvisi Kirimoto + Partners - Imagen 6 de 17\" data-nr-picture-id=\"68efffc7d650760181fc2eff\" height=\"427\" itemprop=\"image\" loading=\"lazy\" longdesc=\"https:\/\/www.archdaily.cl\/cl\/1035195\/via-de-exposicion-de-la-basilica-de-massenzio-alvisi-kirimoto-plus-partners\/68efffc7d650760181fc2eff-basilica-di-massenzio-exhibition-pathway-alvisi-kirimoto-plus-partners-photo\" src=\"https:\/\/www.europesays.com\/es\/wp-content\/uploads\/2025\/10\/basilica-di-massenzio-exhibition-pathway-alvisi-kirimoto-plus-partners_16.jpg\" width=\"640\"\/>\u00a9 Giuseppe Miotto &#8211; Marco Cappelletti Studio<\/a><\/p>\n<p>Descripci\u00f3n enviada por el equipo del proyecto. La firma internacional de arquitectura Alvisi Kirimoto ha dise\u00f1ado el <strong>nuevo camino de exhibici\u00f3n para la Bas\u00edlica de Massenzio<\/strong>, encargado por el Parque Arqueol\u00f3gico del Coliseo. Respetando la inmensa importancia hist\u00f3rica y cultural del sitio, el proyecto se integra de manera fluida y con prop\u00f3sito en uno de los contextos m\u00e1s extraordinarios del mundo. Aunque es claramente contempor\u00e1neo, <strong>la intervenci\u00f3n establece un di\u00e1logo significativo con el sitio<\/strong>, redefiniendo su identidad e introduciendo nuevas funciones. Encuentra un delicado equilibrio entre la memoria y la modernidad, ofreciendo una reinterpretaci\u00f3n reflexiva del espacio.<\/p>\n<p><a class=\"js-image-size__link lazy-anchor\" href=\"https:\/\/www.archdaily.cl\/cl\/1035195\/via-de-exposicion-de-la-basilica-de-massenzio-alvisi-kirimoto-plus-partners\/68efffc6d88c70385b3df840-basilica-di-massenzio-exhibition-pathway-alvisi-kirimoto-plus-partners-photo\" rel=\"nofollow noopener\" target=\"_blank\"><img decoding=\"async\" alt=\"V\u00eda de Exposici\u00f3n de la Bas\u00edlica de Massenzio \/ Alvisi Kirimoto + Partners - Imagen 2 de 17\" data-nr-picture-id=\"68efffc6d88c70385b3df840\" height=\"427\" itemprop=\"image\" loading=\"lazy\" longdesc=\"https:\/\/www.archdaily.cl\/cl\/1035195\/via-de-exposicion-de-la-basilica-de-massenzio-alvisi-kirimoto-plus-partners\/68efffc6d88c70385b3df840-basilica-di-massenzio-exhibition-pathway-alvisi-kirimoto-plus-partners-photo\" src=\"https:\/\/www.europesays.com\/es\/wp-content\/uploads\/2025\/10\/1761084853_327_basilica-di-massenzio-exhibition-pathway-alvisi-kirimoto-plus-partners_2.jpg\" width=\"640\"\/>\u00a9 Giuseppe Miotto &#8211; Marco Cappelletti Studio<\/a><a class=\"js-image-size__link lazy-anchor\" href=\"https:\/\/www.archdaily.cl\/cl\/1035195\/via-de-exposicion-de-la-basilica-de-massenzio-alvisi-kirimoto-plus-partners\/68efffc7d88c70385b3df845-basilica-di-massenzio-exhibition-pathway-alvisi-kirimoto-plus-partners-photo\" rel=\"nofollow noopener\" target=\"_blank\"><img decoding=\"async\" alt=\"V\u00eda de Exposici\u00f3n de la Bas\u00edlica de Massenzio \/ Alvisi Kirimoto + Partners - Fotograf\u00eda interior, Arco, Pilares, Arcada\" data-nr-picture-id=\"68efffc7d88c70385b3df845\" height=\"427\" itemprop=\"image\" loading=\"lazy\" longdesc=\"https:\/\/www.archdaily.cl\/cl\/1035195\/via-de-exposicion-de-la-basilica-de-massenzio-alvisi-kirimoto-plus-partners\/68efffc7d88c70385b3df845-basilica-di-massenzio-exhibition-pathway-alvisi-kirimoto-plus-partners-photo\" src=\"https:\/\/www.europesays.com\/es\/wp-content\/uploads\/2025\/10\/1761084854_937_basilica-di-massenzio-exhibition-pathway-alvisi-kirimoto-plus-partners_10.jpg\" width=\"640\"\/>\u00a9 Giuseppe Miotto &#8211; Marco Cappelletti Studio<\/a><\/p>\n<p>Despu\u00e9s de la restauraci\u00f3n de la nave central, el proyecto gira en torno a tres elementos clave: la <strong>introducci\u00f3n de una nueva estructura multifuncional dise\u00f1ada como un escenario, la completa renovaci\u00f3n del suelo y la instalaci\u00f3n de dos totems informativos.<\/strong><\/p>\n<p><a class=\"js-image-size__link lazy-anchor\" href=\"https:\/\/www.archdaily.cl\/cl\/1035195\/via-de-exposicion-de-la-basilica-de-massenzio-alvisi-kirimoto-plus-partners\/68efffb5d88c70385b3df83f-basilica-di-massenzio-exhibition-pathway-alvisi-kirimoto-plus-partners-plan\" rel=\"nofollow noopener\" target=\"_blank\"><img decoding=\"async\" alt=\"V\u00eda de Exposici\u00f3n de la Bas\u00edlica de Massenzio \/ Alvisi Kirimoto + Partners - Imagen 16 de 17\" data-nr-picture-id=\"68efffb5d88c70385b3df83f\" height=\"427\" itemprop=\"image\" loading=\"lazy\" longdesc=\"https:\/\/www.archdaily.cl\/cl\/1035195\/via-de-exposicion-de-la-basilica-de-massenzio-alvisi-kirimoto-plus-partners\/68efffb5d88c70385b3df83f-basilica-di-massenzio-exhibition-pathway-alvisi-kirimoto-plus-partners-plan\" src=\"https:\/\/www.europesays.com\/es\/wp-content\/uploads\/2025\/10\/01-alvisi-kirimoto-basilica-di-massenzio-plan-1.jpg\" width=\"640\"\/>Planta<\/a><\/p>\n<p>El escenario es el punto focal de la intervenci\u00f3n, una obra que va m\u00e1s all\u00e1 de una simple instalaci\u00f3n para convertirse en un verdadero instrumento cultural. Activa un sistema de relaciones entre el monumento, sus visitantes y los eventos que dan vida al espacio. Posicionado en el sal\u00f3n central, <strong>el escenario restablece la conexi\u00f3n transversal entre los tres pasillos de la nave<\/strong>, ya no interrumpida por estructuras de acero. M\u00e1s que un tel\u00f3n de fondo arquitect\u00f3nico, se convierte en una plataforma din\u00e1mica que albergar\u00e1 actuaciones teatrales, proyecciones de pel\u00edculas y conferencias, ofreciendo una perspectiva \u00fanica y evocadora sobre los monumentales restos de la Bas\u00edlica. Tambi\u00e9n proporciona un punto de vista privilegiado desde el cual admirar los magn\u00edficos detalles arquitect\u00f3nicos del sitio.<\/p>\n<p><a class=\"js-image-size__link lazy-anchor\" href=\"https:\/\/www.archdaily.cl\/cl\/1035195\/via-de-exposicion-de-la-basilica-de-massenzio-alvisi-kirimoto-plus-partners\/68efffc6d650760181fc2efd-basilica-di-massenzio-exhibition-pathway-alvisi-kirimoto-plus-partners-photo\" rel=\"nofollow noopener\" target=\"_blank\"><img decoding=\"async\" alt=\"V\u00eda de Exposici\u00f3n de la Bas\u00edlica de Massenzio \/ Alvisi Kirimoto + Partners - Imagen 9 de 17\" data-nr-picture-id=\"68efffc6d650760181fc2efd\" height=\"427\" itemprop=\"image\" loading=\"lazy\" longdesc=\"https:\/\/www.archdaily.cl\/cl\/1035195\/via-de-exposicion-de-la-basilica-de-massenzio-alvisi-kirimoto-plus-partners\/68efffc6d650760181fc2efd-basilica-di-massenzio-exhibition-pathway-alvisi-kirimoto-plus-partners-photo\" src=\"https:\/\/www.europesays.com\/es\/wp-content\/uploads\/2025\/10\/basilica-di-massenzio-exhibition-pathway-alvisi-kirimoto-plus-partners_6.jpg\" width=\"640\"\/>\u00a9 Giuseppe Miotto &#8211; Marco Cappelletti Studio<\/a><a class=\"js-image-size__link lazy-anchor\" href=\"https:\/\/www.archdaily.cl\/cl\/1035195\/via-de-exposicion-de-la-basilica-de-massenzio-alvisi-kirimoto-plus-partners\/68efffc7d88c70385b3df843-basilica-di-massenzio-exhibition-pathway-alvisi-kirimoto-plus-partners-photo\" rel=\"nofollow noopener\" target=\"_blank\"><img decoding=\"async\" alt=\"V\u00eda de Exposici\u00f3n de la Bas\u00edlica de Massenzio \/ Alvisi Kirimoto + Partners - Arco, Pilares, Arcada\" data-nr-picture-id=\"68efffc7d88c70385b3df843\" height=\"427\" itemprop=\"image\" loading=\"lazy\" longdesc=\"https:\/\/www.archdaily.cl\/cl\/1035195\/via-de-exposicion-de-la-basilica-de-massenzio-alvisi-kirimoto-plus-partners\/68efffc7d88c70385b3df843-basilica-di-massenzio-exhibition-pathway-alvisi-kirimoto-plus-partners-photo\" src=\"https:\/\/www.europesays.com\/es\/wp-content\/uploads\/2025\/10\/1761084855_58_basilica-di-massenzio-exhibition-pathway-alvisi-kirimoto-plus-partners_8.jpg\" width=\"640\"\/>\u00a9 Giuseppe Miotto &#8211; Marco Cappelletti Studio<\/a><\/p>\n<p>\u00abEl nuevo escenario es una intervenci\u00f3n multifuncional dise\u00f1ada para grandes eventos culturales, mientras respeta rigurosamente el valor hist\u00f3rico y cultural de la Bas\u00edlica. Es un elemento contempor\u00e1neo, claramente legible pero discretamente integrado en su esencia y ofreciendo una soluci\u00f3n que combina funcionalidad con la mejora del monumento\u00bb, dice Massimo Alvisi, cofundador del estudio de arquitectura Alvisi Kirimoto.<\/p>\n<p><a class=\"js-image-size__link lazy-anchor\" href=\"https:\/\/www.archdaily.cl\/cl\/1035195\/via-de-exposicion-de-la-basilica-de-massenzio-alvisi-kirimoto-plus-partners\/68efffc6d650760181fc2efc-basilica-di-massenzio-exhibition-pathway-alvisi-kirimoto-plus-partners-photo\" rel=\"nofollow noopener\" target=\"_blank\"><img decoding=\"async\" alt=\"V\u00eda de Exposici\u00f3n de la Bas\u00edlica de Massenzio \/ Alvisi Kirimoto + Partners - Imagen 11 de 17\" data-nr-picture-id=\"68efffc6d650760181fc2efc\" height=\"427\" itemprop=\"image\" loading=\"lazy\" longdesc=\"https:\/\/www.archdaily.cl\/cl\/1035195\/via-de-exposicion-de-la-basilica-de-massenzio-alvisi-kirimoto-plus-partners\/68efffc6d650760181fc2efc-basilica-di-massenzio-exhibition-pathway-alvisi-kirimoto-plus-partners-photo\" src=\"https:\/\/www.europesays.com\/es\/wp-content\/uploads\/2025\/10\/basilica-di-massenzio-exhibition-pathway-alvisi-kirimoto-plus-partners_9.jpg\" width=\"640\"\/>\u00a9 Giuseppe Miotto &#8211; Marco Cappelletti Studio<\/a><\/p>\n<p>Accesible desde todos los lados, <strong>el escenario es vers\u00e1til e inclusivo<\/strong>. Un \u00e1rea de asientos escalonada en la parte frontal ofrece una vista abierta hacia los Horti Farnesiani, mientras que rampas laterales y escaleras facilitan la circulaci\u00f3n entre los pasillos. En el lado norte, una segunda escalera conduce al \u00e1bside, permitiendo a los visitantes observar de cerca los restos arquitect\u00f3nicos. La iluminaci\u00f3n integrada y las barandillas de acero pintadas garantizan la seguridad y el confort, mientras que dos bancos situados a los lados del escenario ofrecen momentos de pausa y reflexi\u00f3n durante las visitas guiadas. Su proximidad a un espacio temporalmente designado como camerinos, junto con nuevos puntos de acceso al escenario, facilita las operaciones de backstage, permitiendo el dise\u00f1o de escenarios y preparaciones t\u00e9cnicas sin interrumpir la experiencia del visitante.<\/p>\n<p><a class=\"js-image-size__link lazy-anchor\" href=\"https:\/\/www.archdaily.cl\/cl\/1035195\/via-de-exposicion-de-la-basilica-de-massenzio-alvisi-kirimoto-plus-partners\/68efffb5d650760181fc2efb-basilica-di-massenzio-exhibition-pathway-alvisi-kirimoto-plus-partners-section\" rel=\"nofollow noopener\" target=\"_blank\"><img decoding=\"async\" alt=\"V\u00eda de Exposici\u00f3n de la Bas\u00edlica de Massenzio \/ Alvisi Kirimoto + Partners - Imagen 17 de 17\" data-nr-picture-id=\"68efffb5d650760181fc2efb\" height=\"427\" itemprop=\"image\" loading=\"lazy\" longdesc=\"https:\/\/www.archdaily.cl\/cl\/1035195\/via-de-exposicion-de-la-basilica-de-massenzio-alvisi-kirimoto-plus-partners\/68efffb5d650760181fc2efb-basilica-di-massenzio-exhibition-pathway-alvisi-kirimoto-plus-partners-section\" src=\"https:\/\/www.europesays.com\/es\/wp-content\/uploads\/2025\/10\/02-alvisi-kirimoto-basilica-di-massenzio-section-2.jpg\" width=\"640\"\/>Secci\u00f3n<\/a><\/p>\n<p><strong>Construido con un sistema modular, el escenario combina un armaz\u00f3n de acero con una plataforma de rejilla Keller<\/strong>. Su superficie panelada de contrachapado de abeto est\u00e1 marcada r\u00edtmicamente por tablones de madera que se vuelven m\u00e1s densos hacia el centro\u2014dirigiendo la mirada hacia adentro, guiando sutilmente la vista del visitante hacia el coraz\u00f3n de la composici\u00f3n, y desde all\u00ed, anclando la atenci\u00f3n en la monumental presencia de la Bas\u00edlica. La <strong>intervenci\u00f3n se extiende al atrio de la Bas\u00edlica<\/strong>, que ha sido renovado con un suelo de tierra natural y cal, y a la <strong>instalaci\u00f3n de totems informativos de metal<\/strong> equipados con sistemas audiovisuales para mejorar la comprensi\u00f3n de los visitantes sobre el monumento.<\/p>\n<p><a class=\"js-image-size__link lazy-anchor\" href=\"https:\/\/www.archdaily.cl\/cl\/1035195\/via-de-exposicion-de-la-basilica-de-massenzio-alvisi-kirimoto-plus-partners\/68efffc798525e12fb6d6a57-basilica-di-massenzio-exhibition-pathway-alvisi-kirimoto-plus-partners-photo\" rel=\"nofollow noopener\" target=\"_blank\"><img decoding=\"async\" alt=\"V\u00eda de Exposici\u00f3n de la Bas\u00edlica de Massenzio \/ Alvisi Kirimoto + Partners - Imagen 4 de 17\" data-nr-picture-id=\"68efffc798525e12fb6d6a57\" height=\"427\" itemprop=\"image\" loading=\"lazy\" longdesc=\"https:\/\/www.archdaily.cl\/cl\/1035195\/via-de-exposicion-de-la-basilica-de-massenzio-alvisi-kirimoto-plus-partners\/68efffc798525e12fb6d6a57-basilica-di-massenzio-exhibition-pathway-alvisi-kirimoto-plus-partners-photo\" src=\"https:\/\/www.europesays.com\/es\/wp-content\/uploads\/2025\/10\/1761084856_597_basilica-di-massenzio-exhibition-pathway-alvisi-kirimoto-plus-partners_11.jpg\" width=\"640\"\/>\u00a9 Giuseppe Miotto &#8211; Marco Cappelletti Studio<\/a><\/p>\n<p>Alvisi Kirimoto va m\u00e1s all\u00e1 de un mero esfuerzo de conservaci\u00f3n para dar nueva vida a la Bas\u00edlica de Massenzio. Cada elemento, desde el escenario hasta los asientos, desde el suelo hasta la se\u00f1alizaci\u00f3n, mejora el sitio, transform\u00e1ndolo en un entorno vivo e inclusivo. <strong>La intervenci\u00f3n preserva la memoria hist\u00f3rica mientras expande las posibilidades de experimentar el espacio<\/strong>, reconectando el monumento con el flujo de visitantes del Foro Romano y ofreciendo al p\u00fablico una reinterpretaci\u00f3n contempor\u00e1nea de uno de los sitios de patrimonio cultural m\u00e1s ic\u00f3nicos de Italia.<\/p>\n<p><a class=\"js-image-size__link lazy-anchor\" href=\"https:\/\/www.archdaily.cl\/cl\/1035195\/via-de-exposicion-de-la-basilica-de-massenzio-alvisi-kirimoto-plus-partners\/68efffc798525e12fb6d6a58-basilica-di-massenzio-exhibition-pathway-alvisi-kirimoto-plus-partners-photo\" rel=\"nofollow noopener\" target=\"_blank\"><img decoding=\"async\" alt=\"V\u00eda de Exposici\u00f3n de la Bas\u00edlica de Massenzio \/ Alvisi Kirimoto + Partners - Imagen 14 de 17\" data-nr-picture-id=\"68efffc798525e12fb6d6a58\" height=\"427\" itemprop=\"image\" loading=\"lazy\" longdesc=\"https:\/\/www.archdaily.cl\/cl\/1035195\/via-de-exposicion-de-la-basilica-de-massenzio-alvisi-kirimoto-plus-partners\/68efffc798525e12fb6d6a58-basilica-di-massenzio-exhibition-pathway-alvisi-kirimoto-plus-partners-photo\" src=\"https:\/\/www.europesays.com\/es\/wp-content\/uploads\/2025\/10\/basilica-di-massenzio-exhibition-pathway-alvisi-kirimoto-plus-partners_14.jpg\" width=\"640\"\/>\u00a9 Giuseppe Miotto &#8211; Marco Cappelletti Studio<\/a><script async src=\"https:\/\/platform.twitter.com\/widgets.js\" charset=\"utf-8\"><\/script><\/p>\n","protected":false},"excerpt":{"rendered":"\u00a9 Giuseppe Miotto &#8211; Marco Cappelletti Studio + 12 Compartir Compartir Facebook Twitter Mail Pinterest Whatsapp O https:\/\/www.archdaily.cl\/cl\/1035195\/via-de-exposicion-de-la-basilica-de-massenzio-alvisi-kirimoto-plus-partners&hellip;\n","protected":false},"author":2,"featured_media":192459,"comment_status":"","ping_status":"","sticky":false,"template":"","format":"standard","meta":{"footnotes":""},"categories":[173],"tags":[801,2968,229,233,231,230,232,234,146,147,25,24,39639,1135,438,23],"class_list":{"0":"post-192458","1":"post","2":"type-post","3":"status-publish","4":"format-standard","5":"has-post-thumbnail","7":"category-arte-y-diseno","8":"tag-arquitectura","9":"tag-arquitectura-cultural","10":"tag-arte","11":"tag-arte-y-diseno","12":"tag-arts","13":"tag-arts-and-design","14":"tag-design","15":"tag-diseno","16":"tag-entertainment","17":"tag-entretenimiento","18":"tag-es","19":"tag-espana","20":"tag-remodelaciones","21":"tag-renovacion","22":"tag-roma","23":"tag-spain"},"share_on_mastodon":{"url":"https:\/\/pubeurope.com\/@es\/115414464651323259","error":""},"_links":{"self":[{"href":"https:\/\/www.europesays.com\/es\/wp-json\/wp\/v2\/posts\/192458","targetHints":{"allow":["GET"]}}],"collection":[{"href":"https:\/\/www.europesays.com\/es\/wp-json\/wp\/v2\/posts"}],"about":[{"href":"https:\/\/www.europesays.com\/es\/wp-json\/wp\/v2\/types\/post"}],"author":[{"embeddable":true,"href":"https:\/\/www.europesays.com\/es\/wp-json\/wp\/v2\/users\/2"}],"replies":[{"embeddable":true,"href":"https:\/\/www.europesays.com\/es\/wp-json\/wp\/v2\/comments?post=192458"}],"version-history":[{"count":0,"href":"https:\/\/www.europesays.com\/es\/wp-json\/wp\/v2\/posts\/192458\/revisions"}],"wp:featuredmedia":[{"embeddable":true,"href":"https:\/\/www.europesays.com\/es\/wp-json\/wp\/v2\/media\/192459"}],"wp:attachment":[{"href":"https:\/\/www.europesays.com\/es\/wp-json\/wp\/v2\/media?parent=192458"}],"wp:term":[{"taxonomy":"category","embeddable":true,"href":"https:\/\/www.europesays.com\/es\/wp-json\/wp\/v2\/categories?post=192458"},{"taxonomy":"post_tag","embeddable":true,"href":"https:\/\/www.europesays.com\/es\/wp-json\/wp\/v2\/tags?post=192458"}],"curies":[{"name":"wp","href":"https:\/\/api.w.org\/{rel}","templated":true}]}}