{"id":192462,"date":"2025-10-21T22:18:10","date_gmt":"2025-10-21T22:18:10","guid":{"rendered":"https:\/\/www.europesays.com\/es\/192462\/"},"modified":"2025-10-21T22:18:10","modified_gmt":"2025-10-21T22:18:10","slug":"agustin-diaz-yanes-desvela-las-claves-de-la-pelicula-sobre-eta","status":"publish","type":"post","link":"https:\/\/www.europesays.com\/es\/192462\/","title":{"rendered":"Agust\u00edn D\u00edaz Yanes desvela las claves de la pel\u00edcula sobre ETA"},"content":{"rendered":"<p class=\"article-text\">\n        <a href=\"https:\/\/www.eldiario.es\/cultura\/cine\/fantasma-batalla-infiltrada-eta-trae-vuelta-mejor-cine-agustin-diaz-yanes_1_12629625.html\" data-mrf-recirculation=\"links-noticia\" class=\"link\" rel=\"nofollow noopener\" target=\"_blank\">Agust\u00edn D\u00edaz Yanes<\/a> revolucion\u00f3 el cine espa\u00f1ol hace 30 a\u00f1os, cuando estren\u00f3 una \u00f3pera prima seca, violenta y contundente como Nadie hablar\u00e1 de nosotras cuando hayamos muerto, que en 1995 convirti\u00f3 a Victoria Abril en protagonista de un cine de acci\u00f3n que beb\u00eda del imaginario ca\u00f1\u00ed y demostraba que aqu\u00ed tambi\u00e9n se pod\u00eda hacer. Tano, como le llaman sus amigos, no se ha prodigado demasiado desde entonces.\n    <\/p>\n<p class=\"article-text\">\n        En este tiempo hab\u00eda dirigido solo cinco pel\u00edculas (entre ellas Alatriste) hasta que <a href=\"https:\/\/www.eldiario.es\/cultura\/cine\/sociedad-nieve-juan-antonio-bayona-desgrana-secretos-cuatro-escenas-pelicula_1_10820308.html\" data-mrf-recirculation=\"links-noticia\" class=\"link\" rel=\"nofollow noopener\" target=\"_blank\">Juan Antonio Bayona <\/a>ley\u00f3 un guion que ten\u00eda en un caj\u00f3n sin levantar y, junto a Netflix y sus productoras habituales (Sandra Hermida y Bel\u00e9n Atienza), le convencieron para hacer la que se ha convertido en su sexto filme, Un fantasma en la batalla (que ya se puede ver en la plataforma).\n    <\/p>\n","protected":false},"excerpt":{"rendered":"Agust\u00edn D\u00edaz Yanes revolucion\u00f3 el cine espa\u00f1ol hace 30 a\u00f1os, cuando estren\u00f3 una \u00f3pera prima seca, violenta y&hellip;\n","protected":false},"author":2,"featured_media":192463,"comment_status":"","ping_status":"","sticky":false,"template":"","format":"standard","meta":{"footnotes":""},"categories":[169],"tags":[30423,4095,177,6365,4083,779,146,147,25,24,2152,25514,176,175,152,1257,23,25822],"class_list":{"0":"post-192462","1":"post","2":"type-post","3":"status-publish","4":"format-standard","5":"has-post-thumbnail","7":"category-cine","8":"tag-agustin","9":"tag-batalla","10":"tag-cine","11":"tag-claves","12":"tag-desvela","13":"tag-diaz","14":"tag-entertainment","15":"tag-entretenimiento","16":"tag-es","17":"tag-espana","18":"tag-eta","19":"tag-fantasma","20":"tag-film","21":"tag-movies","22":"tag-netflix","23":"tag-pelicula","24":"tag-spain","25":"tag-yanes"},"share_on_mastodon":{"url":"https:\/\/pubeurope.com\/@es\/115414479945890310","error":""},"_links":{"self":[{"href":"https:\/\/www.europesays.com\/es\/wp-json\/wp\/v2\/posts\/192462","targetHints":{"allow":["GET"]}}],"collection":[{"href":"https:\/\/www.europesays.com\/es\/wp-json\/wp\/v2\/posts"}],"about":[{"href":"https:\/\/www.europesays.com\/es\/wp-json\/wp\/v2\/types\/post"}],"author":[{"embeddable":true,"href":"https:\/\/www.europesays.com\/es\/wp-json\/wp\/v2\/users\/2"}],"replies":[{"embeddable":true,"href":"https:\/\/www.europesays.com\/es\/wp-json\/wp\/v2\/comments?post=192462"}],"version-history":[{"count":0,"href":"https:\/\/www.europesays.com\/es\/wp-json\/wp\/v2\/posts\/192462\/revisions"}],"wp:featuredmedia":[{"embeddable":true,"href":"https:\/\/www.europesays.com\/es\/wp-json\/wp\/v2\/media\/192463"}],"wp:attachment":[{"href":"https:\/\/www.europesays.com\/es\/wp-json\/wp\/v2\/media?parent=192462"}],"wp:term":[{"taxonomy":"category","embeddable":true,"href":"https:\/\/www.europesays.com\/es\/wp-json\/wp\/v2\/categories?post=192462"},{"taxonomy":"post_tag","embeddable":true,"href":"https:\/\/www.europesays.com\/es\/wp-json\/wp\/v2\/tags?post=192462"}],"curies":[{"name":"wp","href":"https:\/\/api.w.org\/{rel}","templated":true}]}}