{"id":192474,"date":"2025-10-21T22:27:08","date_gmt":"2025-10-21T22:27:08","guid":{"rendered":"https:\/\/www.europesays.com\/es\/192474\/"},"modified":"2025-10-21T22:27:08","modified_gmt":"2025-10-21T22:27:08","slug":"el-balonmano-playa-ciudad-de-malaga-hace-historia-al-levantar-la-champions","status":"publish","type":"post","link":"https:\/\/www.europesays.com\/es\/192474\/","title":{"rendered":"El Balonmano Playa Ciudad de M\u00e1laga hace historia al levantar la Champions"},"content":{"rendered":"<p>El Fundaci\u00f3n Fomento Deporte Balonmano Playa Ciudad de M\u00e1laga lleva a\u00f1os portando la bandera de la ciudad en el m\u00e1s alto nivel nacional e internacional,  &#8230; ya sea peleando por los t\u00edtulos nacionales (tienen equipos masculino y femenino), como exportando a muchos de sus talentos a la selecci\u00f3n espa\u00f1ola de esta disciplina. Sin embargo, el combinado femenino de este club jam\u00e1s logr\u00f3 un hito tan importante como este.<\/p>\n<p class=\"v-p\">Y es que, por primera vez en su historia, ha levantado el t\u00edtulo de campe\u00f3n de la Champions femenina, la mayor cita continental de clubes, en la que cada a\u00f1o se enfrentan los campeones de cada naci\u00f3n. Esta era la segunda participaci\u00f3n del Ciudad de M\u00e1laga femenino en la competici\u00f3n, tras la de 2023, donde finalmente fueron quintas. El brillante resultado de este a\u00f1o tambi\u00e9n ha pillado por sorpresa incluso a las propias jugadoras: \u00abHa sido una sorpresa, esper\u00e1bamos pelear por meternos en los cuartos de final, pero esto ha sido incre\u00edble. La semifinal fue la m\u00e1s dif\u00edcil de todas, nos enfrentamos a las ganadoras de las dos \u00faltimas Champions, jugamos con descaro, ganamos y nos plantamos en la final\u00bb, relata la capitana y entrenadora del equipo, Inma Navarrete.<\/p>\n<p class=\"v-p\">Completaron toda la competici\u00f3n con s\u00f3lo un tropiezo en la fase de grupos, ante el campe\u00f3n de Portugal, el GRD Le\u00e7a \u2013 Love Tiles y tras eliminar al combinado favorito en las semifinales, el bicampe\u00f3n dan\u00e9s The Danish Beachhandball Dream, le devolvieron la moneda a las lusas en la gran final, muy disputada, que acab\u00f3 resolvi\u00e9ndose en los &#8216;shoot-outs&#8217;. Un triunfo para la historia del club y del balonmano-playa espa\u00f1ol.<\/p>\n<p class=\"v-p\">Adem\u00e1s, Sonora Solano fue reconocida como la &#8216;Mejor Portera&#8217; del torneo. \u00abLa base es la misma de los \u00faltimos a\u00f1os, pero las m\u00e1s j\u00f3venes han crecido mucho y nos hemos consolidado a\u00fan m\u00e1s como equipo. El resultado no lo esper\u00e1bamos, pero lo hemos conseguido\u00bb, valora Solano sobre la clave del triunfo. La plantilla campeona, casi \u00edntegramente malague\u00f1a, ha estado compuesta por estos nombres: Sonora Solano, Navarrete, Eva G\u00f3mez, Antonella Ruocco, Guiliana Ruocco, Marina Pacheco, Malena D\u00edaz, Cayetana Mart\u00edn, Mariam Gonz\u00e1lez, Adriana Jim\u00e9nez, Valeria Fern\u00e1ndez, Emma franjul, Mar\u00eda Trujillo y Ariadna V\u00e1zquez.<\/p>\n","protected":false},"excerpt":{"rendered":"El Fundaci\u00f3n Fomento Deporte Balonmano Playa Ciudad de M\u00e1laga lleva a\u00f1os portando la bandera de la ciudad en&hellip;\n","protected":false},"author":2,"featured_media":192475,"comment_status":"","ping_status":"","sticky":false,"template":"","format":"standard","meta":{"footnotes":""},"categories":[278],"tags":[376,11681,777,168,25,24,375,448,33610,3855,776,23,167],"class_list":{"0":"post-192474","1":"post","2":"type-post","3":"status-publish","4":"format-standard","5":"has-post-thumbnail","7":"category-balonmano","8":"tag-balonmano","9":"tag-champions","10":"tag-ciudad","11":"tag-deportes","12":"tag-es","13":"tag-espana","14":"tag-handball","15":"tag-historia","16":"tag-levantar","17":"tag-malaga","18":"tag-playa","19":"tag-spain","20":"tag-sports"},"share_on_mastodon":{"url":"https:\/\/pubeurope.com\/@es\/115414515269635414","error":""},"_links":{"self":[{"href":"https:\/\/www.europesays.com\/es\/wp-json\/wp\/v2\/posts\/192474","targetHints":{"allow":["GET"]}}],"collection":[{"href":"https:\/\/www.europesays.com\/es\/wp-json\/wp\/v2\/posts"}],"about":[{"href":"https:\/\/www.europesays.com\/es\/wp-json\/wp\/v2\/types\/post"}],"author":[{"embeddable":true,"href":"https:\/\/www.europesays.com\/es\/wp-json\/wp\/v2\/users\/2"}],"replies":[{"embeddable":true,"href":"https:\/\/www.europesays.com\/es\/wp-json\/wp\/v2\/comments?post=192474"}],"version-history":[{"count":0,"href":"https:\/\/www.europesays.com\/es\/wp-json\/wp\/v2\/posts\/192474\/revisions"}],"wp:featuredmedia":[{"embeddable":true,"href":"https:\/\/www.europesays.com\/es\/wp-json\/wp\/v2\/media\/192475"}],"wp:attachment":[{"href":"https:\/\/www.europesays.com\/es\/wp-json\/wp\/v2\/media?parent=192474"}],"wp:term":[{"taxonomy":"category","embeddable":true,"href":"https:\/\/www.europesays.com\/es\/wp-json\/wp\/v2\/categories?post=192474"},{"taxonomy":"post_tag","embeddable":true,"href":"https:\/\/www.europesays.com\/es\/wp-json\/wp\/v2\/tags?post=192474"}],"curies":[{"name":"wp","href":"https:\/\/api.w.org\/{rel}","templated":true}]}}