{"id":192484,"date":"2025-10-21T22:34:16","date_gmt":"2025-10-21T22:34:16","guid":{"rendered":"https:\/\/www.europesays.com\/es\/192484\/"},"modified":"2025-10-21T22:34:16","modified_gmt":"2025-10-21T22:34:16","slug":"he-perdido-mucho-peso-necesito-unas-semanas-mas-de-recuperacion","status":"publish","type":"post","link":"https:\/\/www.europesays.com\/es\/192484\/","title":{"rendered":"He perdido mucho peso&#8230; necesito unas semanas m\u00e1s de recuperaci\u00f3n"},"content":{"rendered":"<p class=\"c-paragraph\">El espa\u00f1ol <b>\u00c1lex Mumbr\u00fa<\/b>, seleccionador masculino de baloncesto de Alemania, cree que necesita \u00abunas dos semanas m\u00e1s\u00bb para recuperarse completamente de la pancreatitis que sufri\u00f3 los d\u00edas previos al Eurobasket del pasado verano y por la que ha estado un mes hospitalizado en Barcelona, tras haberlo estado tambi\u00e9n durante el torneo continental que conquist\u00f3 su equipo, al que elogi\u00f3 por haber jugado y luchado de forma \u00abincre\u00edble\u00bb.<\/p>\n<p class=\"c-paragraph\">\u00abMe siento mejor despu\u00e9s de un mes en el hospital. Perd\u00ed mucho peso, pero ya me siento mejor. Ya estoy en casa y creo que necesito unas dos semanas m\u00e1s para recuperarme del todo. Estoy bien, pero a\u00fan no estoy perfecto. <b>No tengo tanto tiempo porque se acerca la ventana para nuestros pr\u00f3ximos partidos<\/b>\u00ab, se\u00f1al\u00f3 Mumbr\u00fa en una entrevista publicada este martes por la Federaci\u00f3n Alemana de Baloncesto.<\/p>\n<p class=\"c-paragraph\">Ahora, el exjugador, que abandon\u00f3 el hospital de Barcelona el pasado fin de semana, est\u00e1 \u00abhablando con algunos jugadores\u00bb de cara a preparar la pr\u00f3xima ventana de clasificaci\u00f3n para el Mundial de 2027 y poder configurar \u00abuna lista de jugadores elegibles\u00bb. \u00abLuego jugaremos contra Israel y en Chipre. Es muy importante que estemos listos para entonces\u00bb, advirti\u00f3.<\/p>\n<p class=\"c-paragraph\">El catal\u00e1n no desconect\u00f3 del baloncesto en su tiempo en el hospital. \u00abVi todos los partidos en el hospital y tambi\u00e9n estudi\u00e9 muchas estad\u00edsticas, tuve mucho tiempo para eso en el hospital. <b>Me ocup\u00e9 de todo lo importante para las pr\u00f3ximas semanas<\/b>. Tambi\u00e9n pens\u00e9 en el futuro lejano, en los jugadores j\u00f3venes que podr\u00edan unirse al equipo\u00bb, detall\u00f3.<\/p>\n<p class=\"c-paragraph\">Ahora, espera estar listo para volver al banquillo de la actual campeona del mundo y de Europa. \u00abSupongo que s\u00ed y lo dar\u00e9 todo. Intento estar al cien por cien, pero<b> ahora mismo, estoy progresando d\u00eda a d\u00eda<\/b>. Creo que me sentir\u00e9 bien en un mes y entonces tendremos una situaci\u00f3n perfecta\u00bb, subray\u00f3 \u00c1lex Mumbr\u00fa.<\/p>\n<p class=\"c-paragraph\">El entrenador espa\u00f1ol confiesa que fue \u00abmuy duro\u00bb no poder celebrar el oro continental \u00abcon el equipo\u00bb. \u00abPero estoy muy orgulloso de mis jugadores, de todo el cuerpo t\u00e9cnico y de la federaci\u00f3n. Estoy muy, muy orgulloso de los jugadores, habl\u00e9 con ellos despu\u00e9s de ganar la medalla de oro y es incre\u00edble c\u00f3mo jugamos, c\u00f3mo luchamos\u00bb, admiti\u00f3.<\/p>\n<p class=\"c-paragraph\">\u00abSomos un equipo muy especial y, para ser sincero, me considero muy afortunado de poder trabajar con gente tan incre\u00edble. No solo con los jugadores, sino tambi\u00e9n con todos los que trabajan para m\u00ed y para la federaci\u00f3n. No solo habl\u00e9 con los doce jugadores que estuvieron en el Eurobasket sino tambi\u00e9n con otros que demuestran repetidamente su compromiso con nuestro equipo. <b>Pens\u00e9 mucho en ellos cuando ganamos el oro, este compromiso es lo realmente incre\u00edble para m\u00ed<\/b>\u00ab, sentenci\u00f3 el seleccionador alem\u00e1n.<\/p>\n","protected":false},"excerpt":{"rendered":"El espa\u00f1ol \u00c1lex Mumbr\u00fa, seleccionador masculino de baloncesto de Alemania, cree que necesita \u00abunas dos semanas m\u00e1s\u00bb para&hellip;\n","protected":false},"author":2,"featured_media":84949,"comment_status":"","ping_status":"","sticky":false,"template":"","format":"standard","meta":{"footnotes":""},"categories":[269],"tags":[2865,299,298,168,25,24,1058,25164,23,167,575,53688],"class_list":{"0":"post-192484","1":"post","2":"type-post","3":"status-publish","4":"format-standard","5":"has-post-thumbnail","7":"category-baloncesto","8":"tag-alex","9":"tag-baloncesto","10":"tag-basketball","11":"tag-deportes","12":"tag-es","13":"tag-espana","14":"tag-final","15":"tag-mumbru","16":"tag-spain","17":"tag-sports","18":"tag-tras","19":"tag-vislumbra"},"share_on_mastodon":{"url":"https:\/\/pubeurope.com\/@es\/115414542971890777","error":""},"_links":{"self":[{"href":"https:\/\/www.europesays.com\/es\/wp-json\/wp\/v2\/posts\/192484","targetHints":{"allow":["GET"]}}],"collection":[{"href":"https:\/\/www.europesays.com\/es\/wp-json\/wp\/v2\/posts"}],"about":[{"href":"https:\/\/www.europesays.com\/es\/wp-json\/wp\/v2\/types\/post"}],"author":[{"embeddable":true,"href":"https:\/\/www.europesays.com\/es\/wp-json\/wp\/v2\/users\/2"}],"replies":[{"embeddable":true,"href":"https:\/\/www.europesays.com\/es\/wp-json\/wp\/v2\/comments?post=192484"}],"version-history":[{"count":0,"href":"https:\/\/www.europesays.com\/es\/wp-json\/wp\/v2\/posts\/192484\/revisions"}],"wp:featuredmedia":[{"embeddable":true,"href":"https:\/\/www.europesays.com\/es\/wp-json\/wp\/v2\/media\/84949"}],"wp:attachment":[{"href":"https:\/\/www.europesays.com\/es\/wp-json\/wp\/v2\/media?parent=192484"}],"wp:term":[{"taxonomy":"category","embeddable":true,"href":"https:\/\/www.europesays.com\/es\/wp-json\/wp\/v2\/categories?post=192484"},{"taxonomy":"post_tag","embeddable":true,"href":"https:\/\/www.europesays.com\/es\/wp-json\/wp\/v2\/tags?post=192484"}],"curies":[{"name":"wp","href":"https:\/\/api.w.org\/{rel}","templated":true}]}}