{"id":192496,"date":"2025-10-21T22:43:09","date_gmt":"2025-10-21T22:43:09","guid":{"rendered":"https:\/\/www.europesays.com\/es\/192496\/"},"modified":"2025-10-21T22:43:09","modified_gmt":"2025-10-21T22:43:09","slug":"diferencias-en-los-efectos-secundarios-de-30-antidepresivos","status":"publish","type":"post","link":"https:\/\/www.europesays.com\/es\/192496\/","title":{"rendered":"Diferencias en los efectos secundarios de 30 antidepresivos"},"content":{"rendered":"<p lang=\"EN-US\" xml:lang=\"EN-US\">Se trata de un trabajo metodol\u00f3gicamente muy s\u00f3lido, con una muestra amplia y autores de gran prestigio y reconocida experiencia en metaan\u00e1lisis en red y psicofarmacolog\u00eda. La calidad de los datos y el rigor estad\u00edstico permiten establecer comparaciones fiables y v\u00e1lidas entre diferentes antidepresivos, algo poco habitual en la literatura previa, muy centrada en par\u00e1metros o antidepresivos espec\u00edficos. Este estudio aporta una visi\u00f3n integral y actualizada sobre los efectos fisiol\u00f3gicos de una amplia gama de antidepresivos, en especial, los par\u00e1metros cardiometab\u00f3licos, lo que constituye una importante novedad y un avance respecto a estudios previos m\u00e1s parciales o centrados en un solo f\u00e1rmaco o par\u00e1metro.\u00a0<\/p>\n<p lang=\"EN-US\" xml:lang=\"EN-US\">En la pr\u00e1ctica cl\u00ednica de nuestro \u00e1mbito en Espa\u00f1a, los resultados son de enorme relevancia, ya que permiten orientar la prescripci\u00f3n de antidepresivos de forma m\u00e1s personalizada, considerando las patolog\u00edas y comorbilidades som\u00e1ticas de cada paciente, especialmente las cardiovasculares y metab\u00f3licas, que son, adem\u00e1s, una de las principales preocupaciones en cuanto a efectos adversos de los pacientes. Este tipo de evidencia facilita la toma de decisiones compartidas entre cl\u00ednico y paciente, permitiendo sopesar con mayor precisi\u00f3n el balance riesgo\u2013beneficio de cada tratamiento.<\/p>\n","protected":false},"excerpt":{"rendered":"Se trata de un trabajo metodol\u00f3gicamente muy s\u00f3lido, con una muestra amplia y autores de gran prestigio y&hellip;\n","protected":false},"author":2,"featured_media":192497,"comment_status":"","ping_status":"","sticky":false,"template":"","format":"standard","meta":{"footnotes":""},"categories":[92],"tags":[2378,25,24,11291,165,5697,166,4474,23],"class_list":{"0":"post-192496","1":"post","2":"type-post","3":"status-publish","4":"format-standard","5":"has-post-thumbnail","7":"category-salud","8":"tag-depresion","9":"tag-es","10":"tag-espana","11":"tag-farmacologia","12":"tag-health","13":"tag-psiquiatria","14":"tag-salud","15":"tag-salud-mental","16":"tag-spain"},"share_on_mastodon":{"url":"https:\/\/pubeurope.com\/@es\/115414578297412841","error":""},"_links":{"self":[{"href":"https:\/\/www.europesays.com\/es\/wp-json\/wp\/v2\/posts\/192496","targetHints":{"allow":["GET"]}}],"collection":[{"href":"https:\/\/www.europesays.com\/es\/wp-json\/wp\/v2\/posts"}],"about":[{"href":"https:\/\/www.europesays.com\/es\/wp-json\/wp\/v2\/types\/post"}],"author":[{"embeddable":true,"href":"https:\/\/www.europesays.com\/es\/wp-json\/wp\/v2\/users\/2"}],"replies":[{"embeddable":true,"href":"https:\/\/www.europesays.com\/es\/wp-json\/wp\/v2\/comments?post=192496"}],"version-history":[{"count":0,"href":"https:\/\/www.europesays.com\/es\/wp-json\/wp\/v2\/posts\/192496\/revisions"}],"wp:featuredmedia":[{"embeddable":true,"href":"https:\/\/www.europesays.com\/es\/wp-json\/wp\/v2\/media\/192497"}],"wp:attachment":[{"href":"https:\/\/www.europesays.com\/es\/wp-json\/wp\/v2\/media?parent=192496"}],"wp:term":[{"taxonomy":"category","embeddable":true,"href":"https:\/\/www.europesays.com\/es\/wp-json\/wp\/v2\/categories?post=192496"},{"taxonomy":"post_tag","embeddable":true,"href":"https:\/\/www.europesays.com\/es\/wp-json\/wp\/v2\/tags?post=192496"}],"curies":[{"name":"wp","href":"https:\/\/api.w.org\/{rel}","templated":true}]}}