{"id":192504,"date":"2025-10-21T22:48:08","date_gmt":"2025-10-21T22:48:08","guid":{"rendered":"https:\/\/www.europesays.com\/es\/192504\/"},"modified":"2025-10-21T22:48:08","modified_gmt":"2025-10-21T22:48:08","slug":"un-tecnico-de-la-mesa-de-belate-admite-que-el-presidente-blindado-por-chivite-le-presiono-para-favorecer-a-la-ute-de-santos-cerdan-con-76-millones-el-mundo","status":"publish","type":"post","link":"https:\/\/www.europesays.com\/es\/192504\/","title":{"rendered":"Un t\u00e9cnico de la mesa de Belate admite que el presidente blindado por Chivite le presion\u00f3 para favorecer a la UTE de Santos Cerd\u00e1n con 76 millones &#8211; El Mundo"},"content":{"rendered":"<ol>\n<li><a href=\"https:\/\/news.google.com\/rss\/articles\/CBMiekFVX3lxTFBkR01JejlWb01mMUlCbGNfYUtRODZXOHV1ZEZnZnJwai1GQWpxY3AtOFMzNGdOcFdOSkpDM3hoMWpENmZBb0E0WnFUeHBOT1gzME55Tmp1NEdHdkxKb0t4Vy1hTzNFakFrRWtkRzFyOGEtNW14alBNNnNB0gF6QVVfeXFMT19uY3ZreHJrcFpyVkhvTVI4WlpNbHJRQlVhZkQyQXVHVnFiaG9sWFUwSUwtdGFRUFdVRk1HYkF2OGxTM1hCTTRmdXJhbGNBcVZKclljRTlMdmhELU5QNWdydFFKOGVTeUdCU2ZXMFFhM0FPTklkeFdtSmc?oc=5\" target=\"_blank\" rel=\"nofollow noopener\">Un t\u00e9cnico de la mesa de Belate admite que el presidente blindado por Chivite le presion\u00f3 para favorecer a la UTE de Santos Cerd\u00e1n con 76 millones<\/a>&nbsp;&nbsp;El Mundo<\/li>\n<li><a href=\"https:\/\/news.google.com\/rss\/articles\/CBMiqwFBVV95cUxNVXdaOXJmajhVZWRKQmJkeGVuek51SW5TYlZ5YlF4NGxPNkk1aS1pWVJIVWtPSzFrR1pWNG5hc0plbXlIbU9kVlZUZTQyNGgzVTZfTlo2TVR4azR1aHNmT2hkZm1Gb2ROQzVnSTZ3YWNsLWs3SEtpOWNjNlVGVzd5aDZhWnk1V250OWUxLTkwQXg0U0RWYUo1NEFTX1d2NFVPWW9JNU1zRDh6cDg?oc=5\" target=\"_blank\" rel=\"nofollow noopener\">Un t\u00e9cnico de la mesa que adjudic\u00f3 la mayor obra a Servinabar admite presiones del funcionario blindado por Chivite<\/a>&nbsp;&nbsp;ABC<\/li>\n<li><a href=\"https:\/\/news.google.com\/rss\/articles\/CBMi5AFBVV95cUxPQndaVzl0Mndhd0trYWVQLUtPUm9aTXVlOEZSUzhQTjlad3l1RzYyYTY1QjZRam9GNFpfSzJkcGdWUHFEX3dqQkUxVmx5NGdlS3FWVHUzN2JfTjhWcnF6U19qWE1fLWhTdWtiN0JkcEwwcFMzam1QbVFaNjY4UFFucEVmdEUySWlYb3dEanFaR3pLUnhXd1FhR1dhcFp2RDhZOGIwbDVtX05aUmpacmxqNktsMzlFVGl0ejl3cjBYV2JhTzdYZTZFTjNGbU93NjU5UnZPYUt1QXc3WllpRlN6SEMtMzQ?oc=5\" target=\"_blank\" rel=\"nofollow noopener\">V\u00eddeo: Jes\u00fas Polo afirm\u00f3 que el incidente con el ingeniero Guillermo Vallejo no tuvo nada que ver con Belate<\/a>&nbsp;&nbsp;Diario de Navarra<\/li>\n<li><a href=\"https:\/\/news.google.com\/rss\/articles\/CBMi5wFBVV95cUxQUXliOG9QWUp3V0NIOVJxU252XzdGeGhsMGNzVV9LYUQtWXBpbmNZMGRzeU00cXNRdGRjWlFhRVZXX2VneHhyMUJUY21Xcm5MTmNHeTRlbWtFcFhYandPdTF2NUd6TWZ4eUZPcHZZMXA4MzI4ckxvNTNYMktQQ0VEeVlnYlV4dklOckdGTzQ3RVdzRHZhR19lMWtwVzlnVFFrbTlQVU1IdnBrVHBWTUUteWFSdVB6SVFwUW4zdEdFUmtSaENpaWlUMVp6RUg2SzNMNHA2NE9BTElxN2FKVk9xMUY2Snd4UjTSAewBQVVfeXFMTVZKb0FCRExHY2FIRFhzUnlscWRISEpQeFdxUGpJMmlJdWwzXzZNRTVwMmNNRkhXM21IcXd4UU1XY05BTlVreFpJdVRIVFlIS2ttTkJSNHNHdFhMdzdBbTUxWDJ2cDZRTTNVUGY4bmtQLU9IZVRYSzRaS1NaTWlGeHRKNWpxVlNtM05zUGEwYjlSc2o1YTdDTzZ6eDAydDYzcjV4cFEyV2tvLVJWTlVlMzh4b0s1bHFpNS1ZWm9oblo3emxqazk0cTR2SWZnRjg3bS1lRFMwakRqaTVmOGxyUFd3OU9ld2QyV3B3a0I?oc=5\" target=\"_blank\" rel=\"nofollow noopener\">Un vocal de Belate dice que el presidente de la mesa le pidi\u00f3 que revisara su puntuaci\u00f3n y que no lo hizo<\/a>&nbsp;&nbsp;La Vanguardia<\/li>\n<li><a href=\"https:\/\/news.google.com\/rss\/articles\/CBMimAJBVV95cUxQdmw3MUt2VXlJOW9WVXMyMHpxVDltSnVLa0FZblFUT0llNHYwLUFfZUpyaXA3cV9NWWpHVHU2MlJ0MFAxU1FqdUE4OXk2V2N6OFRJLVc5YUhvbTR0UklZMEJGUHZJTDhvQktaUElUNTQ5ZnJ6amctcmRCeVZYWmlVNXdCYnRfWWJmb2lTTmE5T0ZxelN3VGlLZEo4MV8tUFJHZlRyTGYyc0o2blBzdElUY2ZpeEpiUHY5bko0endGRlV6ZkxicUVhYUlyRElScTBRcl80S1duU2g5ZlIwZWVWV0RMN2hKa19sOGZGTEVXNk51T3RNMFZ0cWZFTE5LQ0lyamxSNW5mRHktaXRLYVZWempfUDI2bDhN0gGYAkFVX3lxTFAwS250RUZTeG1EZHJTUW1KMXBfb0xrVWVSekhsM19mazltZkF5ckxsVnAtQ3gzdUVZYk5SWFFkZThwLU0wc1E1ZXl1RGpXQlRTVzJ1a0lmOG1MMUZ4YkVHTlJQQXp2bi05RkdWQWpneHVDM1M4TnhYdTBiYjNPaHZlcnQxWGVDcWxkZDlnTnFCNUoyV0JWVk9SMDVja2NiVG8wVmhqVEhCVlhHbmU1akhmT1VwbHhlek5UYmlHWlJkcU9Dd1FQRVdYWHFlT0t0MmIxSHBpM3IzWkNWTVBaZ0tzQzlnLTB6Ym5uM1lreUpWcE5LNEZnQ05PODhWaWZoOFB1SFJzQ3JCT2hiWkpmUHVWVEN0Z0V4b0Q?oc=5\" target=\"_blank\" rel=\"nofollow noopener\">El vocal de Belate, Guillermo Vallejo, afirma que el presidente de la mesa le pidi\u00f3 que revisase sus<\/a>&nbsp;&nbsp;Onda Cero<\/li>\n<\/ol>\n","protected":false},"excerpt":{"rendered":"Un t\u00e9cnico de la mesa de Belate admite que el presidente blindado por Chivite le presion\u00f3 para favorecer&hellip;\n","protected":false},"author":2,"featured_media":192505,"comment_status":"","ping_status":"","sticky":false,"template":"","format":"standard","meta":{"footnotes":""},"categories":[8],"tags":[17,18,25,24,13,14,11,5610,5611,19,20,52208,9,10,15,16,8411,23,12,21,22],"class_list":{"0":"post-192504","1":"post","2":"type-post","3":"status-publish","4":"format-standard","5":"has-post-thumbnail","7":"category-espana","8":"tag-breaking-news","9":"tag-breakingnews","10":"tag-es","11":"tag-espana","12":"tag-featured-news","13":"tag-featurednews","14":"tag-headlines","15":"tag-jose-luis-abalos","16":"tag-koldo-garcia","17":"tag-latest-news","18":"tag-latestnews","19":"tag-maria-chivite","20":"tag-news","21":"tag-noticias","22":"tag-noticias-destacadas","23":"tag-noticiasdestacadas","24":"tag-santos-cerdan","25":"tag-spain","26":"tag-titulares","27":"tag-ultimas-noticias","28":"tag-ultimasnoticias"},"share_on_mastodon":{"url":"https:\/\/pubeurope.com\/@es\/115414597963915935","error":""},"_links":{"self":[{"href":"https:\/\/www.europesays.com\/es\/wp-json\/wp\/v2\/posts\/192504","targetHints":{"allow":["GET"]}}],"collection":[{"href":"https:\/\/www.europesays.com\/es\/wp-json\/wp\/v2\/posts"}],"about":[{"href":"https:\/\/www.europesays.com\/es\/wp-json\/wp\/v2\/types\/post"}],"author":[{"embeddable":true,"href":"https:\/\/www.europesays.com\/es\/wp-json\/wp\/v2\/users\/2"}],"replies":[{"embeddable":true,"href":"https:\/\/www.europesays.com\/es\/wp-json\/wp\/v2\/comments?post=192504"}],"version-history":[{"count":0,"href":"https:\/\/www.europesays.com\/es\/wp-json\/wp\/v2\/posts\/192504\/revisions"}],"wp:featuredmedia":[{"embeddable":true,"href":"https:\/\/www.europesays.com\/es\/wp-json\/wp\/v2\/media\/192505"}],"wp:attachment":[{"href":"https:\/\/www.europesays.com\/es\/wp-json\/wp\/v2\/media?parent=192504"}],"wp:term":[{"taxonomy":"category","embeddable":true,"href":"https:\/\/www.europesays.com\/es\/wp-json\/wp\/v2\/categories?post=192504"},{"taxonomy":"post_tag","embeddable":true,"href":"https:\/\/www.europesays.com\/es\/wp-json\/wp\/v2\/tags?post=192504"}],"curies":[{"name":"wp","href":"https:\/\/api.w.org\/{rel}","templated":true}]}}