{"id":192508,"date":"2025-10-21T22:50:15","date_gmt":"2025-10-21T22:50:15","guid":{"rendered":"https:\/\/www.europesays.com\/es\/192508\/"},"modified":"2025-10-21T22:50:15","modified_gmt":"2025-10-21T22:50:15","slug":"nueva-era-en-la-champions-de-balonmano","status":"publish","type":"post","link":"https:\/\/www.europesays.com\/es\/192508\/","title":{"rendered":"Nueva era en la Champions de balonmano"},"content":{"rendered":"<p class=\"\">La <a href=\"https:\/\/as.com\/masdeporte\/balonmano\/\" target=\"_self\" rel=\"nofollow noopener\" title=\"https:\/\/as.com\/masdeporte\/balonmano\/\"><b>Liga de Campeones de balonmano<\/b><\/a> pasar\u00e1 de los diecis\u00e9is equipos que compiten actualmente a 24 a partir de la temporada 2026-2027, seg\u00fan el <b>nuevo formato de competici\u00f3n <\/b>aprobado este martes por el comit\u00e9 ejecutivo de la Federaci\u00f3n Europea (EHF) en Viena. Seg\u00fan explic\u00f3 la EHF en una nota de prensa, la reforma es el resultado de un \u201cprofundo proceso de debate\u201d en el que han participado los \u201cprincipales actores\u201d del balonmano europeo como los clubes, las ligas y las federaciones.<\/p>\n<p class=\"\">Con el nuevo formato, la m\u00e1xima competici\u00f3n continental pasar\u00e1 de contar en su primera fase con dos grupos de ocho equipos cada uno a <b>contar con seis grupos de cuatro equipos, que se enfrentar\u00e1n en formato de liga <\/b>todos contra todos. Los dos primeros clasificados de cada grupo se clasificar\u00e1n para la segunda fase, mientras que los equipos que concluyan en tercera y cuarta posici\u00f3n pasar\u00e1n a disputar la Liga Europea, la segunda competici\u00f3n continental.<\/p>\n<p class=\"\">Los doce equipos clasificados para la segunda fase se dividir\u00e1n en dos grupos de seis, que se enfrentar\u00e1n, al igual que en la primera ronda, en partidos de ida y vuelta todos contra todos. Los <b>cuatro primeros clasificados de cada grupo acceder\u00e1n a los cuartos de final de los que saldr\u00e1n los cuatro equipos que disputar\u00e1n la FINAL4 en Colonia, <\/b>que acoger\u00e1 la fase final de la Liga de Campeones al menos hasta 2029, seg\u00fan el \u00faltimo acuerdo alcanzado entre la ciudad alemana y la EHF.<\/p>\n<p class=\"\">Por su parte, los dos equipos que concluyan en quinta pasar\u00e1n a disputar los octavos de final de la Liga Europea, mientras que los conjuntos que concluyan en sexta posici\u00f3n se despedir\u00e1n de las competiciones continentales.<\/p>\n<p>La Liga Europea tambi\u00e9n estrenar\u00e1 formato<\/p>\n<p class=\"\">El nuevo formato de competici\u00f3n de la Liga de Campeones vendr\u00e1 acompa\u00f1ado de una reforma de la <b>segunda competici\u00f3n continental, la Liga Europea, que arrancar\u00e1 directamente con 32 equipos,<\/b> tras eliminarse la actual ronda previa de clasificaci\u00f3n. <\/p>\n<p class=\"\">Los dos primeros clasificados de cada grupo disputar\u00e1n una eliminatoria a ida y vuelta junto con los doce equipos que no lograron superar la primera fase de la Liga de Campeones. Los <b>ganadores de estos cruces, un total de catorce equipos, acceder\u00e1n a los octavos de final, a los que se sumar\u00e1n tambi\u00e9n los dos equipos que concluyeron en quinta posici\u00f3n<\/b> en cada uno de los dos grupos de la segunda fase de la Liga de Campeones. Una ronda de la que saldr\u00e1n los ocho equipos que se jugar\u00e1n en los cuartos de final los cuatro billetes en juego para la fase final de la Liga Europea. <\/p>\n<p class=\"\"><b>\u201cNuestro objetivo era mejorar el producto, conservando los mejores elementos de los formatos existentes\u201d, se\u00f1al\u00f3 el presidente de la Federaci\u00f3n Europea, Michael Wiederer. <\/b>\u201cAumentamos el n\u00famero de participantes, los mejores clubes mantienen el mismo n\u00famero de partidos en casa contra otros clubes de \u00e9lite, hay una jornada menos por jugar en una primavera ya de por s\u00ed ajetreada y reforzamos a\u00fan m\u00e1s la Liga Europea con equipos procedentes de la Liga de Campeones\u201d, a\u00f1adi\u00f3 el m\u00e1ximo dirigente del balonmano europeo.<\/p>\n<p>Noticias relacionadas<\/p>\n<p class=\"\">Una reforma de las competiciones continentales que, como anunci\u00f3 la EHF, se llevar\u00e1 a cabo en la <b>categor\u00eda femenina para el inicio de la temporada 2027-2028.<\/b><\/p>\n<p class=\"\"><b>\u00a1Tus opiniones importan!<\/b> Comenta en los art\u00edculos y suscr\u00edbete gratis a nuestra <a href=\"https:\/\/asfan.as.com\/newsletters\/\" target=\"_blank\" rel=\"nofollow noopener\" title=\"https:\/\/asfan.as.com\/newsletters\/\">newsletter<\/a> y a las alertas informativas en la <a href=\"https:\/\/as.com\/aplicacion-de-as-n\/\" target=\"_blank\" rel=\"nofollow noopener\" title=\"https:\/\/as.com\/aplicacion-de-as-n\/\">App<\/a> o el canal de <a href=\"https:\/\/www.whatsapp.com\/channel\/0029VaAasdA7j6g745nz9M10\" target=\"_blank\" rel=\"nofollow noopener\" title=\"https:\/\/www.whatsapp.com\/channel\/0029VaAasdA7j6g745nz9M10\">WhatsApp<\/a>. \u00bfBuscas licenciar contenido? Haz clic <a href=\"https:\/\/profesional.elpais.com\/soluciones-sindicacion?utm_medium=interno&amp;utm_source=crosslinking&amp;utm_campaign=sindicacion_as_pie_articulos\" target=\"_blank\" rel=\"nofollow noopener\" title=\"https:\/\/profesional.elpais.com\/soluciones-sindicacion?utm_medium=interno&amp;utm_source=crosslinking&amp;utm_campaign=sindicacion_as_pie_articulos\">aqu\u00ed<\/a><\/p>\n","protected":false},"excerpt":{"rendered":"La Liga de Campeones de balonmano pasar\u00e1 de los diecis\u00e9is equipos que compiten actualmente a 24 a partir&hellip;\n","protected":false},"author":2,"featured_media":192509,"comment_status":"","ping_status":"","sticky":false,"template":"","format":"standard","meta":{"footnotes":""},"categories":[278],"tags":[376,168,25,24,375,23,167],"class_list":{"0":"post-192508","1":"post","2":"type-post","3":"status-publish","4":"format-standard","5":"has-post-thumbnail","7":"category-balonmano","8":"tag-balonmano","9":"tag-deportes","10":"tag-es","11":"tag-espana","12":"tag-handball","13":"tag-spain","14":"tag-sports"},"share_on_mastodon":{"url":"https:\/\/pubeurope.com\/@es\/115414605683388810","error":""},"_links":{"self":[{"href":"https:\/\/www.europesays.com\/es\/wp-json\/wp\/v2\/posts\/192508","targetHints":{"allow":["GET"]}}],"collection":[{"href":"https:\/\/www.europesays.com\/es\/wp-json\/wp\/v2\/posts"}],"about":[{"href":"https:\/\/www.europesays.com\/es\/wp-json\/wp\/v2\/types\/post"}],"author":[{"embeddable":true,"href":"https:\/\/www.europesays.com\/es\/wp-json\/wp\/v2\/users\/2"}],"replies":[{"embeddable":true,"href":"https:\/\/www.europesays.com\/es\/wp-json\/wp\/v2\/comments?post=192508"}],"version-history":[{"count":0,"href":"https:\/\/www.europesays.com\/es\/wp-json\/wp\/v2\/posts\/192508\/revisions"}],"wp:featuredmedia":[{"embeddable":true,"href":"https:\/\/www.europesays.com\/es\/wp-json\/wp\/v2\/media\/192509"}],"wp:attachment":[{"href":"https:\/\/www.europesays.com\/es\/wp-json\/wp\/v2\/media?parent=192508"}],"wp:term":[{"taxonomy":"category","embeddable":true,"href":"https:\/\/www.europesays.com\/es\/wp-json\/wp\/v2\/categories?post=192508"},{"taxonomy":"post_tag","embeddable":true,"href":"https:\/\/www.europesays.com\/es\/wp-json\/wp\/v2\/tags?post=192508"}],"curies":[{"name":"wp","href":"https:\/\/api.w.org\/{rel}","templated":true}]}}