{"id":192613,"date":"2025-10-22T00:09:08","date_gmt":"2025-10-22T00:09:08","guid":{"rendered":"https:\/\/www.europesays.com\/es\/192613\/"},"modified":"2025-10-22T00:09:08","modified_gmt":"2025-10-22T00:09:08","slug":"la-fiscalia-fija-en-88-millones-de-euros-el-valor-de-los-objetos-robados-en-el-louvre-cultura","status":"publish","type":"post","link":"https:\/\/www.europesays.com\/es\/192613\/","title":{"rendered":"La fiscal\u00eda fija en 88 millones de euros el valor de los objetos robados en el Louvre | Cultura"},"content":{"rendered":"<p class=\"\">La fiscal\u00eda francesa estim\u00f3 este martes los da\u00f1os <a href=\"https:\/\/www.lemonde.fr\/societe\/article\/2025\/10\/19\/le-louvre-victime-d-un-braquage-et-ferme-pour-la-journee-des-bijoux-d-une-valeur-inestimable-derobes_6648121_3225.html\" rel=\"nofollow noopener\" target=\"_blank\">causados \u200b\u200bpor las joyas robadas el domingo de la Galer\u00eda Apolo<\/a> del museo Louvre: 88 millones de euros, seg\u00fan la fiscal parisina Laure Beccuau. Una suma \u201cextremadamente espectacular\u201d, pero que \u201cno tiene parang\u00f3n ni comparaci\u00f3n con el da\u00f1o hist\u00f3rico\u201d, a\u00f1adi\u00f3 la fiscal a RTL. Estas mismas fuentes precisan que los delincuentes \u201cno ganar\u00edan\u201d esta suma \u201csi tuvieron la p\u00e9sima idea de fundir estas joyas\u201d.<\/p>\n<p class=\"\">La ministra de Cultura francesa, Rachida Dati, afirm\u00f3 en la Asamblea Nacional que \u201clos dispositivos de seguridad del museo no fallaron. La realidad es que funcionaron\u201d. Rachida Dati prefiri\u00f3 plantear el problema de la vigilancia de la v\u00eda p\u00fablica, ya que los ladrones entraron al museo por una ventana utilizando un montacargas estacionado en la calle del lado del Sena. \u201cQuiz\u00e1s deber\u00edamos preguntarnos, y esto es algo que estamos discutiendo con el ministro del Interior, pero tambi\u00e9n con el Ayuntamiento de Par\u00eds, sobre la seguridad en la v\u00eda p\u00fablica, que en ese momento no exist\u00eda\u201c, dijo.<\/p>\n<p class=\"\">\u201cLo que pas\u00f3 el domingo, no es un banal incidente. Es un ataque grave a nuestro patrimonio hist\u00f3rico\u201d, se\u00f1al\u00f3 la responsable de Cultura. Y a\u00f1adi\u00f3: \u201cSe trata de una herida para todos nosotros, porque el Louvre es la pantalla de la cultura francesa y de nuestro patrimonio\u201d. Sobre el hecho de que se conocieran <a href=\"https:\/\/elpais.com\/cultura\/2025-10-20\/un-informe-del-tribunal-de-cuentas-frances-revela-fallos-en-la-seguridad-del-museo-del-louvre.html\" target=\"_self\" rel=\"nofollow noopener\" title=\"https:\/\/elpais.com\/cultura\/2025-10-20\/un-informe-del-tribunal-de-cuentas-frances-revela-fallos-en-la-seguridad-del-museo-del-louvre.html\">los problemas potenciales de seguridad en el museo,<\/a> la ministra reconoci\u00f3 que se hab\u00edan recibido alertas desde hace \u201cmucho tiempo, dir\u00eda que demasiado tiempo\u201d. Pero a\u00f1adi\u00f3 que por eso la directora del museo, Laurence des Cars, hab\u00eda encargado auditor\u00edas de seguridad en 2022, 2023 y 2024 que hab\u00edan dado a una serie de recomendaciones que \u201cse est\u00e1n poniendo en marcha\u201d.<\/p>\n<p class=\"\">Tambi\u00e9n habl\u00f3 de la reestructuraci\u00f3n de los centros de control de seguridad, con la creaci\u00f3n de uno central, y de las redes de fibra \u00f3ptica y de inform\u00e1tica, lo que supone instalar \u201ckil\u00f3metros de cable\u201d y que igualmente es algo que se est\u00e1 haciendo. La ministra destac\u00f3 que eso lleva su tiempo por dos razones: porque las normas de un edificio patrimonial como es el Louvre imponen procedimientos en muchos casos m\u00e1s complejos, pero tambi\u00e9n por las reglas de los concursos p\u00fablicos, que necesitan meses de procedimiento antes de que puedan iniciarse las obras. Sobre las responsabilidades potenciales, Dati afirm\u00f3 que una vez que se tengan las conclusiones de las investigaciones, \u201csi hay que tomar medidas se tomar\u00e1n y sacaremos las consecuencias\u201d.<\/p>\n<p class=\"\">El pasado domingo, cuatro encapuchados accedieron por una escalera a la galer\u00eda de Apolo, rompieron las vitrinas y sustrajeron las joyas de <a href=\"https:\/\/elpais.com\/noticias\/napoleon-bonaparte\/\" rel=\"nofollow noopener\" title=\"https:\/\/elpais.com\/noticias\/napoleon-bonaparte\/\" target=\"_blank\">Napole\u00f3n Bonaparte<\/a>, Napole\u00f3n III y la emperatriz Eugenia de Montijo. El ministro de Justicia franc\u00e9s, <a href=\"https:\/\/elpais.com\/internacional\/2020-11-22\/gerald-darmanin-el-poli-malo-de-emmanuel-macron.html\" rel=\"nofollow noopener\" title=\"https:\/\/elpais.com\/internacional\/2020-11-22\/gerald-darmanin-el-poli-malo-de-emmanuel-macron.html\" target=\"_blank\">Gerald Darmanin<\/a>, se\u00f1al\u00f3 el pasado lunes que el asalto \u201cda una imagen lamentable de Francia\u201d. \u201cPudieron aparcar un cami\u00f3n con una escalera de mudanzas en mitad de Par\u00eds, subir y en unos pocos minutos robar joyas de valor incalculable\u201d, explic\u00f3 para describir el ins\u00f3lito robo.<\/p>\n<p class=\"\">Estas son las nueve piezas robadas que ahora se ha sabido que valen 88 millones de euros:<\/p>\n<ul>\n<li><b>La diadema.\u00a0<\/b>Perteneci\u00f3 primero a la reina Hortensia, hija de Josefina (la primera esposa de Napole\u00f3n Bonaparte) y despu\u00e9s pas\u00f3 a Mar\u00eda Amenia de Borb\u00f3n-Dos Sicilias. Tiene 84 zafiros y 1083 diamantes.<\/li>\n<li><b>Un collar y dos pendientes de zafiro.<\/b>\u00a0Ambas monarcas lucen esas joyas ahora desaparecidas en muchos de los retratos de la \u00e9poca.<\/li>\n<li><b>Otro collar y los pendientes de esmeraldas de Mar\u00eda Luisa.<\/b>\u00a0Se las regal\u00f3 Napole\u00f3n Bonaparte a su segunda esposa. Tienen en conjunto 38 esmeraldas y 1.146 diamantes.<\/li>\n<li><b>La diadema de la emperatriz Eugenia.<\/b>\u00a0Es una joya que Napole\u00f3n III le regal\u00f3 en el d\u00eda de su boda. Tiene 212 perlas y 2.000 diamantes<\/li>\n<li><b>Dos broches<\/b>: el broche relicario (con 18 diamantes en forma de coraz\u00f3n) y el gran lazo de corpi\u00f1o, con una cascada de diamantes rosas.<\/li>\n<li><b>Y la corona recuperada.<\/b>\u00a0Poco despu\u00e9s del asalto se encontr\u00f3 la corona de Eugenia, compuesta por 1.354 diamantes y 56 esmeraldas, a la que se est\u00e1n evaluando los da\u00f1os despu\u00e9s de que los asaltantes la perdieran por el camino.<\/li>\n<\/ul>\n","protected":false},"excerpt":{"rendered":"La fiscal\u00eda francesa estim\u00f3 este martes los da\u00f1os causados \u200b\u200bpor las joyas robadas el domingo de la Galer\u00eda&hellip;\n","protected":false},"author":2,"featured_media":192614,"comment_status":"","ping_status":"","sticky":false,"template":"","format":"standard","meta":{"footnotes":""},"categories":[173],"tags":[229,233,231,230,209,16765,232,234,146,147,25,24,317,30334,4016,41530,4759,11989,23],"class_list":{"0":"post-192613","1":"post","2":"type-post","3":"status-publish","4":"format-standard","5":"has-post-thumbnail","7":"category-arte-y-diseno","8":"tag-arte","9":"tag-arte-y-diseno","10":"tag-arts","11":"tag-arts-and-design","12":"tag-cultura","13":"tag-delincuencia","14":"tag-design","15":"tag-diseno","16":"tag-entertainment","17":"tag-entretenimiento","18":"tag-es","19":"tag-espana","20":"tag-francia","21":"tag-galerias-arte","22":"tag-joyas","23":"tag-museo-del-louvre","24":"tag-paris","25":"tag-robos","26":"tag-spain"},"share_on_mastodon":{"url":"https:\/\/pubeurope.com\/@es\/115414916666559131","error":""},"_links":{"self":[{"href":"https:\/\/www.europesays.com\/es\/wp-json\/wp\/v2\/posts\/192613","targetHints":{"allow":["GET"]}}],"collection":[{"href":"https:\/\/www.europesays.com\/es\/wp-json\/wp\/v2\/posts"}],"about":[{"href":"https:\/\/www.europesays.com\/es\/wp-json\/wp\/v2\/types\/post"}],"author":[{"embeddable":true,"href":"https:\/\/www.europesays.com\/es\/wp-json\/wp\/v2\/users\/2"}],"replies":[{"embeddable":true,"href":"https:\/\/www.europesays.com\/es\/wp-json\/wp\/v2\/comments?post=192613"}],"version-history":[{"count":0,"href":"https:\/\/www.europesays.com\/es\/wp-json\/wp\/v2\/posts\/192613\/revisions"}],"wp:featuredmedia":[{"embeddable":true,"href":"https:\/\/www.europesays.com\/es\/wp-json\/wp\/v2\/media\/192614"}],"wp:attachment":[{"href":"https:\/\/www.europesays.com\/es\/wp-json\/wp\/v2\/media?parent=192613"}],"wp:term":[{"taxonomy":"category","embeddable":true,"href":"https:\/\/www.europesays.com\/es\/wp-json\/wp\/v2\/categories?post=192613"},{"taxonomy":"post_tag","embeddable":true,"href":"https:\/\/www.europesays.com\/es\/wp-json\/wp\/v2\/tags?post=192613"}],"curies":[{"name":"wp","href":"https:\/\/api.w.org\/{rel}","templated":true}]}}