{"id":192615,"date":"2025-10-22T00:10:08","date_gmt":"2025-10-22T00:10:08","guid":{"rendered":"https:\/\/www.europesays.com\/es\/192615\/"},"modified":"2025-10-22T00:10:08","modified_gmt":"2025-10-22T00:10:08","slug":"el-dia-que-tamara-trottner-volvio-a-ver-a-su-padre-en-la-vida-real","status":"publish","type":"post","link":"https:\/\/www.europesays.com\/es\/192615\/","title":{"rendered":"El d\u00eda que Tamara Trottner volvi\u00f3 a ver a su padre en la vida real"},"content":{"rendered":"\n<p><a href=\"https:\/\/www.chicmagazine.com.mx\/personajes\/nadie-nos-vio-partir-que-paso-con-leo-tras-secuestrar-a-sus-hijos\" target=\"_self\" rel=\"nofollow noopener\">Tamara Trottner<\/a> ha abierto su coraz\u00f3n para compartir uno de los momentos m\u00e1s \u00edntimos y dif\u00edciles de su vida personal: el reencuentro con su padre. <strong>Despu\u00e9s de varios a\u00f1os de distanciamiento<\/strong>, la escritora mexicana decidi\u00f3 dar un paso crucial para sanar una herida familiar que arrastr\u00f3 por mucho tiempo. <\/p>\n<p>La complejidad de la separaci\u00f3n y el paso del tiempo hicieron que este reencuentro fuera particularmente emotivo y lleno de incertidumbre. <strong>\u00bfC\u00f3mo reaccionaron ambos al verse de nuevo? <\/strong>Y m\u00e1s importante, \u00bfqu\u00e9 palabras cruciales se dijeron para iniciar el camino de la sanaci\u00f3n? Te contamos los detalles del momento en que Tamara Trottner y <a href=\"https:\/\/www.chicmagazine.com.mx\/personajes\/nadie-nos-vio-partir-que-le-paso-a-los-ninos\" target=\"_self\" rel=\"nofollow noopener\">su padre<\/a> se vieron las caras, un relato que te tocar\u00e1 la fibra sensible.<\/p>\n<p class=\"font-outfit mb-4 text-center text-sm leading-[20px] font-semibold tracking-[2.80px] uppercase lg:text-[13px] lg:tracking-[2.6px]\"> Te recomendamos: <\/p>\n<p>    <img decoding=\"async\" src=\"https:\/\/cdn2.chicmagazine.com.mx\/uploads\/media\/2025\/10\/17\/reparto-completo-de-nadie-nos-1.jpg\" alt=\"Reparto completo de 'Nadie nos vio partir', serie de Netflix\" width=\"1200\" height=\"647\" loading=\"lazy\" onerror=\"this.src=\"\/>     <img decoding=\"async\" src=\"https:\/\/cdn2.chicmagazine.com.mx\/uploads\/media\/2025\/10\/21\/historia-real-inspiro-serie-netflix.jpg\" alt=\"Nadie quiere esto: La historia real que inspir\u00f3 la serie de Netflix (Foto: Netflix)\" width=\"1200\" height=\"747\" loading=\"lazy\" onerror=\"this.src=\"\/>     <\/p>\n<p>El reencuentro real de Tamara Trottner con su padre: de la ficci\u00f3n a la vida real<\/p>\n<p>Tamara Trottner, autora de <a href=\"https:\/\/www.chicmagazine.com.mx\/personajes\/nadie-nos-vio-partir-que-paso-con-valeria-y-carlos-serie-de-netflix\" target=\"_self\" rel=\"nofollow noopener\">\u201cNadie nos vio partir\u00bb,<\/a> vivi\u00f3 un reencuentro profundamente emocional con su padre varios a\u00f1os despu\u00e9s (<strong>30 para ser preciso<\/strong>s), de los eventos traum\u00e1ticos que marcaron su infancia. <\/p>\n<p>La historia, que fue llevada a la pantalla por <a href=\"https:\/\/www.chicmagazine.com.mx\/consejos\/susan-lorincz-quien-es-y-donde-esta-la-mujer-de-la-vecina-perfecta\" target=\"_self\" rel=\"nofollow noopener\">Netflix<\/a>\u00a0en este 2025,<strong> retrata el secuestro que ella y su hermano sufrieron a manos de su propio padre<\/strong>, Leo, tras descubrir la infidelidad de su esposa. <\/p>\n<p>Y durante dos a\u00f1os, los ni\u00f1os fueron llevados por distintos pa\u00edses como <strong>Italia, Francia, Sud\u00e1frica e Israel,<\/strong> mientras su madre emprend\u00eda una b\u00fasqueda incansable para recuperarlos.<\/p>\n<p>   <img decoding=\"async\" src=\"https:\/\/img.youtube.com\/vi\/bAhwWpTqLrw\/0.jpg\" alt=\"YouTube video\" width=\"480\" height=\"360\" loading=\"lazy\" onerror=\"this.src=\" class=\"object-cover\"\/>            <\/p>\n<p>\u00bfC\u00f3mo fue el reencuentro de Tamara Trottner con su padre?<\/p>\n<p>El encuentro entre Tamara y su padre, ya en su adultez,<strong> estuvo lleno de emociones encontradas, <\/strong>ya que no fue un perd\u00f3n absoluto, pero s\u00ed un paso hacia la comprensi\u00f3n. <\/p>\n<p>A palabras de la propia autora, el escuchar <a href=\"https:\/\/www.chicmagazine.com.mx\/personajes\/nadie-nos-vio-partir-final-explicado-que-paso-con-leo\" target=\"_self\" rel=\"nofollow noopener\">la versi\u00f3n de Leo<\/a> le permiti\u00f3 r<strong>esignificar su historia y cerrar heridas<\/strong> que hab\u00edan permanecido abiertas durante a\u00f1os. <\/p>\n<p>Asimismo, este proceso fue determinante para concluir su novela, <strong>en la que logr\u00f3 ofrecer una mirada m\u00e1s humana,<\/strong> sin juicios simplistas entre v\u00edctimas y culpables.<\/p>\n<p>   <img decoding=\"async\" src=\"https:\/\/img.youtube.com\/vi\/kYIDTERZp_s\/0.jpg\" alt=\"YouTube video\" width=\"480\" height=\"360\" loading=\"lazy\" onerror=\"this.src=\" class=\"object-cover\"\/>            <\/p>\n<p>\u00bfQu\u00e9 pas\u00f3 con la mam\u00e1 de Tamara Trottner en este reencuentro?<\/p>\n<p>Trottner ha se\u00f1alado que su madre nunca habl\u00f3 mal de su padre, un gesto que revela<strong> la complejidad emocional <\/strong>detr\u00e1s de su familia. <\/p>\n<p>Y a trav\u00e9s de la escritura y de su exposici\u00f3n p\u00fablica, Tamara encontr\u00f3 una forma<strong> de sanar y reconciliarse<\/strong> con su pasado. <\/p>\n<p>Adem\u00e1s, en entrevistas y redes sociales, ha celebrado la sensibilidad con la que <a href=\"https:\/\/www.chicmagazine.com.mx\/personajes\/todos-te-quieren-cuando-has-muerto-cual-es-su-inspiracion-real\" target=\"_self\" rel=\"nofollow noopener\">Netflix<\/a> adapt\u00f3 su historia, destacando <strong>su enfoque en la violencia vicaria <\/strong>y las secuelas emocionales que esta deja.<\/p>\n<p>Y m\u00e1s all\u00e1 de ser un relato personal,<strong> el testimonio de Tamara Trottner se ha convertido en una reflexi\u00f3n universal<\/strong> sobre la resiliencia, el perd\u00f3n y la b\u00fasqueda de sentido tras el trauma. <\/p>\n<p>As\u00ed, la serie <a href=\"https:\/\/www.chicmagazine.com.mx\/personajes\/nadie-nos-vio-partir-que-le-paso-a-los-ninos\" target=\"_self\" rel=\"nofollow noopener\">\u201cNadie nos vio partir\u00bb<\/a> no solo rescata una historia familiar, <strong>sino que tambi\u00e9n abre el di\u00e1logo sobre las heridas invisibles<\/strong> que deja la violencia y la fuerza que implica enfrentarlas con verdad y empat\u00eda.<\/p>\n<p>   <img decoding=\"async\" src=\"https:\/\/img.youtube.com\/vi\/IoO66b9QgZo\/0.jpg\" alt=\"YouTube video\" width=\"480\" height=\"360\" loading=\"lazy\" onerror=\"this.src=\" class=\"object-cover\"\/>             <\/p>\n<p class=\"font-outfit mb-4 text-center text-sm leading-[20px] font-semibold tracking-[2.80px] uppercase lg:text-[13px] lg:tracking-[2.6px]\"> Te recomendamos: <\/p>\n<p>    <img decoding=\"async\" src=\"https:\/\/cdn2.chicmagazine.com.mx\/uploads\/media\/2025\/10\/21\/monstruo-florencia-reparto-completo-miniserie.jpg\" alt=\"El monstruo de Florencia: Reparto completo de la miniserie de Netflix (Foto: Netflix)\" width=\"1200\" height=\"747\" loading=\"lazy\" onerror=\"this.src=\"\/>     <img decoding=\"async\" src=\"https:\/\/cdn2.chicmagazine.com.mx\/uploads\/media\/2025\/10\/20\/serie-netflix-anticipo-robo-museo.jpg\" alt=\"Esta es la serie de Netflix que 'anticip\u00f3' un robo en el Museo Louvre (Foto: Getty\/Netflix)\" width=\"1200\" height=\"747\" loading=\"lazy\" onerror=\"this.src=\"\/>     <\/p>\n<p>\u200b<\/p>\n<p>\u200b<\/p>\n<p>\u200b<\/p>\n<p>\u200b<\/p>\n","protected":false},"excerpt":{"rendered":"Tamara Trottner ha abierto su coraz\u00f3n para compartir uno de los momentos m\u00e1s \u00edntimos y dif\u00edciles de su&hellip;\n","protected":false},"author":2,"featured_media":192616,"comment_status":"","ping_status":"","sticky":false,"template":"","format":"standard","meta":{"footnotes":""},"categories":[172],"tags":[224,146,147,25,24,53740,53736,225,52139,53737,53738,53735,23,52141,53739],"class_list":{"0":"post-192615","1":"post","2":"type-post","3":"status-publish","4":"format-standard","5":"has-post-thumbnail","7":"category-libros","8":"tag-books","9":"tag-entertainment","10":"tag-entretenimiento","11":"tag-es","12":"tag-espana","13":"tag-historia-de-tamara-trottner","14":"tag-historia-tamara-trottner","15":"tag-libros","16":"tag-nadie-nos-vio-partir","17":"tag-padre-de-tamara-trottner","18":"tag-papa-de-tamara-trottner","19":"tag-reencuentro-padre-tamara-trottner","20":"tag-spain","21":"tag-tamara-trottner","22":"tag-tamara-trottner-y-su-papa"},"share_on_mastodon":{"url":"https:\/\/pubeurope.com\/@es\/115414920729388049","error":""},"_links":{"self":[{"href":"https:\/\/www.europesays.com\/es\/wp-json\/wp\/v2\/posts\/192615","targetHints":{"allow":["GET"]}}],"collection":[{"href":"https:\/\/www.europesays.com\/es\/wp-json\/wp\/v2\/posts"}],"about":[{"href":"https:\/\/www.europesays.com\/es\/wp-json\/wp\/v2\/types\/post"}],"author":[{"embeddable":true,"href":"https:\/\/www.europesays.com\/es\/wp-json\/wp\/v2\/users\/2"}],"replies":[{"embeddable":true,"href":"https:\/\/www.europesays.com\/es\/wp-json\/wp\/v2\/comments?post=192615"}],"version-history":[{"count":0,"href":"https:\/\/www.europesays.com\/es\/wp-json\/wp\/v2\/posts\/192615\/revisions"}],"wp:featuredmedia":[{"embeddable":true,"href":"https:\/\/www.europesays.com\/es\/wp-json\/wp\/v2\/media\/192616"}],"wp:attachment":[{"href":"https:\/\/www.europesays.com\/es\/wp-json\/wp\/v2\/media?parent=192615"}],"wp:term":[{"taxonomy":"category","embeddable":true,"href":"https:\/\/www.europesays.com\/es\/wp-json\/wp\/v2\/categories?post=192615"},{"taxonomy":"post_tag","embeddable":true,"href":"https:\/\/www.europesays.com\/es\/wp-json\/wp\/v2\/tags?post=192615"}],"curies":[{"name":"wp","href":"https:\/\/api.w.org\/{rel}","templated":true}]}}