{"id":192617,"date":"2025-10-22T00:11:09","date_gmt":"2025-10-22T00:11:09","guid":{"rendered":"https:\/\/www.europesays.com\/es\/192617\/"},"modified":"2025-10-22T00:11:09","modified_gmt":"2025-10-22T00:11:09","slug":"no-hay-fraude-en-las-audiencias-de-la-1","status":"publish","type":"post","link":"https:\/\/www.europesays.com\/es\/192617\/","title":{"rendered":"&#8216;No hay fraude en las audiencias de La 1&#8217;"},"content":{"rendered":"<p>Los resultados de audiencia de<strong> La 1<\/strong>, de <a href=\"https:\/\/www.elindependiente.com\/etiquetas\/rtve\/\" rel=\"nofollow noopener\" target=\"_blank\">Radiotelevisi\u00f3n Espa\u00f1ola<\/a>, han dado mucho que hablar durante las \u00faltimas semanas. Tanto es as\u00ed que dentro del sector audiovisual, entre productoras, analistas y competidores, han surgido comentarios en los que se define como sorprendente la mejor\u00eda de este canal, que cerr\u00f3 agosto con el 10,5%, septiembre con el 11,6% y en lo que va de octubre ha registrado una media del 12,5%.<\/p>\n<p>Esos comentarios han llegado este martes a la reuni\u00f3n mensual del Consejo de Administraci\u00f3n de la corporaci\u00f3n, en la que su presidente,<strong> Jos\u00e9 Pablo L\u00f3pez<\/strong>, ha salido al paso de los rumores que afirman que las audiencias de La 1 est\u00e1n infladas. <\/p>\n<p>De hecho, en el encuentro, ante sus consejeros, ha destacado que, en las primeras semanas de octubre, esta cadena ha conseguido el liderato entre la poblaci\u00f3n de 13 a 64 a\u00f1os, lo que prueba que su proyecto funciona. As\u00ed lo han explicado a El Independiente fuentes del \u00f3rgano de gobierno de la corporaci\u00f3n, que inciden en que los vocales eran conscientes de la existencia de rumores que se\u00f1alan el crecimiento desproporcionado de la audiencia.<\/p>\n<p>Las ma\u00f1anas, se\u00f1aladas<\/p>\n<p>Las suspicacias se\u00f1alan sobre todo a las ma\u00f1anas, en las que se han producido crecimientos constantes en La Hora de La 1 &#8211;<strong>Silvia Intxaurrondo<\/strong>&#8211; y Ma\u00f1aneros 360 &#8211;<strong>Javier Ruiz y Adela Molina<\/strong>. <\/p>\n<p>El primero cuenta con una audiencia media en octubre superior al 20%, que es aproximadamente 6 puntos superior a la del mismo mes de 2024. El segundo casi ha duplicado su cuota de pantalla desde abril, al pasar del 8,8% al 16,9%.<\/p>\n<p>Fuentes del Consejo reconocen que este aumento es asombroso y entienden que haya generado suspicacias en el sector audiovisual. Ahora bien, inciden en que la ma\u00f1ana es un momento del d\u00eda especialmente vol\u00e1til, en el que hist\u00f3ricamente ha habido un menor consumo de televisi\u00f3n, lo que facilita este tipo de cambios de tendencia.<\/p>\n<p>Desde el punto de vista t\u00e9cnico, no se han producido cambios. Fuentes oficiales de Kantar Media explican que el panel de medici\u00f3n de audiencias no se ha modificado desde 2020 y que est\u00e1 compuesto por <strong>5.720 aparatos<\/strong>, distribuidos en hogares de toda Espa\u00f1a, con los que se obtiene una muestra de <strong>14.000 individuos<\/strong>.<\/p>\n<p>Las comunidades aut\u00f3nomas con m\u00e1s aud\u00edmetros son Andaluc\u00eda y Catalu\u00f1a, con 660 cada una; seguidas de Madrid, con 550; y Pa\u00eds Vasco, Galicia, Castilla-La Mancha, Comunidad Valenciana y Canarias, con 430 cada una.<\/p>\n<p>Kantar Media es muy herm\u00e9tica con respecto a este panel, pero su portavoz acreditado incide en que realiza constantemente controles de calidad para detectar posibles anomal\u00edas en la medici\u00f3n. En las televisiones son conscientes de ajustes que se realizan de forma frecuente.<\/p>\n<p>El caso de Madrid<\/p>\n<p>Son varias cuestiones las que han llamado la atenci\u00f3n de los competidores de RTVE durante las \u00faltimas semanas. Especialmente, desde el inicio del nuevo curso, el pasado septiembre.<\/p>\n<p>La m\u00e1s relevante es el dato de audiencia de La 1 en Madrid, que en lo que va de octubre asciende a 16,3 puntos, el mayor de toda Espa\u00f1a, por delante de Navarra (16,2), Castilla y Le\u00f3n (14,8), Murcia (14,1) y Pa\u00eds Vasco.<\/p>\n<p>La 1 cerr\u00f3 enero con el 12,6% en Madrid, frente al 13,8 de septiembre y el 16,3 de octubre. Este aumento es sorprendente y explica <strong>1\/3 parte de la mejor\u00eda de audiencia de la primera cadena en Espa\u00f1a<\/strong>.<\/p>\n<p>Aumento s\u00fabito<\/p>\n<p>No es habitual, ni mucho menos, que se produzcan estas fluctuaciones s\u00fabitas de audiencia dentro del sector televisivo como la que se ha observado en las \u00faltimas semanas. En la c\u00fapula de la corporaci\u00f3n la atribuyen a varios factores. Entre ellos, a que su proyecto televisivo apuesta por una poblaci\u00f3n de un perfil urbano, y ah\u00ed Madrid destaca, al igual que Catalu\u00f1a, Comunidad Valenciana o algunas capitales andaluzas, donde los resultados han mejorado. <\/p>\n<p>El segundo factor que consideran relevante es que sus programas de info-entretenimiento hayan conseguido que una parte de los espectadores no cambie de canal durante largos per\u00edodos de tiempo, lo que resulta especialmente decisivo en tramos con un consumo de televisi\u00f3n m\u00e1s bajo, como el de las ma\u00f1anas. <\/p>\n<p>En el sector se ha detectado que hay un creciente n\u00famero de personas con un aud\u00edmetro en su casa que conectan con La 1 cuando comienza el programa de <strong>Silvia Intxaurrondo <\/strong>y permanecen en este canal hasta el final del telediario de las 15.00. Es decir, cada vez hay m\u00e1s personas enganchadas al tramo m\u00e1s ideol\u00f3gico de la parrilla de la televisi\u00f3n p\u00fablica.<\/p>\n<p>Cierta controversia<\/p>\n<p>Sea como sea, en el sector causan sorpresa algunos resultados registrados durante las \u00faltimas semanas, como medias de audiencia de La Hora de La 1 que se han aproximado al 30% en la Comunidad de Madrid; o de m\u00e1s del 23% de Ma\u00f1aneros 360 en este territorio.<\/p>\n<p>Tambi\u00e9n ha llamado la atenci\u00f3n el despegue del <strong>Telediario 1<\/strong>, que en la capital de Espa\u00f1a ha llegado a registrar medias superiores al 20%, al igual que sucedi\u00f3 con el estreno de la serie Sin gluten, que en esta regi\u00f3n obtuvo el 25,9%.<\/p>\n<p>Dentro de la corporaci\u00f3n, son conscientes de que el medidor de audiencia ha recibido algunas llamadas durante las \u00faltimas semanas para intentar cerciorarse si algunos de estos resultados son an\u00f3malos. Sin embargo, <strong>Jos\u00e9 Pablo L\u00f3pez<\/strong> ha defendido en su Consejo la verosimilitud de la audiencia. <\/p>\n<p>Alguno de sus directivos sal\u00eda al paso estos d\u00edas de los rumores que han circulado por el sector y afirmaba que el plan para estabilizar la audiencia de La 1 comenz\u00f3 en realidad cuando se estren\u00f3 La Promesa, en enero de 2023. En este sentido, considera que lo que se aprecia actualmente es una consecuencia l\u00f3gica, dado que se ha reforzado la ma\u00f1ana, la tarde, el access-prime time y el horario de m\u00e1xima audiencia.<\/p>\n<p>PUBLICIDAD<\/p>\n","protected":false},"excerpt":{"rendered":"Los resultados de audiencia de La 1, de Radiotelevisi\u00f3n Espa\u00f1ola, han dado mucho que hablar durante las \u00faltimas&hellip;\n","protected":false},"author":2,"featured_media":192618,"comment_status":"","ping_status":"","sticky":false,"template":"","format":"standard","meta":{"footnotes":""},"categories":[171],"tags":[146,147,25,24,518,23,807,12017,214],"class_list":{"0":"post-192617","1":"post","2":"type-post","3":"status-publish","4":"format-standard","5":"has-post-thumbnail","7":"category-tv","8":"tag-entertainment","9":"tag-entretenimiento","10":"tag-es","11":"tag-espana","12":"tag-rtve","13":"tag-spain","14":"tag-television","15":"tag-television-espanola-tve","16":"tag-tv"},"share_on_mastodon":{"url":"https:\/\/pubeurope.com\/@es\/115414924206712951","error":""},"_links":{"self":[{"href":"https:\/\/www.europesays.com\/es\/wp-json\/wp\/v2\/posts\/192617","targetHints":{"allow":["GET"]}}],"collection":[{"href":"https:\/\/www.europesays.com\/es\/wp-json\/wp\/v2\/posts"}],"about":[{"href":"https:\/\/www.europesays.com\/es\/wp-json\/wp\/v2\/types\/post"}],"author":[{"embeddable":true,"href":"https:\/\/www.europesays.com\/es\/wp-json\/wp\/v2\/users\/2"}],"replies":[{"embeddable":true,"href":"https:\/\/www.europesays.com\/es\/wp-json\/wp\/v2\/comments?post=192617"}],"version-history":[{"count":0,"href":"https:\/\/www.europesays.com\/es\/wp-json\/wp\/v2\/posts\/192617\/revisions"}],"wp:featuredmedia":[{"embeddable":true,"href":"https:\/\/www.europesays.com\/es\/wp-json\/wp\/v2\/media\/192618"}],"wp:attachment":[{"href":"https:\/\/www.europesays.com\/es\/wp-json\/wp\/v2\/media?parent=192617"}],"wp:term":[{"taxonomy":"category","embeddable":true,"href":"https:\/\/www.europesays.com\/es\/wp-json\/wp\/v2\/categories?post=192617"},{"taxonomy":"post_tag","embeddable":true,"href":"https:\/\/www.europesays.com\/es\/wp-json\/wp\/v2\/tags?post=192617"}],"curies":[{"name":"wp","href":"https:\/\/api.w.org\/{rel}","templated":true}]}}