{"id":192631,"date":"2025-10-22T00:20:11","date_gmt":"2025-10-22T00:20:11","guid":{"rendered":"https:\/\/www.europesays.com\/es\/192631\/"},"modified":"2025-10-22T00:20:11","modified_gmt":"2025-10-22T00:20:11","slug":"tienen-que-hacer-su-trabajo-para-llamar-la-atencion","status":"publish","type":"post","link":"https:\/\/www.europesays.com\/es\/192631\/","title":{"rendered":"\u201cTienen que hacer su trabajo para llamar la atenci\u00f3n\u201d"},"content":{"rendered":"<p class=\"article-text\">\n        Choque en el seno del Gobierno de coalici\u00f3n por las pol\u00edticas de vivienda, cuya crisis se ha convertido en el principal problema para los espa\u00f1oles. Sumar ha elevado el tono contra la ministra Isabel Rodr\u00edguez, a la que ha apremiado a poner en marcha las medidas de intervenci\u00f3n del mercado que ese espacio pol\u00edtico ha puesto sobre la mesa, como la pr\u00f3rroga de tres a\u00f1os de los contratos de alquiler que caducar\u00e1n pr\u00f3ximamente. Las cr\u00edticas de la portavoz parlamentaria han sentado mal en el ala socialista del Ejecutivo, que evita, no obstante, entrar en el conflicto p\u00fablicamente, aunque rechaza el planteamiento de los ministros de Sumar. \u201cEs normal, los grupos tienen que hacer su trabajo para llamar la atenci\u00f3n\u201d, ha minimizado la titular de Vivienda.\n    <\/p>\n<p class=\"article-text\">\n        \u201cLo importante es que estamos trabajando juntos, este Gobierno tiene mucho que hacer en materia de vivienda\u201d, ha agregado Rodr\u00edguez en declaraciones a los periodistas en el pasillo del Senado, donde no ha querido responder a la pregunta de si es una \u201canomal\u00eda\u201d que el socio minoritario pida su cabeza. \u201cTendr\u00e1n que preguntarles a ellos\u201d, se ha despachado.\n    <\/p>\n<p class=\"article-text\">\n        \u201cNos vemos en la obligaci\u00f3n de volver a decir que en materia de vivienda necesitamos medidas serias, valientes e innovadoras y mucho nos tememos que Isabel Rodr\u00edguez no termina de asumirlo, por lo tanto, deber\u00eda dejar paso a quien s\u00ed est\u00e1 dispuesto a hacerlo\u201d, hab\u00eda dicho previamente la portavoz de Sumar, Ver\u00f3nica Mart\u00ednez, en el Congreso: \u201cSe nos est\u00e1 acabando la paciencia\u201d.\n    <\/p>\n<p class=\"article-text\">\n        Unas palabras que causaron cierto revuelo y que tuvo que explicar algo m\u00e1s tarde en declaraciones a La Sexta. \u201cEn el momento que como portavoz de este grupo pida la dimisi\u00f3n de alguien no va a hacer falta una repregunta para aclararlo\u201d, expres\u00f3. \u201cSe nos agota la paciencia, a quien se le acaba la paciencia es a la ciudadan\u00eda. P\u00f3nganse las pilas, ya sabemos a d\u00f3nde van sus medidas: darle dinero a los caseros no funciona\u201d, a\u00f1adi\u00f3.\n    <\/p>\n<p class=\"article-text\">\n        Quien s\u00ed pidi\u00f3 m\u00e1s tarde la dimisi\u00f3n de la ministra fue el diputado de Comprom\u00eds, dentro del grupo de Sumar, Alberto Ib\u00e1\u00f1ez. \u201cEl tiempo de la ministra ha pasado y debe dar paso a una persona que entienda el deber constitucional de proteger el derecho a la vivienda\u201d, dijo en una rueda de prensa en el Congreso.\n    <\/p>\n<p class=\"article-text\">\n        La vicepresidenta segunda del Gobierno, Yolanda D\u00edaz, trat\u00f3 de ser m\u00e1s conciliadora preguntada en los pasillos del Senado por el asunto y llam\u00f3 al PSOE a aceptar las medidas de su espacio pol\u00edtico: \u201cLimitar los precios, acabar con la vivienda tur\u00edstica fraudulenta, que los grandes fondos de inversi\u00f3n tributen a cuant\u00edas relevantes\u2026\u201d. \u201cEsperamos una negociaci\u00f3n por el bien del pa\u00eds con el PSOE. Creemos que esta es la principal f\u00e1brica de desigualdad de Espa\u00f1a. Hoy la vivienda es el principal problema\u201d, defendi\u00f3. \u201cPor encima de cualquier pol\u00e9mica o comentario de actualidad, creo que lo importante es dar soluci\u00f3n al que es el principal problema de las familias trabajadoras en Espa\u00f1a\u201d, se\u00f1al\u00f3 tambi\u00e9n en esa l\u00ednea el titular de Consumo y Derechos Sociales, Pablo Bustinduy, desde la mesa del Consejo de Ministros antes de defender las propuestas que ha planteado Sumar.\n    <\/p>\n<p class=\"article-text\">\n        La portavoz del Gobierno, Pilar Alegr\u00eda, se ha limitado a defender las medidas que se han puesto en marcha con Pedro S\u00e1nchez en Moncloa. \u201cPor primera vez se ha podido aprobar una ley de vivienda que est\u00e1 cambiando el paradigma de la vivienda. Uno de los principales esfuerzos y apuestas del Gobierno ha sido multiplicar por ocho el presupuesto en materia de vivienda\u201d, ha afirmado Alegr\u00eda, que tambi\u00e9n ha recordado que el plan estatal de vivienda recoge m\u00e1s de 7.000 millones frente a los 1.700 que se presupuestaban en tiempos de Mariano Rajoy.\n    <\/p>\n<p>    El PSOE rechaza las medidas de Sumar<\/p>\n<p class=\"article-text\">\n        Lo que fuentes del ala socialista del Gobierno admiten es malestar por que el foco de Sumar se ponga en el Gobierno mientras que son las comunidades en las que gobierna el PP en las que no se aplica la ley de vivienda que permitir\u00eda poner tope al precio de los alquileres en las zonas tensionadas y as\u00ed, de facto, congelar los precios. Por el contrario, lo que sostienen esas fuentes es que las medidas que plantea Sumar \u201cson inconstitucionales\u201d. \u201cIntentan sacar la cabeza\u201d, se\u00f1alan esas fuentes, que advierten de que este choque da munici\u00f3n a la derecha.\n    <\/p>\n<p class=\"article-text\">\n        En la parte socialista del Ejecutivo sostienen que las medidas que se han puesto en marcha ir\u00e1n surtiendo efecto en el medio y largo plazo, aunque admiten que no tienen una soluci\u00f3n para los contratos de alquiler que van a caducar en el corto plazo m\u00e1s all\u00e1 de la ley de vivienda que la derecha no aplica. \u201cEl registro de pisos tur\u00edsticos est\u00e1 funcionando mejor que lo que ellos presentaron\u201d, afirman las fuentes consultadas, que aseguran que as\u00ed se han sacado de ese mercado 50.000 viviendas y defienden que es m\u00e1s efectivo que las cartas que envi\u00f3 el ministro de Consumo a plataformas como Airbnb. En esa misma l\u00ednea, defienden que los fondos a las comunidades vayan a estar condicionados.\n    <\/p>\n<p class=\"article-text\">\n        Los socialistas tambi\u00e9n se revuelven contra las cr\u00edticas y emplazan a Sumar a buscar los apoyos para algunas de las medidas que han planteado en el Congreso. \u201cSubir el IVA a los pisos tur\u00edsticos est\u00e1 registrado, y la regulaci\u00f3n de temporales y habitaciones est\u00e1 en el Congreso, y lo pueden activar. La \u00faltima vez lo tumb\u00f3 Junts. \u00bfY si en vez de esto trabajamos las iniciativas para conseguir votos?\u201d, se pregunta una de las fuentes consultadas, que reprocha a Sumar que es \u201cm\u00e1s f\u00e1cil dar una rueda de prensa que buscar apoyos en el Congreso\u201d y tambi\u00e9n asegura que no se han reunido con los responsables de Vivienda del Ejecutivo.\n    <\/p>\n<p class=\"article-text\">\n        El \u00faltimo enfado de Sumar con la ministra de Vivienda tiene su origen en la comparecencia que hizo en el Congreso la semana pasada. Los diputados del grupo plurinacional salieron indignados de unas intervenciones en las que apenas hubo anuncios y la medida estrella fue el lanzamiento de un tel\u00e9fono gratuito de atenci\u00f3n a la ciudadan\u00eda, que los socios del Gobierno han criticado e incluso ridiculizado. En el Ministerio de Vivienda defienden ese tel\u00e9fono como una petici\u00f3n de las asociaciones como el Sindicato de Inquilinos.\n    <\/p>\n<p class=\"article-text\">\n        En las \u00faltimas horas, gener\u00f3 una enorme indignaci\u00f3n entre los aliados parlamentarios una campa\u00f1a publicitaria del Gobierno que de forma humor\u00edstica representaba a varios ancianos compartiendo piso dentro de 30 a\u00f1os. En el ala socialista restan importancia a la pol\u00e9mica y aseguran que se trata de un v\u00eddeo de una campa\u00f1a m\u00e1s amplia. \u201cQue el \u00fanico reproche sea una campa\u00f1a de publicidad, que todo lo que me pase sea eso\u201d, ha dicho Rodr\u00edguez.\n    <\/p>\n<p class=\"article-text\">\n        Sumar trata de este modo de elevar el tono contra el PSOE en un aspecto extremadamente sensible para el electorado. Los precios de los alquileres no paran de subir y el problema ya no se limita solo a grandes ciudades como Madrid o Barcelona, se ha generalizado en todo el territorio.\n    <\/p>\n<p class=\"article-text\">\n        Los ministros de la coalici\u00f3n plurinacional anunciaron la semana pasada un paquete de medidas con el que quieren presionar a su socio de Gobierno. Entre las medidas principales, una pr\u00f3rroga general de tres a\u00f1os para todos los contratos en vigor y la obligaci\u00f3n de firmar los nuevos al mismo precio que el anterior, as\u00ed como la prohibici\u00f3n de la compra de vivienda para alquilar por encima del precio asequible.\n    <\/p>\n<p>    <a href=\"https:\/\/www.eldiario.es\/economia\/sumar-llevara-consejo-ministros-prorroga-tres-anos-contratos-alquiler-congelacion-precios_1_12679881.html\" data-mrf-recirculation=\"saber-mas-abajo\" data-dl-event=\"saber-mas-abajo\" rel=\"nofollow noopener\" target=\"_blank\"><\/p>\n<p class=\"know-more__title\">Sumar plantea una pr\u00f3rroga de tres a\u00f1os de los contratos de alquiler y la congelaci\u00f3n de los precios<\/p>\n<p>            <img decoding=\"async\" class=\"lazy\" loading=\"lazy\" data-src=\"https:\/\/static.eldiario.es\/clip\/932a1969-7d63-4537-a5ea-118cf019505c_16-9-aspect-ratio_default_0.jpg\" src=\"data:image\/svg+xml,%3Csvg xmlns=\" http:=\"\" viewbox=\"0 0 880 495\" alt=\"Sumar llevar\u00e1 al Consejo de Ministros una pr\u00f3rroga de tres a\u00f1os de los contratos de alquiler y la congelaci\u00f3n de los precios\"\/><\/p>\n<p>                        <\/a><\/p>\n<p class=\"article-text\">\n        No son medidas muy novedosas, el espacio ya present\u00f3 hace m\u00e1s de un a\u00f1o un documento con propuestas de este tipo que enmarc\u00f3 en la negociaci\u00f3n de Presupuestos. Pero ante la incertidumbre de si el Gobierno llevar\u00e1 finalmente unas cuentas p\u00fablicas al Congreso en Sumar quieren que el Ejecutivo tome medidas que atajen el problema de los precios tambi\u00e9n a corto plazo: no basta, piensan, con la construcci\u00f3n de vivienda p\u00fablica. Una pol\u00edtica necesaria pero que tardar\u00e1 a\u00f1os en impactar en el precio de los alquileres.\n    <\/p>\n","protected":false},"excerpt":{"rendered":"Choque en el seno del Gobierno de coalici\u00f3n por las pol\u00edticas de vivienda, cuya crisis se ha convertido&hellip;\n","protected":false},"author":2,"featured_media":192632,"comment_status":"","ping_status":"","sticky":false,"template":"","format":"standard","meta":{"footnotes":""},"categories":[8],"tags":[1348,17,18,6621,25,24,13,14,11,19,20,9694,53741,1740,9,10,15,16,23,4453,12,2752,21,22,3633],"class_list":{"0":"post-192631","1":"post","2":"type-post","3":"status-publish","4":"format-standard","5":"has-post-thumbnail","7":"category-espana","8":"tag-atencion","9":"tag-breaking-news","10":"tag-breakingnews","11":"tag-criticas","12":"tag-es","13":"tag-espana","14":"tag-featured-news","15":"tag-featurednews","16":"tag-headlines","17":"tag-latest-news","18":"tag-latestnews","19":"tag-llamar","20":"tag-minimiza","21":"tag-ministra","22":"tag-news","23":"tag-noticias","24":"tag-noticias-destacadas","25":"tag-noticiasdestacadas","26":"tag-spain","27":"tag-sumar","28":"tag-titulares","29":"tag-trabajo","30":"tag-ultimas-noticias","31":"tag-ultimasnoticias","32":"tag-vivienda"},"share_on_mastodon":{"url":"https:\/\/pubeurope.com\/@es\/115414959648211225","error":""},"_links":{"self":[{"href":"https:\/\/www.europesays.com\/es\/wp-json\/wp\/v2\/posts\/192631","targetHints":{"allow":["GET"]}}],"collection":[{"href":"https:\/\/www.europesays.com\/es\/wp-json\/wp\/v2\/posts"}],"about":[{"href":"https:\/\/www.europesays.com\/es\/wp-json\/wp\/v2\/types\/post"}],"author":[{"embeddable":true,"href":"https:\/\/www.europesays.com\/es\/wp-json\/wp\/v2\/users\/2"}],"replies":[{"embeddable":true,"href":"https:\/\/www.europesays.com\/es\/wp-json\/wp\/v2\/comments?post=192631"}],"version-history":[{"count":0,"href":"https:\/\/www.europesays.com\/es\/wp-json\/wp\/v2\/posts\/192631\/revisions"}],"wp:featuredmedia":[{"embeddable":true,"href":"https:\/\/www.europesays.com\/es\/wp-json\/wp\/v2\/media\/192632"}],"wp:attachment":[{"href":"https:\/\/www.europesays.com\/es\/wp-json\/wp\/v2\/media?parent=192631"}],"wp:term":[{"taxonomy":"category","embeddable":true,"href":"https:\/\/www.europesays.com\/es\/wp-json\/wp\/v2\/categories?post=192631"},{"taxonomy":"post_tag","embeddable":true,"href":"https:\/\/www.europesays.com\/es\/wp-json\/wp\/v2\/tags?post=192631"}],"curies":[{"name":"wp","href":"https:\/\/api.w.org\/{rel}","templated":true}]}}