{"id":192635,"date":"2025-10-22T00:22:17","date_gmt":"2025-10-22T00:22:17","guid":{"rendered":"https:\/\/www.europesays.com\/es\/192635\/"},"modified":"2025-10-22T00:22:17","modified_gmt":"2025-10-22T00:22:17","slug":"o-gatanal-cambia-este-domingo-la-marea-azul-por-la-marea-rosa","status":"publish","type":"post","link":"https:\/\/www.europesays.com\/es\/192635\/","title":{"rendered":"O Gata\u00f1al cambia este domingo la \u00abmarea azul\u00bb por la \u00abmarea rosa\u00bb"},"content":{"rendered":"<p class=\"ft-text\">El Frigor\u00edficos del Morrazo y la Liga Nexus Asobal se suman a los actos para visibilizar y luchar contra el c\u00e1ncer de mama. Este domingo la habitual \u00abmarea azul\u00bb que inunda las gradas del pabell\u00f3n cangu\u00e9s dejar\u00e1 paso a una \u00abmarea rosa\u00bb, que es el color asociado a la lucha contra el c\u00e1ncer de mama.<\/p>\n<p class=\"ft-text\">\u00abJunto a Adicam queremos llenar el pabell\u00f3n de esperanza, solidaridad y de fuerza. Y la mejor manera ser\u00e1 te\u00f1irlo de rosa durante el partido\u00bb, explican desde el club. Por eso animan a la afici\u00f3n a comprar camisetas rosas en Adicam, a traer las que tengan en casa o o cualquier otra prenda de este color. \u00abPero ay\u00fadanos a crear una atmosfera \u00fanica\u00bb, piden desde el Balonm\u00e1n Cangas para el encuentro del domingo, a las 17.30 horas, contra el Logro\u00f1o.<\/p>\n<p><a id=\"comments\" name=\"comments\" title=\"\" class=\"ft-anchor ft-anchor--absolute ft-helper-spacer-voffset-xlg\" rel=\"\"><\/a><\/p>\n","protected":false},"excerpt":{"rendered":"El Frigor\u00edficos del Morrazo y la Liga Nexus Asobal se suman a los actos para visibilizar y luchar&hellip;\n","protected":false},"author":2,"featured_media":192636,"comment_status":"","ping_status":"","sticky":false,"template":"","format":"standard","meta":{"footnotes":""},"categories":[278],"tags":[53742,2906,1672,2905,376,1838,8106,168,1053,25,24,1673,17457,375,1675,29133,9277,23,167],"class_list":{"0":"post-192635","1":"post","2":"type-post","3":"status-publish","4":"format-standard","5":"has-post-thumbnail","7":"category-balonmano","8":"tag-adicam","9":"tag-asobal","10":"tag-balonman-cangas","11":"tag-balonman-cangas-frigorificos-del-morrazo","12":"tag-balonmano","13":"tag-cambia","14":"tag-cancer-de-mama","15":"tag-deportes","16":"tag-domingo","17":"tag-es","18":"tag-espana","19":"tag-frigorificos-del-morrazo","20":"tag-gatanal","21":"tag-handball","22":"tag-liga-asobal","23":"tag-marea","24":"tag-o","25":"tag-spain","26":"tag-sports"},"share_on_mastodon":{"url":"https:\/\/pubeurope.com\/@es\/115414967443009381","error":""},"_links":{"self":[{"href":"https:\/\/www.europesays.com\/es\/wp-json\/wp\/v2\/posts\/192635","targetHints":{"allow":["GET"]}}],"collection":[{"href":"https:\/\/www.europesays.com\/es\/wp-json\/wp\/v2\/posts"}],"about":[{"href":"https:\/\/www.europesays.com\/es\/wp-json\/wp\/v2\/types\/post"}],"author":[{"embeddable":true,"href":"https:\/\/www.europesays.com\/es\/wp-json\/wp\/v2\/users\/2"}],"replies":[{"embeddable":true,"href":"https:\/\/www.europesays.com\/es\/wp-json\/wp\/v2\/comments?post=192635"}],"version-history":[{"count":0,"href":"https:\/\/www.europesays.com\/es\/wp-json\/wp\/v2\/posts\/192635\/revisions"}],"wp:featuredmedia":[{"embeddable":true,"href":"https:\/\/www.europesays.com\/es\/wp-json\/wp\/v2\/media\/192636"}],"wp:attachment":[{"href":"https:\/\/www.europesays.com\/es\/wp-json\/wp\/v2\/media?parent=192635"}],"wp:term":[{"taxonomy":"category","embeddable":true,"href":"https:\/\/www.europesays.com\/es\/wp-json\/wp\/v2\/categories?post=192635"},{"taxonomy":"post_tag","embeddable":true,"href":"https:\/\/www.europesays.com\/es\/wp-json\/wp\/v2\/tags?post=192635"}],"curies":[{"name":"wp","href":"https:\/\/api.w.org\/{rel}","templated":true}]}}