{"id":192643,"date":"2025-10-22T00:31:24","date_gmt":"2025-10-22T00:31:24","guid":{"rendered":"https:\/\/www.europesays.com\/es\/192643\/"},"modified":"2025-10-22T00:31:24","modified_gmt":"2025-10-22T00:31:24","slug":"entre-letizia-aitana-o-ana-rosa-las-cuatro-donostiarras-en-la-lista-de-las-100-mujeres-mas-influyentes-de-forbes","status":"publish","type":"post","link":"https:\/\/www.europesays.com\/es\/192643\/","title":{"rendered":"Entre Letizia, Aitana o Ana Rosa: las cuatro donostiarras en la lista de las 100 mujeres m\u00e1s influyentes de Forbes"},"content":{"rendered":"<p class=\"v-mdl-ath__p v-mdl-ath__p--6\">\nMartes, 21 de octubre 2025, 15:00<\/p>\n<p>| Actualizado 16:47h.<\/p>\n<p class=\"v-p\">\u00abHan conquistado espacios hasta llegar a lo m\u00e1s alto en sus entornos profesionales. Marcan el pulso del IBEX, del mundo cultural, pol\u00edtico, cient\u00edfico o econ\u00f3mico\u00bb. As\u00ed define la revista Forbes a las <a href=\"https:\/\/forbes.es\/forbes-women\/812544\/lista-forbes-women-las-100-mujeres-mas-influyentes-de-espana-2025\/\" target=\"_blank\" data-voc-vtm-id=\"in-text-traffic\" title=\"100 mujeres que ha seleccionado como las m\u00e1s influyentes de Espa\u00f1a en 2025\" data-mrf-link=\"forbes.es\" rel=\"nofollow noopener\">100 mujeres que ha seleccionado como las m\u00e1s influyentes de Espa\u00f1a en 2025<\/a>. Cien perfiles de todos los estilos. De la propia Reina Letizia o la Princesa Leonor, a las artistas Aitana, Alaska, Luz Casal o Rosal\u00eda. Pasando por las deportistas Aitana Bonmat\u00ed o Mar\u00eda P\u00e9rez; la vicepresidenta Mar\u00eda Jes\u00fas Montero o la Presidenta de la Comunidad de Madrid, Isabel D\u00edaz Ayuso.<\/p>\n<p class=\"v-p\">As\u00ed hasta cien nombres, como Pen\u00e9lope Cruz o Ester Exp\u00f3sito; Marta Ortega, Ana Bot\u00edn o Ana Rosa Quintana. Y entre ellas, la prestigiosa revista selecciona a cuatro mujeres guipuzcoanas, todas ellas nacidas en la capital, San Sebasti\u00e1n, que cuentan con un importante curr\u00edculum y destacan en su \u00e1mbito. La exministra y actual presidenta no ejecutiva de Mediaset Espa\u00f1a, Cristina Garmendia; la directora general de Amazon Espa\u00f1a y Portugal, Ruth D\u00edaz; la directora de Artingenium y comisaria de arte de Forbes House, Lourdes Fern\u00e1ndez; y la artista y escultora, Cristina Iglesias.<\/p>\n<p class=\"v-p\">As\u00ed describe Forbes a las cuatro donostiarras influyentes en su lista de las 100 mujeres con m\u00e1s impacto en Espa\u00f1a.<\/p>\n<ol class=\"v-cmp-u-b__u\">\n<li class=\"v-cmp-u-b__l\">\n<p>\nExministra de Ciencia e Innovaci\u00f3n y actual presidenta no ejecutiva de Mediaset Espa\u00f1a\n<\/p>\n<p>Cristina Garmendia<\/p>\n<\/li>\n<\/ol>\n<p class=\"v-p\">Doctora en Biolog\u00eda con un MBA por IESE, se incorpor\u00f3 a Mediaset Espa\u00f1a en 2017 y fue nombrada presidenta en 2024. Fundadora de la biotecnol\u00f3gica Genetrix y del fondo Ysios, fue ministra de Ciencia e Innovaci\u00f3n (2008- 2011). Preside la Fundaci\u00f3n Cotec y ocupa cargos en los consejos de CaixaBank, Logista y Ysios Capital.<\/p>\n<p><img decoding=\"async\" loading=\"lazy\" src=\"https:\/\/www.europesays.com\/es\/wp-content\/uploads\/2025\/10\/1481494458-kftF-U2303445977094brD-650x455@Diario Vasco.jpg\" class=\"v-a-img\" width=\"650\" height=\"455\" alt=\"\" data-voc-vtm-id=\"in-text-traffic\"\/><\/p>\n<p><img loading=\"lazy\" decoding=\"async\" src=\"https:\/\/www.europesays.com\/es\/wp-content\/uploads\/2025\/10\/1481494458-kftF-U2303445977094MTF-1920x1344@Diario Vasco.jpg\" class=\"v-mdl__img-z\" width=\"1920\" height=\"1344\" alt=\"\"\/><\/p>\n<ol class=\"v-cmp-u-b__u\">\n<li class=\"v-cmp-u-b__l\">\n<p>\nDirectora general de Amazon Espa\u00f1a y Portugal\n<\/p>\n<p>Ruth D\u00edaz<\/p>\n<\/li>\n<\/ol>\n<p class=\"v-p\">La donostiarra lidera desde marzo de 2025 una organizaci\u00f3n que emplea a m\u00e1s de 28.000 personas y trabaja con miles de pymes. Es vicepresidenta de Amazon Fashion Europa. Su carrera profesional comenz\u00f3 en empresas como PricewaterhouseCoopers, Cinebox y Entradas.com, donde fue CEO.<\/p>\n<p><img decoding=\"async\" loading=\"lazy\" src=\"https:\/\/www.europesays.com\/es\/wp-content\/uploads\/2025\/10\/ruth-diaz-kftF-U2303445977094bIE-650x455@Diario Vasco.jpg\" class=\"v-a-img\" width=\"650\" height=\"455\" alt=\"\" data-voc-vtm-id=\"in-text-traffic\"\/><\/p>\n<p><img loading=\"lazy\" decoding=\"async\" src=\"https:\/\/www.europesays.com\/es\/wp-content\/uploads\/2025\/10\/ruth-diaz-kftF-U2303445977094UYG-1920x1344@Diario Vasco.jpg\" class=\"v-mdl__img-z\" width=\"1920\" height=\"1344\" alt=\"\"\/><\/p>\n<ol class=\"v-cmp-u-b__u\">\n<li class=\"v-cmp-u-b__l\">\n<p>\nDirectora de Artingenium y comisaria de arte de Forbes House\n<\/p>\n<p>Lourdes Fern\u00e1ndez<\/p>\n<\/li>\n<\/ol>\n<p class=\"v-p\">Esta destacada experta de arte contempor\u00e1neo con m\u00e1s de 30 a\u00f1os de trayectoria, es la comisaria de arte de Forbes House. Entre 2005 y 2010 dirigi\u00f3 ARCO Madrid, coordin\u00f3 la Bienal Europea de Arte Contempor\u00e1neo Manifesta 5 y en la actualidad dirige Artingenium, su propia agencia que desarrolla estrategias en el \u00e1mbito del arte contempor\u00e1neo.<\/p>\n<p><img decoding=\"async\" loading=\"lazy\" src=\"https:\/\/www.europesays.com\/es\/wp-content\/uploads\/2025\/10\/136981306-kftF-U2303445977094p7B-650x455@Diario Vasco.JPG\" class=\"v-a-img\" width=\"650\" height=\"455\" alt=\"\" data-voc-vtm-id=\"in-text-traffic\"\/><\/p>\n<p><img loading=\"lazy\" decoding=\"async\" src=\"https:\/\/www.europesays.com\/es\/wp-content\/uploads\/2025\/10\/136981306-kftF-U2303445977094r4D-1920x1344@Diario Vasco.JPG\" class=\"v-mdl__img-z\" width=\"1920\" height=\"1344\" alt=\"\"\/><\/p>\n<ol class=\"v-cmp-u-b__u\">\n<li class=\"v-cmp-u-b__l\">\n<p>\nArtista y escultora\n<\/p>\n<p>Cristina Iglesias<\/p>\n<\/li>\n<\/ol>\n<p class=\"v-p\">Ha participado en m\u00e1s de 60 exposiciones en todo el mundo y ha dejado una huella significativa en el arte p\u00fablico, con obras en lugares como el Museo del Prado en Madrid, el Museo de Bellas Artes de Amberes en B\u00e9lgica, Baja California en M\u00e9xico. Este oto\u00f1o, la escultora vasca inaugura una exposici\u00f3n monogr\u00e1fica en La Pedrera con m\u00e1s de 40 obras.<\/p>\n<p><img decoding=\"async\" loading=\"lazy\" src=\"https:\/\/www.europesays.com\/es\/wp-content\/uploads\/2025\/10\/1501698810-kftF-U2303445977094QoF-650x455@Diario Vasco.jpg\" class=\"v-a-img\" width=\"650\" height=\"455\" alt=\"\" data-voc-vtm-id=\"in-text-traffic\"\/><\/p>\n<p><img loading=\"lazy\" decoding=\"async\" src=\"https:\/\/www.europesays.com\/es\/wp-content\/uploads\/2025\/10\/1501698810-kftF-U2303445977094qlH-1920x1344@Diario Vasco.jpg\" class=\"v-mdl__img-z\" width=\"1920\" height=\"1344\" alt=\"\"\/><\/p>\n<p>Reporta un error<\/p>\n","protected":false},"excerpt":{"rendered":"Martes, 21 de octubre 2025, 15:00 | Actualizado 16:47h. \u00abHan conquistado espacios hasta llegar a lo m\u00e1s alto&hellip;\n","protected":false},"author":2,"featured_media":192644,"comment_status":"","ping_status":"","sticky":false,"template":"","format":"standard","meta":{"footnotes":""},"categories":[174],"tags":[21882,3519,683,255,53744,25799,954,29313,53743,146,147,25,24,256,44815,11644,29595,53745,4044,2465,53746,23],"class_list":{"0":"post-192643","1":"post","2":"type-post","3":"status-publish","4":"format-standard","5":"has-post-thumbnail","7":"category-famosos","8":"tag-21882","9":"tag-aitana","10":"tag-ana","11":"tag-celebrities","12":"tag-cristina-garmendia","13":"tag-cristina-iglesias","14":"tag-cuatro","15":"tag-cuelan","16":"tag-donostiarras","17":"tag-entertainment","18":"tag-entretenimiento","19":"tag-es","20":"tag-espana","21":"tag-famosos","22":"tag-influyentes","23":"tag-letizia","24":"tag-lista-forbes","25":"tag-lourdes-fernandez","26":"tag-mujeres","27":"tag-rosa","28":"tag-ruth-diaz","29":"tag-spain"},"share_on_mastodon":{"url":"https:\/\/pubeurope.com\/@es\/115415003159683249","error":""},"_links":{"self":[{"href":"https:\/\/www.europesays.com\/es\/wp-json\/wp\/v2\/posts\/192643","targetHints":{"allow":["GET"]}}],"collection":[{"href":"https:\/\/www.europesays.com\/es\/wp-json\/wp\/v2\/posts"}],"about":[{"href":"https:\/\/www.europesays.com\/es\/wp-json\/wp\/v2\/types\/post"}],"author":[{"embeddable":true,"href":"https:\/\/www.europesays.com\/es\/wp-json\/wp\/v2\/users\/2"}],"replies":[{"embeddable":true,"href":"https:\/\/www.europesays.com\/es\/wp-json\/wp\/v2\/comments?post=192643"}],"version-history":[{"count":0,"href":"https:\/\/www.europesays.com\/es\/wp-json\/wp\/v2\/posts\/192643\/revisions"}],"wp:featuredmedia":[{"embeddable":true,"href":"https:\/\/www.europesays.com\/es\/wp-json\/wp\/v2\/media\/192644"}],"wp:attachment":[{"href":"https:\/\/www.europesays.com\/es\/wp-json\/wp\/v2\/media?parent=192643"}],"wp:term":[{"taxonomy":"category","embeddable":true,"href":"https:\/\/www.europesays.com\/es\/wp-json\/wp\/v2\/categories?post=192643"},{"taxonomy":"post_tag","embeddable":true,"href":"https:\/\/www.europesays.com\/es\/wp-json\/wp\/v2\/tags?post=192643"}],"curies":[{"name":"wp","href":"https:\/\/api.w.org\/{rel}","templated":true}]}}