{"id":192651,"date":"2025-10-22T00:36:09","date_gmt":"2025-10-22T00:36:09","guid":{"rendered":"https:\/\/www.europesays.com\/es\/192651\/"},"modified":"2025-10-22T00:36:09","modified_gmt":"2025-10-22T00:36:09","slug":"foto-inedita-de-reunion-entre-actores-de-harry-potter-sorprende-a-fanaticos-15-anos-despues","status":"publish","type":"post","link":"https:\/\/www.europesays.com\/es\/192651\/","title":{"rendered":"Foto in\u00e9dita de reuni\u00f3n entre actores de \u2018Harry Potter\u2019 sorprende a fan\u00e1ticos 15 a\u00f1os despu\u00e9s"},"content":{"rendered":"<p class=\"default__StyledText-sc-oqc75h-0 kDYpOE body-paragraph\"><b>Furor en redes sociales<\/b> caus\u00f3 una reciente fotograf\u00eda publicada por <b>Oliver Phelps<\/b>, actor que dio vida a <b>Fred Weasley<\/b> en las ocho pel\u00edculas de <a href=\"https:\/\/www.nacion.com\/viva\/harry-potter-asi-lucen-los-nuevos-actores-frente-a\/4GJT4W66MRBUNA2VG2KTB3T3HE\/story\/\" target=\"_blank\" rel=\"nofollow noopener\" title=\"https:\/\/www.nacion.com\/viva\/harry-potter-asi-lucen-los-nuevos-actores-frente-a\/4GJT4W66MRBUNA2VG2KTB3T3HE\/story\/\">Harry Potter<\/a>. La imagen fue compartida en su cuenta de Instagram y muestra un <b>encuentro inesperado<\/b> con otros dos miembros de la familia Weasley.<\/p>\n<p class=\"default__StyledText-sc-oqc75h-0 kDYpOE body-paragraph\">En la foto aparecen tambi\u00e9n su hermano gemelo <b>James Phelps<\/b> (George Weasley) y <b>Bonnie Wright<\/b>, quien interpret\u00f3 a <b>Ginny Weasley<\/b>. Seg\u00fan escribi\u00f3 Oliver, el reencuentro tuvo lugar durante una <b>\u201creuni\u00f3n familiar en Baltimore\u201d<\/b>.<\/p>\n<p class=\"default__StyledText-sc-oqc75h-0 kDYpOE body-paragraph\"><b>La ausencia de Rupert Grint<\/b>, quien encarn\u00f3 a <b>Ron Weasley<\/b>, gener\u00f3 comentarios entre los seguidores de la saga. Los fan\u00e1ticos expresaron su emoci\u00f3n y nostalgia, y algunos lamentaron no ver a la familia completa.<\/p>\n<p class=\"default__StyledText-sc-oqc75h-0 kDYpOE body-paragraph\">La publicaci\u00f3n se volvi\u00f3 viral entre los seguidores de la franquicia cinematogr\u00e1fica inspirada en los libros de <b>J.K. Rowling<\/b>, que tuvo su primer filme en 2001 y concluy\u00f3 en 2011 con Harry Potter y las reliquias de la muerte: Parte 2. En esa \u00faltima entrega, Bonnie Wright particip\u00f3 en la escena final como la versi\u00f3n adulta de Ginny Weasley, casada con el personaje de Harry Potter.<\/p>\n<p><img decoding=\"async\" data-chromatic=\"ignore\" alt=\"Tres actores de la familia Weasley se reunieron tras 15 a\u00f1os y causaron revuelo entre los fan\u00e1ticos de Harry Potter.\" class=\"c-image\" loading=\"lazy\" src=\"https:\/\/www.europesays.com\/es\/wp-content\/uploads\/2025\/10\/Q2EJRTGTZREEVMHOWIVQSJUOUI.jpg\"  width=\"1200\" height=\"798\"\/>Tres actores de la familia Weasley se reunieron tras 15 a\u00f1os y causaron revuelo entre los fan\u00e1ticos de Harry Potter. (Warner Bros. Pictures\/Captura) <\/p>\n<p class=\"default__StyledText-sc-oqc75h-0 kDYpOE body-paragraph\">Mientras los actores originales contin\u00faan sorprendiendo con reuniones fuera de los sets, los <b>productores de la saga trabajan en una nueva adaptaci\u00f3n televisiva<\/b>, tambi\u00e9n basada en los libros de Rowling. El lanzamiento de esta serie est\u00e1 previsto para <b>2027<\/b>.<\/p>\n<p class=\"default__StyledText-sc-oqc75h-0 kDYpOE body-paragraph\">En esta nueva producci\u00f3n, <b>Dominic McLaughlin<\/b> asumir\u00e1 el papel de Harry Potter, <b>Arabella Stanton<\/b> interpretar\u00e1 a Hermione Granger y <b>Alastair Stout<\/b> dar\u00e1 vida a Ron Weasley. Hasta el momento, <b>no se han revelado los nombres de los actores que interpretar\u00e1n al resto de los hermanos Weasley<\/b>.<\/p>\n<p class=\"interstitial-link block-margin-bottom\" style=\"min-height:20px;display:inline-block\">LEA M\u00c1S: <a target=\"_blank\" href=\"https:\/\/www.nacion.com\/viva\/exestrella-de-harry-potter-dice-que-necesitara\/ZYBTKQRTPNANZJ3K277LTFO7F4\/story\/\" aria-label=\"Abrir historia relacionada\" class=\"default__StyledLink-sc-oqc75h-1 lnjDHE\" rel=\"nofollow noopener\">Exestrella de \u2018Harry Potter\u2019 dice que necesitar\u00e1 terapia por nueva serie y duda en trabajar con J.K. Rowling<\/a><\/p>\n<p class=\"default__StyledText-sc-oqc75h-0 kDYpOE body-paragraph\">*La creaci\u00f3n de este contenido cont\u00f3 con la asistencia de inteligencia artificial. La fuente de esta informaci\u00f3n es de un medio del Grupo de Diarios Am\u00e9rica (GDA) y revisada por un editor para asegurar su precisi\u00f3n. El contenido no se gener\u00f3 autom\u00e1ticamente.<\/p>\n","protected":false},"excerpt":{"rendered":"Furor en redes sociales caus\u00f3 una reciente fotograf\u00eda publicada por Oliver Phelps, actor que dio vida a Fred&hellip;\n","protected":false},"author":2,"featured_media":192652,"comment_status":"","ping_status":"","sticky":false,"template":"","format":"standard","meta":{"footnotes":""},"categories":[169],"tags":[177,146,147,25,24,176,3999,15892,175,15891,23],"class_list":{"0":"post-192651","1":"post","2":"type-post","3":"status-publish","4":"format-standard","5":"has-post-thumbnail","7":"category-cine","8":"tag-cine","9":"tag-entertainment","10":"tag-entretenimiento","11":"tag-es","12":"tag-espana","13":"tag-film","14":"tag-harry-potter","15":"tag-jgg","16":"tag-movies","17":"tag-notas-ia","18":"tag-spain"},"share_on_mastodon":{"url":"https:\/\/pubeurope.com\/@es\/115415022814152193","error":""},"_links":{"self":[{"href":"https:\/\/www.europesays.com\/es\/wp-json\/wp\/v2\/posts\/192651","targetHints":{"allow":["GET"]}}],"collection":[{"href":"https:\/\/www.europesays.com\/es\/wp-json\/wp\/v2\/posts"}],"about":[{"href":"https:\/\/www.europesays.com\/es\/wp-json\/wp\/v2\/types\/post"}],"author":[{"embeddable":true,"href":"https:\/\/www.europesays.com\/es\/wp-json\/wp\/v2\/users\/2"}],"replies":[{"embeddable":true,"href":"https:\/\/www.europesays.com\/es\/wp-json\/wp\/v2\/comments?post=192651"}],"version-history":[{"count":0,"href":"https:\/\/www.europesays.com\/es\/wp-json\/wp\/v2\/posts\/192651\/revisions"}],"wp:featuredmedia":[{"embeddable":true,"href":"https:\/\/www.europesays.com\/es\/wp-json\/wp\/v2\/media\/192652"}],"wp:attachment":[{"href":"https:\/\/www.europesays.com\/es\/wp-json\/wp\/v2\/media?parent=192651"}],"wp:term":[{"taxonomy":"category","embeddable":true,"href":"https:\/\/www.europesays.com\/es\/wp-json\/wp\/v2\/categories?post=192651"},{"taxonomy":"post_tag","embeddable":true,"href":"https:\/\/www.europesays.com\/es\/wp-json\/wp\/v2\/tags?post=192651"}],"curies":[{"name":"wp","href":"https:\/\/api.w.org\/{rel}","templated":true}]}}