{"id":192655,"date":"2025-10-22T00:38:10","date_gmt":"2025-10-22T00:38:10","guid":{"rendered":"https:\/\/www.europesays.com\/es\/192655\/"},"modified":"2025-10-22T00:38:10","modified_gmt":"2025-10-22T00:38:10","slug":"la-ciencia-acelera-contra-el-cancer-de-mama-la-investigacion-abre-la-puerta-a-una-supervivencia-del-90","status":"publish","type":"post","link":"https:\/\/www.europesays.com\/es\/192655\/","title":{"rendered":"La ciencia acelera contra el c\u00e1ncer de mama: la investigaci\u00f3n abre la puerta a una supervivencia del 90%"},"content":{"rendered":"<p>Cada 19 de octubre, fecha designada por la <strong>Organizaci\u00f3n Mundial de la Salud (OMS)<\/strong> como el <strong>D\u00eda del C\u00e1ncer de Mama<\/strong>, reacudimos a la importancia de la prevenci\u00f3n y el diagn\u00f3stico temprano. Sin embargo, la labor cient\u00edfica tambi\u00e9n avanza con paso firme en el terreno terap\u00e9utico. En los \u00faltimos meses han emergido innovaciones que podr\u00edan transformar el pron\u00f3stico de muchas mujeres \u2014y ello es motivo tanto de atenci\u00f3n como de optimismo.<\/p>\n<p style=\"text-align: center;\"><strong>Uno de los hitos m\u00e1s destacados es la estrategia que introduce el f\u00e1rmaco Trastuzumab deruxtecan (T-DXd) en estadios tempranos del c\u00e1ncer de mama, antes incluso de la cirug\u00eda, cuando hasta ahora se reservaba para fases m\u00e1s avanzadas.<\/strong><\/p>\n<p>Se trata de un tratamiento conocido comercialmente como Enhertu, que ya hab\u00eda demostrado resultados decisivos en el c\u00e1ncer metast\u00e1sico: en el ensayo de fase 3 DESTINY\u2011Breast03 se alcanz\u00f3 una mediana de supervivencia libre de progresi\u00f3n de 29 meses frente a 7,2 meses con el tratamiento previo (HR 0,30) y una reducci\u00f3n del riesgo de muerte del 27 % (HR 0,73).<\/p>\n<p>Los nuevos datos, presentados en congresos internacionales, abren la puerta a que este enfoque se aplique tambi\u00e9n en fases iniciales, lo que beneficiar\u00eda a miles de mujeres (en Espa\u00f1a se estima que m\u00e1s de 3.000 podr\u00edan ser candidatas) y dar\u00eda un salto decisivo en la lucha contra el subtipo HER2 positivo.<\/p>\n<p style=\"text-align: center;\"><strong>Otra l\u00ednea emergente radica en el uso de la biopsia l\u00edquida \u2014la medici\u00f3n del ADN tumoral circulante (ctDNA) en sangre\u2014 como biomarcador para detectar reca\u00eddas o resistencia al tratamiento antes de que se manifiesten cl\u00ednicamente. <\/strong><\/p>\n<p>Estudios recientes muestran que \u201cla detecci\u00f3n de ctDNA permite predecir la aparici\u00f3n de mutaciones de resistencia y cambiar el tratamiento al primer signo\u201d, lo que abre una ventana de intervenci\u00f3n mucho m\u00e1s temprana y personalizada.<\/p>\n<p>\u201cInvestigadores compartieron nuevos estudios que pueden ayudar a responder estas preguntas y respaldar el uso del ctDNA en la atenci\u00f3n del c\u00e1ncer de mama\u201d, se se\u00f1alaba en un informe de la <strong>Breast Cancer Research Foundation<\/strong>.<\/p>\n<p>Asimismo, en Espa\u00f1a, la biotecnol\u00f3gica <strong>InnoUp<\/strong> desarrolla la formulaci\u00f3n oral INP12 de paclitaxel mediante nanotecnolog\u00eda, optimizando la administraci\u00f3n del f\u00e1rmaco, reduciendo toxicidades y mejorando la calidad de vida. Su directora general resum\u00eda bien el sentido del proyecto: \u201cGracias a su perfil farmacocin\u00e9tico [\u2026] esta formulaci\u00f3n permite una administraci\u00f3n m\u00e1s segura y potencialmente m\u00e1s eficaz\u201d.<\/p>\n<p>Estos avances no ocultan los retos: la enfermedad metast\u00e1sica sigue siendo devastadora, y a\u00fan queda camino para que todas las variantes \u2014especialmente la triple negativa\u2014 cuenten con terapias tan eficaces. Los investigadores insisten en que \u201cpara que el c\u00e1ncer de mama se pueda curar en su totalidad, es fundamental un abordaje sist\u00e9mico\u201d. Es decir, debemos ver el tumor no solo como una masa localizada, sino en di\u00e1logo con el resto del organismo, el sistema inmunitario y incluso el sistema nervioso.<\/p>\n<p>En definitiva, la combinaci\u00f3n de nuevos f\u00e1rmacos m\u00e1s eficaces, biomarcadores m\u00e1s sensibles y terapias m\u00e1s personalizadas nos conduce a un futuro donde el c\u00e1ncer de mama deje de ser una sentencia para muchas mujeres y alcanzar el 90 por ciento de sanaci\u00f3n como auguran ya los profesionales. Hoy podemos afirmar que la esperanza ya se asienta sobre bases cient\u00edficas s\u00f3lidas.<\/p>\n<p>Redacci\u00f3n<br \/>En Positivo<\/p>\n<p>Leer m\u00e1s:<\/p>\n<p><a style=\"color: #3366ff;\" href=\"https:\/\/www.enpositivo.com\/2024\/08\/22\/el-bioquimico-mariano-barbacid-y-la-inspiradora-donacion-a-la-lucha-contra-el-cancer\/\" rel=\"nofollow noopener\" target=\"_blank\">El bioqu\u00edmico Mariano Barbacid y la inspiradora donaci\u00f3n a la lucha contra el c\u00e1ncer<\/a><br \/>\n<a style=\"color: #3366ff;\" href=\"https:\/\/www.enpositivo.com\/2025\/09\/02\/macroestudio-internacional-senala-al-intestino-como-clave-en-la-prevencion-del-alzheimer-y-parkinson\/\" rel=\"nofollow noopener\" target=\"_blank\">Macroestudio internacional se\u00f1ala al intestino como clave en la prevenci\u00f3n del alzh\u00e9imer y p\u00e1rkinson<\/a><br \/>\n<a style=\"color: #3366ff;\" href=\"https:\/\/www.enpositivo.com\/2025\/02\/19\/ultimos-avances-para-el-diagnostico-y-tratamiento-de-enfermedades-raras\/\" rel=\"nofollow noopener\" target=\"_blank\">\u00daltimos avances para el diagn\u00f3stico y tratamiento de enfermedades raras<\/a><\/p>\n","protected":false},"excerpt":{"rendered":"Cada 19 de octubre, fecha designada por la Organizaci\u00f3n Mundial de la Salud (OMS) como el D\u00eda del&hellip;\n","protected":false},"author":2,"featured_media":192656,"comment_status":"","ping_status":"","sticky":false,"template":"","format":"standard","meta":{"footnotes":""},"categories":[92],"tags":[53747,8106,53748,32404,25,24,165,1294,53749,166,23,53750,53751],"class_list":{"0":"post-192655","1":"post","2":"type-post","3":"status-publish","4":"format-standard","5":"has-post-thumbnail","7":"category-salud","8":"tag-biopsia-liquida","9":"tag-cancer-de-mama","10":"tag-dia-del-cancer-de-mama","11":"tag-en-positivo","12":"tag-es","13":"tag-espana","14":"tag-health","15":"tag-investigacion","16":"tag-noticias-positivas-salud","17":"tag-salud","18":"tag-spain","19":"tag-trastuzumab-deruxtecan","20":"tag-tratamientos-cancer-de-mama"},"share_on_mastodon":{"url":"https:\/\/pubeurope.com\/@es\/115415030582983618","error":""},"_links":{"self":[{"href":"https:\/\/www.europesays.com\/es\/wp-json\/wp\/v2\/posts\/192655","targetHints":{"allow":["GET"]}}],"collection":[{"href":"https:\/\/www.europesays.com\/es\/wp-json\/wp\/v2\/posts"}],"about":[{"href":"https:\/\/www.europesays.com\/es\/wp-json\/wp\/v2\/types\/post"}],"author":[{"embeddable":true,"href":"https:\/\/www.europesays.com\/es\/wp-json\/wp\/v2\/users\/2"}],"replies":[{"embeddable":true,"href":"https:\/\/www.europesays.com\/es\/wp-json\/wp\/v2\/comments?post=192655"}],"version-history":[{"count":0,"href":"https:\/\/www.europesays.com\/es\/wp-json\/wp\/v2\/posts\/192655\/revisions"}],"wp:featuredmedia":[{"embeddable":true,"href":"https:\/\/www.europesays.com\/es\/wp-json\/wp\/v2\/media\/192656"}],"wp:attachment":[{"href":"https:\/\/www.europesays.com\/es\/wp-json\/wp\/v2\/media?parent=192655"}],"wp:term":[{"taxonomy":"category","embeddable":true,"href":"https:\/\/www.europesays.com\/es\/wp-json\/wp\/v2\/categories?post=192655"},{"taxonomy":"post_tag","embeddable":true,"href":"https:\/\/www.europesays.com\/es\/wp-json\/wp\/v2\/tags?post=192655"}],"curies":[{"name":"wp","href":"https:\/\/api.w.org\/{rel}","templated":true}]}}