{"id":192661,"date":"2025-10-22T00:43:16","date_gmt":"2025-10-22T00:43:16","guid":{"rendered":"https:\/\/www.europesays.com\/es\/192661\/"},"modified":"2025-10-22T00:43:16","modified_gmt":"2025-10-22T00:43:16","slug":"ayudas-a-celiacos-todo-el-congreso-salvo-podemos-apoya-una-ley-del-pp-para-conceder-ayudas-a-los-celiacos-espana","status":"publish","type":"post","link":"https:\/\/www.europesays.com\/es\/192661\/","title":{"rendered":"Ayudas a cel\u00edacos: Todo el Congreso salvo Podemos apoya una ley del PP para conceder ayudas a los cel\u00edacos | Espa\u00f1a"},"content":{"rendered":"<p class=\"\">Pocas veces \u2014o pr\u00e1cticamente ninguna\u2014 se da en el hemiciclo una imagen como la presenciada este martes: todo los grupos, salvo Podemos, votando a favor de una iniciativa legislativa presentada por el PP. En un movimiento poco usual, los partidos del Gobierno de coalici\u00f3n, PSOE y Sumar, junto al resto del bloque de investidura, han apoyado una proposici\u00f3n de ley los populares que promueve las ayudas directas para personas cel\u00edacas, quienes normalmente <a href=\"https:\/\/elpais.com\/politica\/2016\/09\/02\/actualidad\/1472836297_371309.html\" target=\"_self\" rel=\"nofollow noopener\" title=\"https:\/\/elpais.com\/politica\/2016\/09\/02\/actualidad\/1472836297_371309.html\">enfrentan en los supermercados precios m\u00e1s elevados<\/a> para comprar alimentos acordes a su enfermedad. La propuesta ha salido adelante con 338 votos a favor, tres en contra y la abstenci\u00f3n de los cuatro diputados de Podemos. Eso s\u00ed, los dos socios del Gobierno han manifestado todas las cr\u00edticas posibles al contenido del texto y han justificado su postura para permitir \u00fanicamente la toma en consideraci\u00f3n de la norma, que puede ser ahora modificada en su tramitaci\u00f3n.<\/p>\n<p class=\"\">La norma pasar\u00e1 de esta forma, con una holgada mayor\u00eda, el primer paso de su camino en el Congreso. Pero en la formaci\u00f3n de Alberto N\u00fa\u00f1ez Feij\u00f3o recelan de que el texto acabe en el \u201ccongelador\u201d de la presidenta de la C\u00e1mara baja, la socialista Francina Armengol. Esto es, que la Mesa, con mayor\u00eda de PSOE y Sumar, <a href=\"https:\/\/elpais.com\/espana\/2025-09-01\/el-congreso-ni-esta-congelado-ni-va-como-una-moto.html\" target=\"_self\" rel=\"nofollow noopener\" title=\"https:\/\/elpais.com\/espana\/2025-09-01\/el-congreso-ni-esta-congelado-ni-va-como-una-moto.html\">frene durante largo tiempo su tramitaci\u00f3n parlamentaria.<\/a> \u201cNo la meta en el congelador, donde ya tiene 41 iniciativas del Partido Popular\u201d, ha objetado en esa l\u00ednea la diputada del PP, Maribel S\u00e1nchez, durante el debate en pleno. <\/p>\n<p class=\"\">La parlamentaria popular ha sido la encargada de defender la proposici\u00f3n de ley, que \u201cbusca ofrecer una ayuda directa y reembolsable a quienes soportan el sobrecoste de la celiaqu\u00eda\u201d, y para ello incorpora \u201cuna deducci\u00f3n en el IRPF de hasta 600 euros por cada miembro de la unidad familiar que est\u00e9 diagnosticado con la enfermedad cel\u00edaca\u201d. Tambi\u00e9n incluye la creaci\u00f3n de un registro estatal de pacientes \u201cpara garantizar la transparencia, el rigor y la justicia en el acceso a esta compensaci\u00f3n econ\u00f3mica\u201d. <\/p>\n<p class=\"\"><a href=\"https:\/\/elpais.com\/espana\/catalunya\/2025-08-25\/ser-celiaco-en-tiempos-de-modernos-decir-que-una-dieta-sin-gluten-es-mas-sana-es-una-creencia-popular-falsa.html\" target=\"_self\" rel=\"nofollow noopener\" title=\"https:\/\/elpais.com\/espana\/catalunya\/2025-08-25\/ser-celiaco-en-tiempos-de-modernos-decir-que-una-dieta-sin-gluten-es-mas-sana-es-una-creencia-popular-falsa.html\">Los expertos estiman que en Espa\u00f1a hay medio mill\u00f3n de cel\u00edacos,<\/a> pero solo un 40% del total est\u00e1n diagnosticados por la dificultad de detectar la patolog\u00eda. En datos del PP, la ley impulsada por su grupo implicar\u00eda a futuro una inversi\u00f3n de 60 millones de euros al a\u00f1o. El pleno va a aprobar su toma en consideraci\u00f3n, por lo que los grupos podr\u00e1n proponer despu\u00e9s enmiendas para modificar su contenido si la proposici\u00f3n avanza en su tramitaci\u00f3n parlamentaria. <\/p>\n<p>Cr\u00edticas pese a votar a favor<\/p>\n<p class=\"\">Pese a anunciar su respaldo, los dos socios del Gobierno han repartido cr\u00edticas tanto al PP como a su propuesta. \u201cEl compromiso del grupo socialista con las personas con la celiaqu\u00eda es firme por eso queremos fijar una posici\u00f3n seria, responsable y coherente. Coherencia que el PP no muestra\u201d, ha comenzado su intervenci\u00f3n la diputada del PSOE Isabel Iniesta, que ha recordado que su partido present\u00f3 el 22 marzo 2023, en las Cortes de Castilla y Le\u00f3n, una proposici\u00f3n no de ley para establecer ayudas a las personas cel\u00edacas en funci\u00f3n de la renta. Durante el debate, ha rememorado Iniesta, el presidente auton\u00f3mico, el popular Alfonso Fern\u00e1ndez Ma\u00f1ueco, <a href=\"https:\/\/elpais.com\/espana\/2023-03-23\/el-pp-de-castilla-y-leon-niega-que-manueco-le-hiciese-una-peineta-a-una-parlamentaria-socialista-en-las-cortes.html\" target=\"_self\" rel=\"nofollow noopener\" title=\"https:\/\/elpais.com\/espana\/2023-03-23\/el-pp-de-castilla-y-leon-niega-que-manueco-le-hiciese-una-peineta-a-una-parlamentaria-socialista-en-las-cortes.html\">abandon\u00f3 el pleno haci\u00e9ndole \u201cuna peineta a la diputada socialista que defend\u00eda esa iniciativa\u201d<\/a>. <\/p>\n<p class=\"\">Para Iniesta, la propuesta del PP \u201cesconde un planteamiento profundamente injusto y regresivo\u201d, al no tener en cuenta \u201cni el nivel de renta ni las circunstancias familiares\u201d. \u201cMuchas familias no realizan la declaraci\u00f3n de la renta por no llegar a los m\u00ednimos. Esto no es justicia fiscal, es oportunismo fiscal\u201d, ha incidido la diputada, que ha defendido un modelo de ayudas progresivas y vinculadas a la renta. \u201cVamos a seguir trabajando para que todas las personas con enfermedad cel\u00edaca tengan apoyo, informaci\u00f3n y recursos suficientes vivan donde vivan y ganen lo que ganen, por eso votaremos a favor de su propuesta, porque nunca el POE va a dejar de lado a las personas cel\u00edacas y sus familias\u201d, ha rematado.<\/p>\n<p class=\"\">Tambi\u00e9n Sumar ha defendido la admisi\u00f3n a tr\u00e1mite, \u201cpara mejorar mucho\u201d la iniciativa presentada, despu\u00e9s de que el Ministerio de Sanidad, en manos de M\u00e1s Madrid, declarara en julio la celiaqu\u00eda como una enfermedad cr\u00f3nica. Alda Recas, de este partido, ha aprovechado para defender la labor del departamento de M\u00f3nica Garc\u00eda y ha utilizado la propuesta de creaci\u00f3n de un registro especifico para cargar contra el PP: \u201c\u00a1Madre m\u00eda, que l\u00edo tienen con los registros y sus usos! Celiaqu\u00eda, a favor. C\u00f3mo los migrantes usan la sanidad en la Comunidad Valenciana, votamos que s\u00ed. Pero no de cribados, o de objetores para el tema del aborto. Ese no nos gusta\u201d, ha se\u00f1alado. \u201cD\u00edganle a la se\u00f1ora [Isabel D\u00edaz] Ayuso que se vuelva de ese en\u00e9simo viaje de EE UU, que tiene un requerimiento y un mes para cumplir la ley\u201d, ha advertido Recas desde la tribuna.<\/p>\n","protected":false},"excerpt":{"rendered":"Pocas veces \u2014o pr\u00e1cticamente ninguna\u2014 se da en el hemiciclo una imagen como la presenciada este martes: todo&hellip;\n","protected":false},"author":2,"featured_media":192662,"comment_status":"","ping_status":"","sticky":false,"template":"","format":"standard","meta":{"footnotes":""},"categories":[8],"tags":[6069,17,18,53752,4456,25,24,13,14,11,19,20,36526,9,10,15,16,2959,956,1699,23,4453,12,21,22,4454],"class_list":{"0":"post-192661","1":"post","2":"type-post","3":"status-publish","4":"format-standard","5":"has-post-thumbnail","7":"category-espana","8":"tag-alberto-nunez-feijoo","9":"tag-breaking-news","10":"tag-breakingnews","11":"tag-celiacos","12":"tag-congreso-diputados","13":"tag-es","14":"tag-espana","15":"tag-featured-news","16":"tag-featurednews","17":"tag-headlines","18":"tag-latest-news","19":"tag-latestnews","20":"tag-leyes-ordinarias","21":"tag-news","22":"tag-noticias","23":"tag-noticias-destacadas","24":"tag-noticiasdestacadas","25":"tag-pedro-sanchez","26":"tag-pp","27":"tag-psoe","28":"tag-spain","29":"tag-sumar","30":"tag-titulares","31":"tag-ultimas-noticias","32":"tag-ultimasnoticias","33":"tag-yolanda-diaz"},"share_on_mastodon":{"url":"https:\/\/pubeurope.com\/@es\/115415050168763099","error":""},"_links":{"self":[{"href":"https:\/\/www.europesays.com\/es\/wp-json\/wp\/v2\/posts\/192661","targetHints":{"allow":["GET"]}}],"collection":[{"href":"https:\/\/www.europesays.com\/es\/wp-json\/wp\/v2\/posts"}],"about":[{"href":"https:\/\/www.europesays.com\/es\/wp-json\/wp\/v2\/types\/post"}],"author":[{"embeddable":true,"href":"https:\/\/www.europesays.com\/es\/wp-json\/wp\/v2\/users\/2"}],"replies":[{"embeddable":true,"href":"https:\/\/www.europesays.com\/es\/wp-json\/wp\/v2\/comments?post=192661"}],"version-history":[{"count":0,"href":"https:\/\/www.europesays.com\/es\/wp-json\/wp\/v2\/posts\/192661\/revisions"}],"wp:featuredmedia":[{"embeddable":true,"href":"https:\/\/www.europesays.com\/es\/wp-json\/wp\/v2\/media\/192662"}],"wp:attachment":[{"href":"https:\/\/www.europesays.com\/es\/wp-json\/wp\/v2\/media?parent=192661"}],"wp:term":[{"taxonomy":"category","embeddable":true,"href":"https:\/\/www.europesays.com\/es\/wp-json\/wp\/v2\/categories?post=192661"},{"taxonomy":"post_tag","embeddable":true,"href":"https:\/\/www.europesays.com\/es\/wp-json\/wp\/v2\/tags?post=192661"}],"curies":[{"name":"wp","href":"https:\/\/api.w.org\/{rel}","templated":true}]}}