{"id":192667,"date":"2025-10-22T00:51:29","date_gmt":"2025-10-22T00:51:29","guid":{"rendered":"https:\/\/www.europesays.com\/es\/192667\/"},"modified":"2025-10-22T00:51:29","modified_gmt":"2025-10-22T00:51:29","slug":"gp-de-mexico-de-f1-tv-horarios-y-donde-ver-las-carreras-en-el-hermanos-rodriguez-en-directo-online","status":"publish","type":"post","link":"https:\/\/www.europesays.com\/es\/192667\/","title":{"rendered":"GP de M\u00e9xico de F1: TV, horarios y d\u00f3nde ver las carreras en el Hermanos Rodr\u00edguez en directo online"},"content":{"rendered":"<p class=\"\">El <b>Mundial <\/b>de <b>F\u00f3rmula 1<\/b> afronta su recta final con m\u00e1s emoci\u00f3n que nunca. Y el<b> GP de M\u00e9xico<\/b> (del 24 al 26 de octubre) puede contribuir a que esa exaltaci\u00f3n siga m\u00e1s presente que nunca; si de nuevo <b>Max Verstappen<\/b> vuelve a dejar en evidencia a <b>McLaren<\/b>. No es que los antecedentes m\u00e1s recientes sean favorables al neerland\u00e9s en el<b> Aut\u00f3dromo Hermanos Rodr\u00edguez,<\/b> donde hace tan solo un a\u00f1o la victoria fue para<b> Carlos Sainz<\/b> junto a <b>Ferrari<\/b>. Pero s\u00ed lo hacen los resultados de las cuatro \u00faltimas carreras en las que, MadMax, ha reducido en pr\u00e1cticamente la mitad de puntos su desventaja con el liderato que ostentan los de <b>Woking <\/b>desde que empez\u00f3 el a\u00f1o.<\/p>\n<p class=\"\">Un inicio de temporada dominado sin fisuras por <b>McLaren <\/b>hizo pensar, que este 2025 tan solo tendr\u00eda dos contendientes al t\u00edtulo.<b> Oscar Piastri<\/b> y<b> Lando Norris<\/b> se alternaban el favoritismo de un circuito a otro, ya que nadie parec\u00eda estar a la altura del <b>MCL35<\/b>. Pero la realidad es que otra gesti\u00f3n cuestionada por parte de los de <b>Woking <\/b>y el gran estado de forma de un <b>Verstappen <\/b>que ha ganado tres de los \u00faltimos cuatro grandes premios, han cambiado por completo un panorama donde mucho deben cambiar las cosas para que el neerland\u00e9s, no sea favorito al triunfo tambi\u00e9n en este <b>GP de M\u00e9xico<\/b>. Donde el <b>Aston Martin<\/b> de <b>Fernando Alonso <\/b>tambi\u00e9n llega con cierta dosis de optimismo.<\/p>\n<p><b>Horarios: \u00bfA qu\u00e9 hora es el GP de M\u00e9xico?<\/b><b>Viernes 24 de octubre<\/b><\/p>\n<tr>Pa\u00edsLibres 1Libres 2<\/tr>\n<tr>\n<td>Espa\u00f1a<\/td>\n<td>20:30<\/td>\n<td>00:00<\/td>\n<\/tr>\n<tr>\n<td>Portugal<\/td>\n<td>19:30<\/td>\n<td>23:00<\/td>\n<\/tr>\n<tr>\n<td>Argentina<\/td>\n<td>15:30<\/td>\n<td>19:00<\/td>\n<\/tr>\n<tr>\n<td>Chile \/ Estados Unidos<\/td>\n<td>14:30<\/td>\n<td>18:00<\/td>\n<\/tr>\n<tr>\n<td>Colombia \/ Per\u00fa<\/td>\n<td>13:30<\/td>\n<td>17:00<\/td>\n<\/tr>\n<tr>\n<td>M\u00e9xico<\/td>\n<td>12:30<\/td>\n<td>16:00<\/td>\n<\/tr>\n<p><b>S\u00e1bado 25 de octubre<\/b><\/p>\n<tr>Pa\u00edsLibres 3Clasificaci\u00f3n<\/tr>\n<tr>\n<td>Espa\u00f1a<\/td>\n<td>19:30<\/td>\n<td>23:00<\/td>\n<\/tr>\n<tr>\n<td>Portugal<\/td>\n<td>18:30<\/td>\n<td>22:00<\/td>\n<\/tr>\n<tr>\n<td>Argentina<\/td>\n<td>14:30<\/td>\n<td>18:00<\/td>\n<\/tr>\n<tr>\n<td>Chile \/ Estados Unidos<\/td>\n<td>13:30<\/td>\n<td>17:00<\/td>\n<\/tr>\n<tr>\n<td>Colombia \/ Per\u00fa<\/td>\n<td>12:30<\/td>\n<td>16:00<\/td>\n<\/tr>\n<tr>\n<td>M\u00e9xico<\/td>\n<td>11:30<\/td>\n<td>15:00<\/td>\n<\/tr>\n<p><b>Domingo 26 de octubre<\/b><\/p>\n<tr>Pa\u00edsCarrera<\/tr>\n<tr>\n<td><b>Espa\u00f1a<\/b><\/td>\n<td><b>21:00<\/b><\/td>\n<\/tr>\n<tr>\n<td>Portugal<\/td>\n<td>20:00<\/td>\n<\/tr>\n<tr>\n<td>Argentina<\/td>\n<td>17:00<\/td>\n<\/tr>\n<tr>\n<td>Chile \/ Estados Unidos<\/td>\n<td>16:00<\/td>\n<\/tr>\n<tr>\n<td>Colombia \/ Per\u00fa<\/td>\n<td>15:00<\/td>\n<\/tr>\n<tr>\n<td>M\u00e9xico<\/td>\n<td>14:00<\/td>\n<\/tr>\n<p><b>TV: \u00bfD\u00f3nde ver en TV y en Internet el GP de M\u00e9xico?<\/b><\/p>\n<p class=\"\">El Mundial de F\u00f3rmula 1 2025 <a href=\"https:\/\/prf.hn\/click\/camref:1011l84PU\/ar:asf1baku060621\" rel=\"nofollow noopener\" target=\"_blank\">se puede seguir por televisi\u00f3n en DAZN F1 en Espa\u00f1a<\/a>. En Colombia y Per\u00fa, las carreras se pueden ver a trav\u00e9s de STAR Action y ESPN. En M\u00e9xico, a trav\u00e9s de FOX Sports M\u00e9xico. En Chile, las retransmisiones son en STAR Action y FOX Sports Chile y en Argentina hay tres opciones: STAR Action, ESPN y FOX Argentina. En Estados Unidos se puede ver a trav\u00e9s de ESPN. Adem\u00e1s de estos canales, en todos estos pa\u00edses (excepto en el Espa\u00f1a) el Mundial puede seguirse en el servicio oficial de la F1: F1TV Pro.<\/p>\n<p>Noticias relacionadas<\/p>\n<p class=\"\">Adem\u00e1s, en <a href=\"http:\/\/as.com\/\" rel=\"nofollow noopener\" target=\"_blank\">AS.com<\/a> podr\u00e1 seguir en vivo y en directo tanto los entrenamientos libres, como la clasificaci\u00f3n del s\u00e1bado y la carrera del domingo. Y adem\u00e1s encontrar\u00e1s la mejor informaci\u00f3n del Mundial de F1 y todas las reacciones de los protagonistas, cr\u00f3nicas y an\u00e1lisis&#8230;<\/p>\n<p class=\"\"><b>\u00a1Tus opiniones importan!<\/b> Comenta en los art\u00edculos y suscr\u00edbete gratis a nuestra <a href=\"https:\/\/asfan.as.com\/newsletters\/\" target=\"_blank\" rel=\"nofollow noopener\" title=\"https:\/\/asfan.as.com\/newsletters\/\">newsletter<\/a> y a las alertas informativas en la <a href=\"https:\/\/as.com\/aplicacion-de-as-n\/\" target=\"_blank\" rel=\"nofollow noopener\" title=\"https:\/\/as.com\/aplicacion-de-as-n\/\">App<\/a> o el canal de <a href=\"https:\/\/www.whatsapp.com\/channel\/0029VaAasdA7j6g745nz9M10\" target=\"_blank\" rel=\"nofollow noopener\" title=\"https:\/\/www.whatsapp.com\/channel\/0029VaAasdA7j6g745nz9M10\">WhatsApp<\/a>. \u00bfBuscas licenciar contenido? Haz clic <a href=\"https:\/\/profesional.elpais.com\/soluciones-sindicacion?utm_medium=interno&amp;utm_source=crosslinking&amp;utm_campaign=sindicacion_as_pie_articulos\" target=\"_blank\" rel=\"nofollow noopener\" title=\"https:\/\/profesional.elpais.com\/soluciones-sindicacion?utm_medium=interno&amp;utm_source=crosslinking&amp;utm_campaign=sindicacion_as_pie_articulos\">aqu\u00ed<\/a><\/p>\n","protected":false},"excerpt":{"rendered":"El Mundial de F\u00f3rmula 1 afronta su recta final con m\u00e1s emoci\u00f3n que nunca. Y el GP de&hellip;\n","protected":false},"author":2,"featured_media":192668,"comment_status":"","ping_status":"","sticky":false,"template":"","format":"standard","meta":{"footnotes":""},"categories":[270],"tags":[168,25,24,306,271,272,23,167],"class_list":{"0":"post-192667","1":"post","2":"type-post","3":"status-publish","4":"format-standard","5":"has-post-thumbnail","7":"category-formula-1","8":"tag-deportes","9":"tag-es","10":"tag-espana","11":"tag-f1","12":"tag-formula-1","13":"tag-formula1","14":"tag-spain","15":"tag-sports"},"share_on_mastodon":{"url":"https:\/\/pubeurope.com\/@es\/115415081590514276","error":""},"_links":{"self":[{"href":"https:\/\/www.europesays.com\/es\/wp-json\/wp\/v2\/posts\/192667","targetHints":{"allow":["GET"]}}],"collection":[{"href":"https:\/\/www.europesays.com\/es\/wp-json\/wp\/v2\/posts"}],"about":[{"href":"https:\/\/www.europesays.com\/es\/wp-json\/wp\/v2\/types\/post"}],"author":[{"embeddable":true,"href":"https:\/\/www.europesays.com\/es\/wp-json\/wp\/v2\/users\/2"}],"replies":[{"embeddable":true,"href":"https:\/\/www.europesays.com\/es\/wp-json\/wp\/v2\/comments?post=192667"}],"version-history":[{"count":0,"href":"https:\/\/www.europesays.com\/es\/wp-json\/wp\/v2\/posts\/192667\/revisions"}],"wp:featuredmedia":[{"embeddable":true,"href":"https:\/\/www.europesays.com\/es\/wp-json\/wp\/v2\/media\/192668"}],"wp:attachment":[{"href":"https:\/\/www.europesays.com\/es\/wp-json\/wp\/v2\/media?parent=192667"}],"wp:term":[{"taxonomy":"category","embeddable":true,"href":"https:\/\/www.europesays.com\/es\/wp-json\/wp\/v2\/categories?post=192667"},{"taxonomy":"post_tag","embeddable":true,"href":"https:\/\/www.europesays.com\/es\/wp-json\/wp\/v2\/tags?post=192667"}],"curies":[{"name":"wp","href":"https:\/\/api.w.org\/{rel}","templated":true}]}}