{"id":19269,"date":"2025-08-01T20:25:09","date_gmt":"2025-08-01T20:25:09","guid":{"rendered":"https:\/\/www.europesays.com\/es\/19269\/"},"modified":"2025-08-01T20:25:09","modified_gmt":"2025-08-01T20:25:09","slug":"el-fichaje-de-luka-jovic-por-el-oviedo","status":"publish","type":"post","link":"https:\/\/www.europesays.com\/es\/19269\/","title":{"rendered":"El fichaje de Luka Jovic por el Oviedo"},"content":{"rendered":"<p class=\"parrafo\"><strong>El Real Oviedo vive d\u00edas de ilusi\u00f3n tras su esperado regreso a Primera Divisi\u00f3n,<\/strong> un objetivo que llevaba 24 a\u00f1os resisti\u00e9ndose.El club carbay\u00f3n se prepara para afrontar la m\u00e1xima categor\u00eda con ambici\u00f3n. En ese contexto, <a href=\"https:\/\/www.estadiodeportivo.com\/futbol\/oviedo\/fichaje-luka-jovic-inminente-20250731-506102.html\" target=\"_blank\" class=\"intext-link\" rel=\"nofollow noopener\">el posible fichaje de Luka Jovic<\/a> ha generado una enorme expectaci\u00f3n entre los aficionados. El delantero serbio, actualmente libre tras finalizar su v\u00ednculo con el AC Milan, <strong>podr\u00eda recalar en el conjunto asturiano para liderar el ataque en su vuelta a LaLiga.<\/strong><\/p>\n<p class=\"parrafo\"><strong>Luka Jovic, con 27 a\u00f1os y experiencia en grandes clubes como el Real Madrid, Eintracht de Frankfurt y el propio AC Milan, <\/strong>es uno de los nombres m\u00e1s destacados del mercado de fichajes. En Oviedo, su posible llegada se percibe como un golpe de efecto para asegurar la permanencia en Primera Divisi\u00f3n. La direcci\u00f3n deportiva del club, en consonancia con el cuerpo t\u00e9cnico de Paunovic, trabaja en reforzar una plantilla que ya cuenta con veteranos como <strong>Santi Cazorla, renovado por una temporada m\u00e1s, y nuevas incorporaciones como la del venezolano Salom\u00f3n Rond\u00f3n.<\/strong><\/p>\n<p><a class=\"elementos-rel-t2\" href=\"https:\/\/www.estadiodeportivo.com\/futbol\/oviedo\/resuelve-fichaje-santiago-colombatto-20250801-506274.html\" title=\"Se resuelve el fichaje de Santiago Colombatto\" rel=\"nofollow noopener\" target=\"_blank\">Se resuelve el fichaje de Santiago Colombatto<img decoding=\"async\" src=\"https:\/\/www.europesays.com\/es\/wp-content\/uploads\/2025\/08\/c29100e1-a8d9-4b69-9d58-92f13466c79d_320x180.jpeg\" alt=\"Se resuelve el fichaje de Santiago Colombatto\"\/><\/a><a class=\"elementos-rel-t2\" href=\"https:\/\/www.estadiodeportivo.com\/futbol\/oviedo\/otro-adios-real-oviedo-20250801-506260.html\" title=\"Otro adi\u00f3s en el Real Oviedo\" rel=\"nofollow noopener\" target=\"_blank\">Otro adi\u00f3s en el Real Oviedo<img decoding=\"async\" src=\"https:\/\/www.europesays.com\/es\/wp-content\/uploads\/2025\/08\/4916e60d-57ed-485b-8bad-7f2e2707f047_320x180.jpeg\" alt=\"Otro adi\u00f3s en el Real Oviedo\"\/><\/a><a class=\"elementos-rel-t2\" href=\"https:\/\/www.estadiodeportivo.com\/futbol\/oviedo\/dispuestos-cerrar-contratacion-gabriel-pec-20250801-506229.html\" title=\"Dispuestos a cerrar la contrataci\u00f3n de Gabriel Pec\" rel=\"nofollow noopener\" target=\"_blank\">Dispuestos a cerrar la contrataci\u00f3n de Gabriel Pec<img decoding=\"async\" src=\"https:\/\/www.europesays.com\/es\/wp-content\/uploads\/2025\/08\/b9203f14-83dc-4e2f-a522-378d157b6c77_320x180.jpeg\" alt=\"Dispuestos a cerrar la contrataci\u00f3n de Gabriel Pec\"\/><\/a><\/p>\n<p class=\"parrafo\">El objetivo del Real Oviedo es claro: <strong>consolidarse en la \u00e9lite del f\u00fatbol espa\u00f1ol. <\/strong>Conscientes de que la lucha por la permanencia ser\u00e1 exigente, en Oviedo quieren adelantarse a sus <strong>rivales con fichajes como el de Luka Jovic. <\/strong><\/p>\n<p class=\"parrafo\"><strong>Un fichaje con ecos del pasado balc\u00e1nico en Oviedo<\/strong><\/p>\n<p class=\"parrafo\">Aunque sorprendente, <strong>el posible fichaje de Luka Jovic por el Real Oviedo no ser\u00eda la primera vez que el club conf\u00eda en un jugador balc\u00e1nico<\/strong> con pasado en el Real Madrid. En 1994, <strong>Robert Prosinecki lleg\u00f3 cedido al equipo asturiano procedente del conjunto blanco.<\/strong> En Oviedo encontr\u00f3 minutos, continuidad y el respaldo de una afici\u00f3n entregada. <strong>Disput\u00f3 30 partidos, marc\u00f3 cinco goles y se convirti\u00f3 en un referente en el Carlos Tartiere.<\/strong> Su paso por el club dej\u00f3 huella pese a las dudas iniciales sobre su estado f\u00edsico.<\/p>\n<p class=\"parrafo\">Ahora, con Luka Jovic, la historia podr\u00eda repetirse. <strong>El atacante serbio no logr\u00f3 brillar en el Real Madrid, donde en tres temporadas solo marc\u00f3 tres goles en 51 partidos.<\/strong> Su rendimiento fue irregular, aunque en etapas posteriores, como en la Fiorentina y en el AC Milan, volvi\u00f3 a mostrar parte del talento que lo llev\u00f3 a ser fichado por 63 millones de euros tras una campa\u00f1a memorable en el Eintracht Frankfurt. <strong>En la temporada 2022-23, con la Fiorentina, firm\u00f3 13 goles en 50 partidos. Posteriormente, en el AC Milan, marc\u00f3 tambi\u00e9n 13 goles en 47 encuentros.<\/strong><\/p>\n<p><img decoding=\"async\" src=\"https:\/\/www.europesays.com\/es\/wp-content\/uploads\/2025\/08\/df3e87f7-132c-46bd-a8b1-d9b94ca9e2a1_800x533.jpeg\" loading=\"lazy\"\/><\/p>\n<p class=\"parrafo\">En Oviedo conf\u00edan en que un entorno m\u00e1s tranquilo y un proyecto deportivo estable puedan ser el <strong>escenario perfecto para que Luka Jovic recupere su mejor versi\u00f3n.<\/strong> Su fichaje supondr\u00eda un salto de calidad para el ataque carbay\u00f3n, adem\u00e1s de un aliciente m\u00e1s para una afici\u00f3n que ya sue\u00f1a con consolidarse en la \u00e9lite. Sin embargo, por el momento, no hay confirmaci\u00f3n oficial, aunque todo apunta a que <strong>Luka Jovic est\u00e1 m\u00e1s cerca que nunca del Real Oviedo.<\/strong><\/p>\n","protected":false},"excerpt":{"rendered":"El Real Oviedo vive d\u00edas de ilusi\u00f3n tras su esperado regreso a Primera Divisi\u00f3n, un objetivo que llevaba&hellip;\n","protected":false},"author":2,"featured_media":19270,"comment_status":"","ping_status":"","sticky":false,"template":"","format":"standard","meta":{"footnotes":""},"categories":[268],"tags":[168,25,24,284,285,280,282,3302,281,23,167],"class_list":{"0":"post-19269","1":"post","2":"type-post","3":"status-publish","4":"format-standard","5":"has-post-thumbnail","7":"category-futbol","8":"tag-deportes","9":"tag-es","10":"tag-espana","11":"tag-estadio-deportivo","12":"tag-fichajes","13":"tag-football","14":"tag-futbol","15":"tag-real-oviedo","16":"tag-soccer","17":"tag-spain","18":"tag-sports"},"share_on_mastodon":{"url":"","error":""},"_links":{"self":[{"href":"https:\/\/www.europesays.com\/es\/wp-json\/wp\/v2\/posts\/19269","targetHints":{"allow":["GET"]}}],"collection":[{"href":"https:\/\/www.europesays.com\/es\/wp-json\/wp\/v2\/posts"}],"about":[{"href":"https:\/\/www.europesays.com\/es\/wp-json\/wp\/v2\/types\/post"}],"author":[{"embeddable":true,"href":"https:\/\/www.europesays.com\/es\/wp-json\/wp\/v2\/users\/2"}],"replies":[{"embeddable":true,"href":"https:\/\/www.europesays.com\/es\/wp-json\/wp\/v2\/comments?post=19269"}],"version-history":[{"count":0,"href":"https:\/\/www.europesays.com\/es\/wp-json\/wp\/v2\/posts\/19269\/revisions"}],"wp:featuredmedia":[{"embeddable":true,"href":"https:\/\/www.europesays.com\/es\/wp-json\/wp\/v2\/media\/19270"}],"wp:attachment":[{"href":"https:\/\/www.europesays.com\/es\/wp-json\/wp\/v2\/media?parent=19269"}],"wp:term":[{"taxonomy":"category","embeddable":true,"href":"https:\/\/www.europesays.com\/es\/wp-json\/wp\/v2\/categories?post=19269"},{"taxonomy":"post_tag","embeddable":true,"href":"https:\/\/www.europesays.com\/es\/wp-json\/wp\/v2\/tags?post=19269"}],"curies":[{"name":"wp","href":"https:\/\/api.w.org\/{rel}","templated":true}]}}