{"id":192699,"date":"2025-10-22T01:15:17","date_gmt":"2025-10-22T01:15:17","guid":{"rendered":"https:\/\/www.europesays.com\/es\/192699\/"},"modified":"2025-10-22T01:15:17","modified_gmt":"2025-10-22T01:15:17","slug":"el-gran-canaria-impone-sus-galones-en-europa-83-93","status":"publish","type":"post","link":"https:\/\/www.europesays.com\/es\/192699\/","title":{"rendered":"El Gran Canaria impone sus galones en Europa (83-93)"},"content":{"rendered":"<p><a class=\"v-mdl-ath__fig-a\" href=\"https:\/\/www.canarias7.es\/autor\/daniel-herrera-rodriguez-6598.html\" title=\"Daniel Herrera Rodr\u00edguez\" rel=\"nofollow noopener\" target=\"_blank\"><br \/>\n<img decoding=\"async\" class=\"v-mdl-ath__img\" src=\"https:\/\/www.europesays.com\/es\/wp-content\/uploads\/2025\/08\/autor-6598-foto-1.jpeg\" alt=\"Daniel Herrera Rodr\u00edguez\"\/><br \/>\n<\/a><\/p>\n<p class=\"v-mdl-ath__p v-mdl-ath__p--6\">\nMartes, 21 de octubre 2025, 20:55<\/p>\n<p>| Actualizado 23:52h.<\/p>\n<p class=\"v-p\">El Gran Canaria blind\u00f3 su liderato con una solvente victoria en Serbia ante un aguerrido <strong>KK Spartak (83-93)<\/strong> que complic\u00f3 la papeleta a los claretianos en su feudo de <strong>Subotica<\/strong>, si bien Los amarillos pusieron la directa en el particular correcalles que quiso imponer el conjunto balc\u00e1nico. A los puntos de <strong>Shanon Thompson<\/strong> en la pintura contestaba el Granca con canastas de <strong>Labeyirie <\/strong>y, sobre todo, con los lanzamientos desde el exterior d<strong>e Nico Brussino<\/strong>, el cual anot\u00f3 8 puntos en un santiam\u00e9n, forzando el primer tiempo del t\u00e9cnico local, <strong>Vladimir Jovanovic <\/strong>(8-15) en pleno ecuador del primer cuarto.<\/p>\n<p class=\"v-p\">El conjunto serbio quiso imprimir m\u00fasculo y cerrar los resquicios en su trinchera ante el acierto isle\u00f1o, pero los amarillos -que en esta ocasi\u00f3n vest\u00edan de celeste- no aminoraron en su frenes\u00ed anotador. De ello se encarg\u00f3 <strong>Wong <\/strong>y <strong>Samar <\/strong>para desactivar los intentos de <strong>Hanlan <\/strong>y <strong>Drobnjank<\/strong>, cerrando el periodo inicial con una ventaja de 6 puntos (17-23). <\/p>\n<p class=\"v-p\">Ya en el segundo asalto, el Spartak lanz\u00f3 un \u00f3rdago a trav\u00e9s de <strong>Hanlan y Rebic <\/strong>(24-26), provocando ahora la parada t\u00e1ctica de <strong>Jaka Lakovic<\/strong>. Una pausa que pareci\u00f3 surtir efecto, ya que el Granca tom\u00f3 aire a trav\u00e9s de <strong>Angola y Brussino <\/strong>(28-42).<\/p>\n<p>Angola (arriba), Pelos (abajo a la izuiqerda) y Tobey, en distintos lances del encuentro.<\/p>\n<p>BCL<\/p>\n<p><img decoding=\"async\" loading=\"lazy\" src=\"https:\/\/www.europesays.com\/es\/wp-content\/uploads\/2025\/10\/spartak44444_papel_xoptimizadax-U230482364846IC--1200x841@Canarias7.jpg\" class=\"v-mdl__img-z\" width=\"1200\" height=\"841\" alt=\"Imagen principal - Angola (arriba), Pelos (abajo a la izuiqerda) y Tobey, en distintos lances del encuentro.\"\/><\/p>\n<p><img decoding=\"async\" loading=\"lazy\" src=\"https:\/\/www.europesays.com\/es\/wp-content\/uploads\/2025\/10\/spartak5-U230482364846IC--1200x851@Canarias7.jpg\" class=\"v-mdl__img-z\" width=\"1200\" height=\"851\" alt=\"Imagen secundaria 1 - Angola (arriba), Pelos (abajo a la izuiqerda) y Tobey, en distintos lances del encuentro.\"\/><\/p>\n<p><img decoding=\"async\" loading=\"lazy\" src=\"https:\/\/www.europesays.com\/es\/wp-content\/uploads\/2025\/10\/spartak4-U230482364846IC--711x841@Canarias7.jpg\" class=\"v-mdl__img-z\" width=\"711\" height=\"841\" alt=\"Imagen secundaria 2 - Angola (arriba), Pelos (abajo a la izuiqerda) y Tobey, en distintos lances del encuentro.\"\/><\/p>\n<p class=\"v-p\">Tras ese recital, el equipo local quiso reaccionar con Drobnjak como director de orquesta y consigui\u00f3 maquillar la hemorragia, aunque poco se pod\u00eda hacer ante un Angola desatado (39-46).<\/p>\n<p class=\"v-p\">En la reanudaci\u00f3n, el Spartak volvi\u00f3 a la carga, y de nuevo resete\u00f3 el encuentro en apenas dos minutos de juego <strong>con un parcial de 8-0 (47-50).<\/strong><strong>Brussino y Labeyrie <\/strong>frenaron por momentos el empuje local, aunque sufr\u00edan ante el excesivo contacto f\u00edsico de los balc\u00e1nicos (55-62 a 4:20 para que concluyera el tercer cuarto).<\/p>\n<p class=\"v-p\">Pero cuando parec\u00eda que se pon\u00edan m\u00e1s complicadas las cosas para los insulares, <strong>Wong y Albicy <\/strong>sacaron de la manga arre\u00f3n para afrontar el \u00faltimo cuarto con una ventaja de diez puntos <strong>(62-72).<\/strong><\/p>\n<p><img decoding=\"async\" loading=\"lazy\" src=\"https:\/\/www.europesays.com\/es\/wp-content\/uploads\/2025\/10\/spartak333_papel_xoptimizadax-U230482364846IC--1200x841@Canarias7.jpg\" class=\"v-mdl__img-z\" width=\"1200\" height=\"841\" alt=\"Imagen principal - El Gran Canaria impone sus galones en Europa (83-93)\"\/><\/p>\n<p><img decoding=\"async\" loading=\"lazy\" src=\"https:\/\/www.europesays.com\/es\/wp-content\/uploads\/2025\/10\/spartak55555_papel_xoptimizadax-U230482364846IC--1200x851@Canarias7.jpg\" class=\"v-mdl__img-z\" width=\"1200\" height=\"851\" alt=\"Imagen secundaria 1 - El Gran Canaria impone sus galones en Europa (83-93)\"\/><\/p>\n<p><img decoding=\"async\" loading=\"lazy\" src=\"https:\/\/www.europesays.com\/es\/wp-content\/uploads\/2025\/10\/spartak6-U230482364846IC--711x841@Canarias7.jpg\" class=\"v-mdl__img-z\" width=\"711\" height=\"841\" alt=\"Imagen secundaria 2 - El Gran Canaria impone sus galones en Europa (83-93)\"\/><\/p>\n<p class=\"v-p\">Ya en el \u00faltimo periodo, el Granca intent\u00f3 mantener la renta, aunque Hanlan segu\u00eda asumiendo el peso ofensivo del Spartak. Pero las acometidas espartanas se diluyeron ante el temple ofensivo de un Wong que fue creciendo en el desenlace del choque<strong> (70-82 a 5:54 para el final).<\/strong><\/p>\n<p class=\"v-p\">En los \u00faltimos compases se multiplicaron los errores en ambos lados de la cancha, conteniendo Angola y Labeyrie todos los esfuerzos de un correoso rival que no estaba dispuesto a capitular.<\/p>\n<p class=\"v-p\">YCon el 80-88 a falta de un minuto, la ansiedad le pas\u00f3 factura al equipo de Subotica, cosa que aprovech\u00f3 el Dreamland para contemporizar e incluso finiquitar el choque <strong>(83-93). <\/strong><\/p>\n<p class=\"v-p\"><strong>Ficha t\u00e9cnica:<\/strong><\/p>\n<p class=\"v-p\"><strong>83. KK Spartak<\/strong> (17+22+23+21): Banjac (-), Kennedy (-), Thompson (15), Nikolic (8) y Rebic (5) -quinteto titular-; Drobnjak (14), Hanlan (28), Momirov (8), Medarevic (2), Ilic (1) y Bodrozic (2).<\/p>\n<p class=\"v-p\"><strong>Entrenador<\/strong>: Vladimir Jovanovic.<\/p>\n<p class=\"v-p\"><strong>93. Dreamland Gran Canaria<\/strong> (23+23+26+21): Albicy (6), Angola (24), Brussino (19), Labeyrie (14) y Tobey (6) -quinteto titular-; Samar (4), Wong (14), Salv\u00f3 (-), Pelos (3) y Vila (3).<\/p>\n<p class=\"v-p\"><strong>Entrenador<\/strong>: Jaka Lakovic.<\/p>\n<p class=\"v-p\"><strong>\u00c1rbitros<\/strong>: Wojciech Liszka (Polonia), Gvidas Gedvilas (Lituania) y Andris Aunkrogers (Letonia). Sin eliminados<\/p>\n<p class=\"v-p\"><strong>Incidencias<\/strong>: Encuentro correspondiente a la tercera jornada del Grupo H de la Liga de Campeones de Baloncesto (BCL) disputado en el Hala Sportova Dudova Suma de Subotica ante unos 2.500 espectadores.<\/p>\n<p><img decoding=\"async\" loading=\"lazy\" src=\"https:\/\/www.europesays.com\/es\/wp-content\/uploads\/2025\/10\/spartak1-U230482364846IC--748x524@Canarias7.jpg\" class=\"v-a-img\" width=\"748\" height=\"524\" alt=\"\" data-voc-vtm-id=\"in-text-traffic\"\/><\/p>\n<p>BCL<\/p>\n<p><img loading=\"lazy\" decoding=\"async\" src=\"https:\/\/www.europesays.com\/es\/wp-content\/uploads\/2025\/10\/spartak1-U230482364846IC--748x524@Canarias7.jpg\" class=\"v-mdl__img-z\" width=\"748\" height=\"524\" alt=\"\"\/><\/p>\n<p>Reporta un error<\/p>\n","protected":false},"excerpt":{"rendered":"Martes, 21 de octubre 2025, 20:55 | Actualizado 23:52h. El Gran Canaria blind\u00f3 su liderato con una solvente&hellip;\n","protected":false},"author":2,"featured_media":192700,"comment_status":"","ping_status":"","sticky":false,"template":"","format":"standard","meta":{"footnotes":""},"categories":[269],"tags":[53758,299,298,7221,168,25,24,700,16432,3956,15265,23,167],"class_list":{"0":"post-192699","1":"post","2":"type-post","3":"status-publish","4":"format-standard","5":"has-post-thumbnail","7":"category-baloncesto","8":"tag-53758","9":"tag-baloncesto","10":"tag-basketball","11":"tag-canaria","12":"tag-deportes","13":"tag-es","14":"tag-espana","15":"tag-europa","16":"tag-galones","17":"tag-gran","18":"tag-impone","19":"tag-spain","20":"tag-sports"},"share_on_mastodon":{"url":"https:\/\/pubeurope.com\/@es\/115415176183824512","error":""},"_links":{"self":[{"href":"https:\/\/www.europesays.com\/es\/wp-json\/wp\/v2\/posts\/192699","targetHints":{"allow":["GET"]}}],"collection":[{"href":"https:\/\/www.europesays.com\/es\/wp-json\/wp\/v2\/posts"}],"about":[{"href":"https:\/\/www.europesays.com\/es\/wp-json\/wp\/v2\/types\/post"}],"author":[{"embeddable":true,"href":"https:\/\/www.europesays.com\/es\/wp-json\/wp\/v2\/users\/2"}],"replies":[{"embeddable":true,"href":"https:\/\/www.europesays.com\/es\/wp-json\/wp\/v2\/comments?post=192699"}],"version-history":[{"count":0,"href":"https:\/\/www.europesays.com\/es\/wp-json\/wp\/v2\/posts\/192699\/revisions"}],"wp:featuredmedia":[{"embeddable":true,"href":"https:\/\/www.europesays.com\/es\/wp-json\/wp\/v2\/media\/192700"}],"wp:attachment":[{"href":"https:\/\/www.europesays.com\/es\/wp-json\/wp\/v2\/media?parent=192699"}],"wp:term":[{"taxonomy":"category","embeddable":true,"href":"https:\/\/www.europesays.com\/es\/wp-json\/wp\/v2\/categories?post=192699"},{"taxonomy":"post_tag","embeddable":true,"href":"https:\/\/www.europesays.com\/es\/wp-json\/wp\/v2\/tags?post=192699"}],"curies":[{"name":"wp","href":"https:\/\/api.w.org\/{rel}","templated":true}]}}