{"id":192703,"date":"2025-10-22T01:17:09","date_gmt":"2025-10-22T01:17:09","guid":{"rendered":"https:\/\/www.europesays.com\/es\/192703\/"},"modified":"2025-10-22T01:17:09","modified_gmt":"2025-10-22T01:17:09","slug":"willy-barcenas-taburete-y-loreto-sesma-la-discreta-relacion-del-cantante-y-la-escritora-el-mundo","status":"publish","type":"post","link":"https:\/\/www.europesays.com\/es\/192703\/","title":{"rendered":"Willy B\u00e1rcenas (Taburete) y Loreto Sesma: la discreta relaci\u00f3n del cantante y la escritora &#8211; El Mundo"},"content":{"rendered":"<ol>\n<li><a href=\"https:\/\/news.google.com\/rss\/articles\/CBMigAFBVV95cUxON3BVNjJFQ0k3Qm1Wd2VDV2JtaU5BZEVwUjZZNVdMUk1HZVpRSmpkUV9OenVkdXNUdVl0bDd0UjczR3lVWVE2TGxSUjNxQ0s0aUh4dHgzUlJIcWR5UXI5RlAtcEV5YnlxdVRmSkMwZC14NTZnR2RFZmtGT3dtSldQV9IBgAFBVV95cUxNQzh2Y3M2Njk2SnBtNEJLbjFOZFlKM2I4Y25DNUVSUC1HQVhWS3d4cUhoZEh3WGhDZ0pVdjN6em5JTnl1aGNSRlpVRWVEUm1waHFOU09GUUJYQmNIMXo0ZEp5dVZaNE9kM2lNMjRnNHh1bEdYTnJJdmt0TFRZeEoyOQ?oc=5\" target=\"_blank\" rel=\"nofollow noopener\">Willy B\u00e1rcenas (Taburete) y Loreto Sesma: la discreta relaci\u00f3n del cantante y la escritora<\/a>&nbsp;&nbsp;El Mundo<\/li>\n<li><a href=\"https:\/\/news.google.com\/rss\/articles\/CBMixwFBVV95cUxPSkFCN1NMNzk1Q2tQVE9YTHYxNVNWeFNPZlhDQ2NXN0U2T3dINDZBYXJWR2lab0ZNTjZaaGgtaFY2LUNiZUg3cXhYNmdrTUpBWUFWUWU3bEFEMVA2OEVIX2hwN0ZxaE9oNy1BV1lBS0J3Vk9nemJQQWtzZzZmc3hpVURwN25aYm93NHJJakNGZVJNSHJkLVhzTW5rTHRuZG9CSzFrUVVmSERXVGVXeHdxZDZUVWtPNE05QzVXdUduVE1rcld0VkpR0gHMAUFVX3lxTE8yOEZJSk9RT00tMmRkNkw1RG5UcGxCNW0yUVVWM3l0ZTROX3JSdWctOVREbmZZUFlCdkRYcWJiUVB0S0lQUGduSXJSbnNZNHFPcnRWcFNNNkxnYzh2SVlkUDNxNXd0WGdrUnhLelJpQWdYa2MyNDk1V2JLTFpZVUUtbnpPbWxIME1femFaVnZ0Q0xHdDRhVjhCbE91TWlVeWVlaGkyMUlDZDllRjlHbkUtNGExTGtURUVJaDlPbm5YU1V1SEEtTnpOTk1nZw?oc=5\" target=\"_blank\" rel=\"nofollow noopener\">\u00abNo sab\u00eda d\u00f3nde me estaba metiendo\u00bb: Willy B\u00e1rcenas, sin filtros en &#8216;El hormiguero&#8217; ante su brutal paso por &#8216;El desaf\u00edo&#8217;<\/a>&nbsp;&nbsp;El Confidencial<\/li>\n<li><a href=\"https:\/\/news.google.com\/rss\/articles\/CBMiowFBVV95cUxPbENXVTVWY0ZtZ29ONFRBVzFBNTU3NENaMTk3TDlzR0I4Wm90Xzg4YzhPN0Fmb0w0eDM5N3NRWmxiel9SSDUxb0NoQVc3bmNIckhTa1lIVC0ySFVCclN6NmhTN2dNRWotdnhEQkc2SGlTRWdRZjUxTnUtRFpsTUxrNGtWWDRoUzZqbU1Wby1ZMXVUd1pjc0pEQVgteWstc3llNUFF?oc=5\" target=\"_blank\" rel=\"nofollow noopener\">La vida personal de Willy B\u00e1rcenas, vocalista de Taburete: su mujer Loreto Sesma y un negocio millonario<\/a>&nbsp;&nbsp;ABC<\/li>\n<li><a href=\"https:\/\/news.google.com\/rss\/articles\/CBMizgFBVV95cUxPQy1ualRzazV3c05mQzJxcmFLczdTREpzUmhJSFlXc3JYNEtWZVVQanRtUmVPaFozSXVIZzVrV0JDTjljUGlYZW5fR1d5VDhKVTl6aE5Yb0hJTFRXYmtRaHpwbG5UZ0l5UHpzZUlYX3NzYXd1QjlJN0RUNmxXQ0hpS1hLUXNDSXVlYW90ZzY2SzJVQ0FhWVRvUGhpZkRMN1hCZWE5emxVN2RySTJ4T3FKOFdKWkMxUTl1WFN1alQ5c2c3RGhHbHc3Q2pfOVdwQQ?oc=5\" target=\"_blank\" rel=\"nofollow noopener\">Willy B\u00e1rcenas se sincera en &#8216;El Hormiguero&#8217; sobre c\u00f3mo le ha afectado &#8216;El Desaf\u00edo&#8217;: \u00abMe ha cambiado la vida\u00bb<\/a>&nbsp;&nbsp;Lecturas<\/li>\n<li><a href=\"https:\/\/news.google.com\/rss\/articles\/CBMiigJBVV95cUxOMnlQQzhwNXZWTk03akhsSl85U2JnTWFoRE4yV25LU21IY2dvVFJxZ3ctUXFOeXJGV0RUdkZYYkh2VV9zWXVXRm92N21jY01YOE8yNkRKYXBtckFJR29pbmV1WjdTbFFMcXl5NUVfVVZlVldzWk5Ba1FfZTlNbEZ6OWZjM18teDhpYThGaGxTMTRFTXhUVjNEeGVvSC1mM29kdlk5Mmt0OERmYURfblVOUnFRNVJJM3ZZVVg5blJDb2tVd1ozM0t3cU1mamJFemdCZkNMeTk5T3dtaVlrTC1jbDZMb2stQTZSZ3ZXOUZHeE9FZFB6N0xOV0F1OUFJcUVzNGZhdXdnM3dEZ9IBigJBVV95cUxPNkttcUFfSEdjUGZJTnZHTXppclRoaDM3VGt2OEIzWGZGQ1VHUkd4STJQN201ZlNyS28xek5HN2Q3MjdoMEpSLU5Nb2FHalBxcnJPd2hURlk1QWFvY25qVlBfaVRvV2lKY1A0VkI4UTNmQnJaQ1NmeGNiS2diTU9ualZBQnpWR1pBbENJWkhxR1VvOUZ3Q0U0cDNJdVJwdlgwWTFrVlNpUU44LVJOWlY2blhJOGEwU2h4QWtlMlhoWVc4ejNXYUtIXzlhMTRFM250MldUT2FJVUJYcVlMWWlpNTBSaWV2LTRGQlN1TG11QjZvamZWR3VqLUNKTEFjZXBOdVZSc0xYbDhWdw?oc=5\" target=\"_blank\" rel=\"nofollow noopener\">Willy B\u00e1rcenas habla de su experiencia en El Desaf\u00edo y descubre las primeras im\u00e1genes: \u00abMe ha cambiado la<\/a>&nbsp;&nbsp;antena3.com<\/li>\n<\/ol>\n","protected":false},"excerpt":{"rendered":"Willy B\u00e1rcenas (Taburete) y Loreto Sesma: la discreta relaci\u00f3n del cantante y la escritora&nbsp;&nbsp;El Mundo \u00abNo sab\u00eda d\u00f3nde&hellip;\n","protected":false},"author":2,"featured_media":192704,"comment_status":"","ping_status":"","sticky":false,"template":"","format":"standard","meta":{"footnotes":""},"categories":[174],"tags":[255,146,147,25,24,256,720,23],"class_list":{"0":"post-192703","1":"post","2":"type-post","3":"status-publish","4":"format-standard","5":"has-post-thumbnail","7":"category-famosos","8":"tag-celebrities","9":"tag-entertainment","10":"tag-entretenimiento","11":"tag-es","12":"tag-espana","13":"tag-famosos","14":"tag-loc-famosos","15":"tag-spain"},"share_on_mastodon":{"url":"https:\/\/pubeurope.com\/@es\/115415183709272578","error":""},"_links":{"self":[{"href":"https:\/\/www.europesays.com\/es\/wp-json\/wp\/v2\/posts\/192703","targetHints":{"allow":["GET"]}}],"collection":[{"href":"https:\/\/www.europesays.com\/es\/wp-json\/wp\/v2\/posts"}],"about":[{"href":"https:\/\/www.europesays.com\/es\/wp-json\/wp\/v2\/types\/post"}],"author":[{"embeddable":true,"href":"https:\/\/www.europesays.com\/es\/wp-json\/wp\/v2\/users\/2"}],"replies":[{"embeddable":true,"href":"https:\/\/www.europesays.com\/es\/wp-json\/wp\/v2\/comments?post=192703"}],"version-history":[{"count":0,"href":"https:\/\/www.europesays.com\/es\/wp-json\/wp\/v2\/posts\/192703\/revisions"}],"wp:featuredmedia":[{"embeddable":true,"href":"https:\/\/www.europesays.com\/es\/wp-json\/wp\/v2\/media\/192704"}],"wp:attachment":[{"href":"https:\/\/www.europesays.com\/es\/wp-json\/wp\/v2\/media?parent=192703"}],"wp:term":[{"taxonomy":"category","embeddable":true,"href":"https:\/\/www.europesays.com\/es\/wp-json\/wp\/v2\/categories?post=192703"},{"taxonomy":"post_tag","embeddable":true,"href":"https:\/\/www.europesays.com\/es\/wp-json\/wp\/v2\/tags?post=192703"}],"curies":[{"name":"wp","href":"https:\/\/api.w.org\/{rel}","templated":true}]}}