{"id":192705,"date":"2025-10-22T01:19:24","date_gmt":"2025-10-22T01:19:24","guid":{"rendered":"https:\/\/www.europesays.com\/es\/192705\/"},"modified":"2025-10-22T01:19:24","modified_gmt":"2025-10-22T01:19:24","slug":"leer-cine-el-cine-de-loqueyotediga","status":"publish","type":"post","link":"https:\/\/www.europesays.com\/es\/192705\/","title":{"rendered":"Leer cine | El Cine de LoQueYoTeDiga"},"content":{"rendered":"<p style=\"font-weight: 400;\">\u00abLa hora de los depredadores\u00bb de Giuliano da Empoli es un ensayo que exige ser le\u00eddo con calma, curiosidad y un punto de v\u00e9rtigo. Lo que el autor ofrece es un viaje narrativo que mezcla historia, iron\u00eda y testimonio personal. En sus p\u00e1ginas se percibe que Da Empoli se mueve con soltura entre los salones diplom\u00e1ticos y los corredores del poder, pero tambi\u00e9n entre las an\u00e9cdotas reveladoras y las im\u00e1genes que parecen sacadas de una s\u00e1tira. Da Empoli espera que el \u00e9xito de la pel\u00edcula estrenada en <a href=\"https:\/\/www.elcinedeloqueyotediga.net\/diario\/show\/venecia-2025-las-lagrimas-de-dwayne-johnson-y-la-esencia-de-una-estrella-legendaria-como-kim-novak\" rel=\"nofollow noopener\" target=\"_blank\">el Festival de Venecia<\/a>, basada en <a href=\"https:\/\/www.elcinedeloqueyotediga.net\/diario\/show\/el-mago-del-kremlin\" rel=\"nofollow noopener\" target=\"_blank\">\u00abEl mago del Kremlin\u00bb<\/a>, se prolongue al cine y despierte curiosidad por otras de sus obras.<\/p>\n<p style=\"font-weight: 400;\"><strong>T\u00edtulo:<\/strong> \u00abLa hora de los depredadores\u00bb<\/p>\n<p style=\"font-weight: 400;\"><strong>Autor:<\/strong> Giuliano da Empoli<\/p>\n<p style=\"font-weight: 400;\"><strong>Editorial:<\/strong> Seix Barral<\/p>\n<p style=\"font-weight: 400;\"><a href=\"https:\/\/www.europesays.com\/es\/wp-content\/uploads\/2025\/10\/Giuliano.jpg\"><img decoding=\"async\" loading=\"lazy\" class=\"alignleft wp-image-221842\" src=\"https:\/\/www.europesays.com\/es\/wp-content\/uploads\/2025\/10\/Giuliano.jpg\" alt=\"\" width=\"320\" height=\"305\" \/><\/a>\u00abLa hora de los depredadores\u00bb comienza con una secuencia muy concreta e inesperada, con un paralelismo de alto voltaje. \u201cEnfrentados al rayo y al trueno de internet, de las redes sociales y de la IA, los l\u00edderes pol\u00edticos se han sometido, con la esperanza de que los salpicara un poco de polvo m\u00e1gico\u00bb. Lo dice tras comparar a los l\u00edderes occidentales con Moctezuma II frente a Hern\u00e1n Cort\u00e9s.<\/p>\n<p style=\"font-weight: 400;\">El emperador azteca no supo decidir si aquellos hombres eran b\u00e1rbaros o dioses, y envi\u00f3 regalos en lugar de tomar una decisi\u00f3n. El resultado fue, recuerda Da Empoli, el mismo que ahora: \u201cAl querer evitar la guerra a costa de su deshonor, Moctezuma tuvo deshonor y guerra\u00bb. Esa es la primera clave de por qu\u00e9 leer el libro. Porque nos ofrece im\u00e1genes poderosas que hacen comprensible un presente complejo. Las met\u00e1foras no son adornos, son maneras de ver.<\/p>\n<p><a href=\"https:\/\/www.europesays.com\/es\/wp-content\/uploads\/2025\/10\/MoctezumaHernanCortes.jpg\"><img decoding=\"async\" loading=\"lazy\" class=\"aligncenter wp-image-221841\" src=\"https:\/\/www.europesays.com\/es\/wp-content\/uploads\/2025\/10\/MoctezumaHernanCortes.jpg\" alt=\"\" width=\"620\" height=\"729\"   \/><\/a><\/p>\n<p style=\"font-weight: 400;\">A lo largo de las p\u00e1ginas se acumulan escenas de poder vistas desde dentro. \u201cEl oligarca aterriza en su jet privado, con un humor de perros por el hecho de verse obligado a malgastar su tiempo con un jefe de tribu obsoleto, en vez de emplearlo m\u00e1s \u00fatilmente en un nuevo logro posthumano\u00bb. Y el pol\u00edtico local, consciente de su papel secundario, acaba rogando por una foto apresurada. La iron\u00eda atraviesa el relato. En esas pocas l\u00edneas se resume una tensi\u00f3n contempor\u00e1nea: la de los gobernantes democr\u00e1ticos pidiendo atenci\u00f3n a los due\u00f1os de la tecnolog\u00eda. Ah\u00ed est\u00e1 otra de las razones por las que hay que leer \u00abLa hora de los depredadores\u00bb: para asomarse al espect\u00e1culo inc\u00f3modo de la pol\u00edtica convertida en aspirante a \u00abinfluencer\u00bb, deseosa de un \u00abselfie\u00bb que legitime su poder menguante.<\/p>\n<p><a href=\"https:\/\/www.europesays.com\/es\/wp-content\/uploads\/2025\/10\/Politicaytecnologia.jpg\"><img decoding=\"async\" loading=\"lazy\" class=\"aligncenter wp-image-221843\" src=\"https:\/\/www.europesays.com\/es\/wp-content\/uploads\/2025\/10\/Politicaytecnologia.jpg\" alt=\"\" width=\"620\" height=\"413\"   \/><\/a><\/p>\n<p style=\"font-weight: 400;\">El ensayo no es una acumulaci\u00f3n de diagn\u00f3sticos abstractos. Es tambi\u00e9n un diario personal, una voz que aparece de repente con cercan\u00eda. Cuando Lula bromea y se confunde de nombre, Macron presenta a Da Empoli como escritor y \u00e9l responde con rubor: \u201cPero yo s\u00f3lo soy italiano\u00bb. Lula lo acoge con un abrazo y la escena se transforma en un gesto humano. La pol\u00edtica se convierte en comedia y ternura al mismo tiempo. Esas p\u00e1ginas son un buen ejemplo de c\u00f3mo el autor mezcla el tono documental con el gui\u00f1o \u00edntimo, la seriedad de las cumbres internacionales con la ligereza de una confidencia inesperada.<\/p>\n<p><a href=\"https:\/\/www.europesays.com\/es\/wp-content\/uploads\/2025\/10\/LulaMacron.jpg\"><img decoding=\"async\" loading=\"lazy\" class=\"aligncenter wp-image-221844\" src=\"https:\/\/www.europesays.com\/es\/wp-content\/uploads\/2025\/10\/LulaMacron.jpg\" alt=\"\" width=\"620\" height=\"413\"   \/><\/a><\/p>\n<p style=\"font-weight: 400;\">No faltan escenas que rozan la farsa. Da Empoli recuerda c\u00f3mo \u00e9l y su colega Filippo inventaron un pasatiempo durante los viajes oficiales. \u201cMe invent\u00e9 un est\u00fapido juego con su portavoz, un apasionado como yo de las series de televisi\u00f3n\u00bb. Clasificaban cada jornada pol\u00edtica en porcentajes de <a href=\"https:\/\/www.elcinedeloqueyotediga.net\/serie\/show\/30-cine-en-serie-el-ala-oeste-de-la-casa-blanca-demasiada-realidad\" rel=\"nofollow noopener\" target=\"_blank\">\u00abEl ala oeste de la Casa Blanca\u00bb<\/a>, <a href=\"https:\/\/www.elcinedeloqueyotediga.net\/diario\/show\/cine-en-serie-house-of-cards-que-se-mueran-los-buenos\" rel=\"nofollow noopener\" target=\"_blank\">\u00abHouse of cards\u00bb<\/a> o <a href=\"https:\/\/www.elcinedeloqueyotediga.net\/diario\/show\/cine-en-serie-veep-yes-she-can\" rel=\"nofollow noopener\" target=\"_blank\">\u00abVeep\u00bb<\/a>. El resultado era demoledor: \u201cAlrededor del 10% para El ala oeste de la Casa Blanca, del 20% para House of cards y el resto para Veep\u00bb. Lo que deb\u00eda ser ejercicio de poder se convierte en sitcom. El humor suaviza la tensi\u00f3n, pero al mismo tiempo la caricatura se impone. Ese es otro de los encantos del libro: invita a leer la pol\u00edtica real con el prisma de la ficci\u00f3n televisiva, y demuestra que, en ocasiones, la realidad imita a la s\u00e1tira.<\/p>\n<p><a href=\"https:\/\/www.europesays.com\/es\/wp-content\/uploads\/2025\/10\/Veep.jpg\"><img decoding=\"async\" loading=\"lazy\" class=\"aligncenter wp-image-221845\" src=\"https:\/\/www.europesays.com\/es\/wp-content\/uploads\/2025\/10\/Veep.jpg\" alt=\"\" width=\"620\" height=\"413\"   \/><\/a><\/p>\n<p style=\"font-weight: 400;\">La capacidad del autor para contar escenas desconcertantes es constante. Aparece un guardia iran\u00ed frente a la puerta de una reuni\u00f3n y no hay forma de moverlo, por m\u00e1s que agentes franceses y estadounidenses lo intenten. Se genera un bucle c\u00f3mico, repetici\u00f3n absurda de \u00f3rdenes y negativas. La imagen tiene el ritmo de una pieza teatral. Lo mismo ocurre en los pasillos de la ONU, donde delegaciones enteras chocan en espacios demasiado estrechos para tanto ego. En ese caos f\u00edsico, la pol\u00edtica se revela como lo que es: cuerpos que se empujan, hombres acostumbrados a que todo se aparte a su paso. Leerlo es descubrir que las decisiones globales nacen en medio de empujones, carreras y puertas bloqueadas.<\/p>\n<p><a href=\"https:\/\/www.europesays.com\/es\/wp-content\/uploads\/2025\/10\/ONU.jpg\"><img decoding=\"async\" loading=\"lazy\" class=\"aligncenter wp-image-221846\" src=\"https:\/\/www.europesays.com\/es\/wp-content\/uploads\/2025\/10\/ONU.jpg\" alt=\"\" width=\"620\" height=\"413\"   \/><\/a><\/p>\n<p style=\"font-weight: 400;\"><a href=\"https:\/\/www.europesays.com\/es\/wp-content\/uploads\/2025\/10\/Goethe.jpg\"><img decoding=\"async\" loading=\"lazy\" class=\"alignright wp-image-221847\" src=\"https:\/\/www.europesays.com\/es\/wp-content\/uploads\/2025\/10\/Goethe.jpg\" alt=\"\" width=\"320\" height=\"213\" \/><\/a>El libro est\u00e1 lleno de entrecomillados memorables. \u201cNo quiero reflexionar ni considerar nada. Si no, \u00bfpara qu\u00e9 soy el duque de Sajonia?\u201d Esa cita de Goethe sirve a Da Empoli para ilustrar el absurdo del poder autoritario. La frase, dicha hace siglos, encaja demasiado bien con la obstinaci\u00f3n contempor\u00e1nea. Aqu\u00ed reside otra raz\u00f3n para leer \u00abLa hora de los depredadores\u00bb: porque conecta \u00e9pocas y muestra que las extravagancias de ayer son tambi\u00e9n las de hoy, que la terquedad de un duque lejano se repite en l\u00edderes actuales.<\/p>\n<p style=\"font-weight: 400;\">Otro motivo de lectura es la manera en que Da Empoli retrata la mezcla de grandeza y rid\u00edculo en las instituciones internacionales. La Asamblea General de la ONU, con sus discursos solemnes, es en realidad un espacio donde apenas quince delegados escuchan mientras el resto decide d\u00f3nde cenar. \u201cSea el momento que sea, nunca hay m\u00e1s de quince personas escuchando al orador de la tribuna. Los dem\u00e1s est\u00e1n al tel\u00e9fono, trabajan con su ordenador, debaten entre ellos, se preguntan si deben elegir sushi o steakhouse para cenar\u00bb.\u00a0La cita es tan gr\u00e1fica que convierte la solemnidad en caricatura. La lectura provoca una sonrisa amarga: el escenario m\u00e1s solemne del planeta es tambi\u00e9n una feria de distracciones.<\/p>\n<p><a href=\"https:\/\/www.europesays.com\/es\/wp-content\/uploads\/2025\/10\/ONU01.jpg\"><img decoding=\"async\" loading=\"lazy\" class=\"aligncenter wp-image-221848\" src=\"https:\/\/www.europesays.com\/es\/wp-content\/uploads\/2025\/10\/ONU01.jpg\" alt=\"\" width=\"620\" height=\"413\"   \/><\/a><\/p>\n<p style=\"font-weight: 400;\">El retrato de l\u00edderes contempor\u00e1neos resulta especialmente afilado. Nayib Bukele, presidente de El Salvador, aparece con t\u00fanica dise\u00f1ada por el estilista de Miss Universo. \u201cEl dictador m\u00e1s cool del mundo mundial\u201d, se autodefini\u00f3 en redes. Da Empoli describe los v\u00eddeos de presos tatuados en formaci\u00f3n y sentencia: \u201cA medias entre un porno gay y Los juegos del hambre\u00bb.\u00a0La crudeza de la imagen, entre lo grotesco y lo medi\u00e1tico, resume una forma nueva de poder: la represi\u00f3n convertida en espect\u00e1culo viral. Al leerlo, uno comprende que el autor no teme nombrar lo que ve, incluso si la comparaci\u00f3n es inc\u00f3moda o mordaz.<\/p>\n<p><a href=\"https:\/\/www.europesays.com\/es\/wp-content\/uploads\/2025\/10\/Bukele.jpg\"><img decoding=\"async\" loading=\"lazy\" class=\"aligncenter wp-image-221849\" src=\"https:\/\/www.europesays.com\/es\/wp-content\/uploads\/2025\/10\/Bukele.jpg\" alt=\"\" width=\"620\" height=\"620\"   \/><\/a><\/p>\n<p style=\"font-weight: 400;\">Lo que mantiene la tensi\u00f3n del libro es que no se limita a exhibir an\u00e9cdotas. Cada escena encaja en un diagn\u00f3stico mayor: estamos en la hora de los depredadores, un momento en que la fuerza y la audacia parecen imponerse sobre la prudencia y el di\u00e1logo. \u201cLa esencia del poder reside justamente en lo contrario. Goethe cuenta la historia de aquel viejo duque de Sajonia&#8230;\u201d dice Da Empoli, para concluir que el poder verdadero requiere gestos temerarios capaces de provocar estupefacci\u00f3n. Leerlo es comprender que detr\u00e1s de cada abrazo, cada eslogan absurdo o cada desfile rid\u00edculo hay un principio pol\u00edtico inquietante: que la audacia sustituye a la legitimidad.<\/p>\n<p><a href=\"https:\/\/www.europesays.com\/es\/wp-content\/uploads\/2025\/10\/TrumpDesfile-scaled.jpg\"><img decoding=\"async\" loading=\"lazy\" class=\"aligncenter wp-image-221850\" src=\"https:\/\/www.europesays.com\/es\/wp-content\/uploads\/2025\/10\/TrumpDesfile-scaled.jpg\" alt=\"\" width=\"620\" height=\"413\"   \/><\/a><\/p>\n<p style=\"font-weight: 400;\">Otra raz\u00f3n para leer el libro est\u00e1 en el modo en que se entrelaza la historia con el presente. Da Empoli cuenta c\u00f3mo en Florencia, en 2012, particip\u00f3 en una misi\u00f3n para buscar rastros de la Batalla de Anghiari de Leonardo da Vinci. Aunque no encontraron nada, esa investigaci\u00f3n sirve como espejo: la violencia que Leonardo quiso retratar en sus frescos late de nuevo en nuestro tiempo. El pasado se proyecta sobre el presente con crudeza. Las guerras actuales se leen a trav\u00e9s del humo de artiller\u00eda que Leonardo anticip\u00f3 en sus bocetos. Esa mirada convierte al ensayo en algo m\u00e1s que pol\u00edtica: es tambi\u00e9n una reflexi\u00f3n cultural, un di\u00e1logo con el arte y con la memoria.<\/p>\n<p><a href=\"https:\/\/www.europesays.com\/es\/wp-content\/uploads\/2025\/10\/BatalladeAnghieri.jpg\"><img decoding=\"async\" loading=\"lazy\" class=\"aligncenter wp-image-221851\" src=\"https:\/\/www.europesays.com\/es\/wp-content\/uploads\/2025\/10\/BatalladeAnghieri.jpg\" alt=\"\" width=\"620\" height=\"451\"   \/><\/a><\/p>\n<p style=\"font-weight: 400;\">El tono intrigante se refuerza en escenas con l\u00edderes que parecen sacados de una novela. Mohamed bin Salm\u00e1n recibe con sonrisa encantadora a los empresarios en el Ritz-Carlton de Riad, pero Da Empoli recuerda lo que ocurri\u00f3 all\u00ed en 2017: 350 pr\u00edncipes y multimillonarios convertidos en prisioneros, obligados a vestir ropa blanca id\u00e9ntica, encerrados en suites que se transformaron en celdas. La narraci\u00f3n avanza como un thriller y de repente estalla en iron\u00eda cuando se evoca la entrega de doce calzoncillos blancos a cada magnate detenido. Esa combinaci\u00f3n de horror y comicidad es uno de los sellos del libro.<\/p>\n<p><a href=\"https:\/\/www.europesays.com\/es\/wp-content\/uploads\/2025\/10\/RitzCarlton.jpg\"><img decoding=\"async\" loading=\"lazy\" class=\"aligncenter wp-image-221852\" src=\"https:\/\/www.europesays.com\/es\/wp-content\/uploads\/2025\/10\/RitzCarlton.jpg\" alt=\"\" width=\"620\" height=\"414\"   \/><\/a><\/p>\n<p style=\"font-weight: 400;\">Hay tambi\u00e9n una reflexi\u00f3n amarga sobre la fragilidad de los dirigentes. Da Empoli describe a Zelenski, exhausto y abatido, murmurando s\u00faplicas a Macron. La escena es \u00edntima, casi desgarradora. Y recuerda que \u201cel l\u00edder, el que sea, siempre es un chivo expiatorio en potencia. Tolst\u00f3i lo compara con un carnero cebado para el matadero\u00bb. Leerlo produce respeto y miedo a la vez. La historia pol\u00edtica, dice el autor, es tambi\u00e9n un mecanismo de sacrificios. Ese dramatismo se alterna con escenas de humor, lo que mantiene al lector en constante alerta.<\/p>\n<p><a href=\"https:\/\/www.europesays.com\/es\/wp-content\/uploads\/2025\/10\/ZelenskiMacron.jpg\"><img decoding=\"async\" loading=\"lazy\" class=\"aligncenter wp-image-221853\" src=\"https:\/\/www.europesays.com\/es\/wp-content\/uploads\/2025\/10\/ZelenskiMacron.jpg\" alt=\"\" width=\"620\" height=\"349\"   \/><\/a><\/p>\n<p style=\"font-weight: 400;\">Otra virtud del ensayo es que no esconde la fascinaci\u00f3n de Da Empoli por las bambalinas del poder. El Barclay Hotel en Nueva York, con su mezcla de diplom\u00e1ticos, esp\u00edas y hombres de negocios, aparece descrito como un escenario digno del fin de Saig\u00f3n. Los detalles son tan minuciosos que el lector siente que se cuela entre cortinas y escoltas. Pero incluso ah\u00ed surge la iron\u00eda: \u201cEn medio del escenario s\u00f3lo hay un anciano fatigado, que se eterniza\u00bb. El contraste entre decorado y realidad provoca el efecto buscado: hacer visible el desfase entre la solemnidad de los rituales y la precariedad de quienes los protagonizan.<\/p>\n<p><a href=\"https:\/\/www.europesays.com\/es\/wp-content\/uploads\/2025\/10\/BarclayHotel.jpg\"><img decoding=\"async\" loading=\"lazy\" class=\"aligncenter wp-image-221854\" src=\"https:\/\/www.europesays.com\/es\/wp-content\/uploads\/2025\/10\/BarclayHotel.jpg\" alt=\"\" width=\"620\" height=\"466\" \/><\/a><\/p>\n<p style=\"font-weight: 400;\"><a href=\"https:\/\/www.europesays.com\/es\/wp-content\/uploads\/2025\/10\/Empoli01.jpg\"><img decoding=\"async\" loading=\"lazy\" class=\"alignright wp-image-221855\" src=\"https:\/\/www.europesays.com\/es\/wp-content\/uploads\/2025\/10\/Empoli01.jpg\" alt=\"\" width=\"320\" height=\"401\"   \/><\/a>Hay que leer \u00abLa hora de los depredadores\u00bb porque no se conforma con analizar, tambi\u00e9n sabe contar. Las frases se clavan como vi\u00f1etas en la memoria. El pol\u00edtico reducido a espectador de s\u00ed mismo, el guardaespaldas que no se aparta, el dictador que convierte una c\u00e1rcel en show de TikTok, el magnate que despierta con doce calzoncillos id\u00e9nticos, el escritor que se sonroja cuando lo presentan como colega de Lula. Son estampas que dicen m\u00e1s que cualquier informe. Y todas ellas est\u00e1n atravesadas por una voz que mezcla experiencia y literatura.<\/p>\n<p style=\"font-weight: 400;\">En definitiva, Giuliano da Empoli ofrece un libro que se mueve entre lo \u00edntimo y lo global, entre la s\u00e1tira y el drama. \u201cHoy en d\u00eda, la hora de los depredadores ha llegado y en todas partes las cosas evolucionan de tal manera que todo lo que deba ser regulado lo ser\u00e1 a sangre y fuego\u00bb. Esa frase, que podr\u00eda sonar apocal\u00edptica, en boca del autor se convierte en advertencia l\u00facida. Lo que est\u00e1 en juego es c\u00f3mo sobrevivir en un mundo donde los predadores marcan el ritmo. Leerlo es aceptar esa incomodidad y descubrir que, entre carcajadas y estremecimientos, se nos est\u00e1 contando una verdad de nuestro tiempo.<\/p>\n<p style=\"font-weight: 400;\"><strong>Carlos\u00a0L\u00f3pez-Tapia<\/strong><\/p>\n","protected":false},"excerpt":{"rendered":"\u00abLa hora de los depredadores\u00bb de Giuliano da Empoli es un ensayo que exige ser le\u00eddo con calma,&hellip;\n","protected":false},"author":2,"featured_media":192706,"comment_status":"","ping_status":"","sticky":false,"template":"","format":"standard","meta":{"footnotes":""},"categories":[172],"tags":[224,146,147,25,24,225,23],"class_list":{"0":"post-192705","1":"post","2":"type-post","3":"status-publish","4":"format-standard","5":"has-post-thumbnail","7":"category-libros","8":"tag-books","9":"tag-entertainment","10":"tag-entretenimiento","11":"tag-es","12":"tag-espana","13":"tag-libros","14":"tag-spain"},"share_on_mastodon":{"url":"https:\/\/pubeurope.com\/@es\/115415192745276604","error":""},"_links":{"self":[{"href":"https:\/\/www.europesays.com\/es\/wp-json\/wp\/v2\/posts\/192705","targetHints":{"allow":["GET"]}}],"collection":[{"href":"https:\/\/www.europesays.com\/es\/wp-json\/wp\/v2\/posts"}],"about":[{"href":"https:\/\/www.europesays.com\/es\/wp-json\/wp\/v2\/types\/post"}],"author":[{"embeddable":true,"href":"https:\/\/www.europesays.com\/es\/wp-json\/wp\/v2\/users\/2"}],"replies":[{"embeddable":true,"href":"https:\/\/www.europesays.com\/es\/wp-json\/wp\/v2\/comments?post=192705"}],"version-history":[{"count":0,"href":"https:\/\/www.europesays.com\/es\/wp-json\/wp\/v2\/posts\/192705\/revisions"}],"wp:featuredmedia":[{"embeddable":true,"href":"https:\/\/www.europesays.com\/es\/wp-json\/wp\/v2\/media\/192706"}],"wp:attachment":[{"href":"https:\/\/www.europesays.com\/es\/wp-json\/wp\/v2\/media?parent=192705"}],"wp:term":[{"taxonomy":"category","embeddable":true,"href":"https:\/\/www.europesays.com\/es\/wp-json\/wp\/v2\/categories?post=192705"},{"taxonomy":"post_tag","embeddable":true,"href":"https:\/\/www.europesays.com\/es\/wp-json\/wp\/v2\/tags?post=192705"}],"curies":[{"name":"wp","href":"https:\/\/api.w.org\/{rel}","templated":true}]}}