{"id":192716,"date":"2025-10-22T01:28:09","date_gmt":"2025-10-22T01:28:09","guid":{"rendered":"https:\/\/www.europesays.com\/es\/192716\/"},"modified":"2025-10-22T01:28:09","modified_gmt":"2025-10-22T01:28:09","slug":"el-alto-el-fuego-en-gaza-va-mejor-de-lo-esperado-dice-en-israel-el-vicepresidente-de-ee-uu-j-d-vance","status":"publish","type":"post","link":"https:\/\/www.europesays.com\/es\/192716\/","title":{"rendered":"El alto el fuego en Gaza va \u00abmejor de lo esperado\u00bb, dice en Israel el vicepresidente de EE.UU. J.D. Vance"},"content":{"rendered":"<p>El vicepresidente de Estados Unidos, <strong>J.D. Vance<\/strong>, y otros enviados de Washington se <strong>mostraron optimistas sobre el fr\u00e1gil alto el fuego en Gaza<\/strong>, al que calificaron de \u00abmejor de lo esperado\u00bb durante su visita a Israel este martes. Vance reconoci\u00f3 <a href=\"https:\/\/es.euronews.com\/2025\/10\/20\/trump-envia-a-dos-diplomaticos-de-confianza-a-israel-tras-la-ruptura-del-alto-el-fuego\" rel=\"nofollow noopener\" target=\"_blank\">los recientes brotes de violencia<\/a>, pero asegur\u00f3 que el alto el fuego, en vigor desde el 10 de octubre, \u00abva mejor de lo que pens\u00e1bamos\u00bb tras dos a\u00f1os de guerra entre Israel y Ham\u00e1s.<\/p>\n<p>El enviado especial de la Administraci\u00f3n Trump para Oriente Medio, <strong>Steve Witkoff<\/strong>, coincidi\u00f3 al afirmar que \u00abestamos m\u00e1s adelantados de lo que esper\u00e1bamos en este momento\u00bb. La delegaci\u00f3n estadounidense visita Israel en <strong>un contexto de incertidumbre<\/strong> sobre el futuro pol\u00edtico y de seguridad en Gaza: a\u00fan no est\u00e1 claro si Ham\u00e1s aceptar\u00e1 desarmarse, cu\u00e1ndo podr\u00eda desplegarse una fuerza internacional en el enclave ni qui\u00e9n asumir\u00e1 su Gobierno tras el conflicto.<\/p>\n<p>Vance quiso <strong>restar importancia a las especulaciones<\/strong> sobre que su viaje, el primero desde que asumi\u00f3 la vicepresidencia, se haya organizado con urgencia para mantener el alto el fuego. El vicepresidente dijo sentirse \u00abconfiado en que llegaremos a un punto en el que esta paz pueda perdurar\u00bb, aunque advirti\u00f3 que, si Ham\u00e1s no coopera, \u00abser\u00e1 arrasada\u00bb. <\/p>\n<p><strong>Jared Kushner<\/strong>, yerno del presidente Donald Trump y uno de los principales art\u00edfices del acuerdo de alto el fuego, reconoci\u00f3 la complejidad del proceso. \u00abAmbas partes est\u00e1n pasando de dos a\u00f1os de una guerra muy intensa a una nueva etapa de paz\u00bb, afirm\u00f3.<\/p>\n<p>Se espera que el vicepresidente J.D. Vance permanezca en la regi\u00f3n hasta el jueves, con reuniones programadas con el primer ministro israel\u00ed <strong>Benjam\u00edn Netanyahu<\/strong> y otros altos funcionarios del pa\u00eds.<\/p>\n<p>Ham\u00e1s afirma ha recuperado los restos de otros dos rehenes<\/p>\n<p>Mientras tanto, el grupo terrorista Ham\u00e1s ha <a href=\"https:\/\/es.euronews.com\/2025\/08\/29\/israel-devuelve-los-cadaveres-de-2-rehenes-y-declara-la-ciudad-de-gaza-zona-de-combate\" rel=\"nofollow noopener\" target=\"_blank\"><strong>recuperado los restos de otros dos rehenes<\/strong><\/a>, que han sido entregados a Israel este martes por la noche.<\/p>\n<p>Ante la frustraci\u00f3n israel\u00ed por la lentitud en el proceso de repatriaci\u00f3n, Vance pidi\u00f3 \u00ab<strong>un poco de paciencia<\/strong>\u00ab. \u00abAlgunos de estos rehenes est\u00e1n enterrados bajo miles de kilos de escombros. Nadie sabe exactamente d\u00f3nde se encuentran\u00bb, explic\u00f3 el vicepresidente estadounidense.<\/p>\n<p>Ante las preguntas de los periodistas sobre los pr\u00f3ximos pasos del alto el fuego, <strong>J.D. Vance<\/strong> reconoci\u00f3 que \u00abgran parte de este trabajo es muy duro\u00bb e hizo un llamado a la <strong>flexibilidad<\/strong>.<\/p>\n<p>\u00abUna vez que tanto los gazat\u00edes como nuestros amigos israel\u00edes puedan tener cierto grado de seguridad, entonces abordaremos la cuesti\u00f3n de <a href=\"https:\/\/es.euronews.com\/2025\/10\/14\/gaza-el-papel-de-la-ue\" rel=\"nofollow noopener\" target=\"_blank\">la gobernanza de Gaza a largo plazo<\/a>\u00ab, se\u00f1al\u00f3. \u00abPor ahora, centr\u00e9monos en la seguridad, la reconstrucci\u00f3n y en garantizar alimentos y <strong>medicinas para la poblaci\u00f3n<\/strong>\u00ab, a\u00f1adi\u00f3.<\/p>\n<p>Aunque Estados Unidos ha desplegado recientemente unos <strong>200 soldados en Israel<\/strong>, Vance subray\u00f3 que no estar\u00e1n sobre el terreno en Gaza. No obstante, confirm\u00f3 que los funcionarios estadounidenses han comenzado a \u00abconceptualizar c\u00f3mo ser\u00eda una fuerza de seguridad internacional\u00bb para el territorio.<\/p>\n<p>El vicepresidente mencion\u00f3 a Turqu\u00eda e Indonesia como <strong>posibles pa\u00edses participantes en esa misi\u00f3n<\/strong>. Durante su intervenci\u00f3n, se pod\u00edan ver las banderas de Jordania, Alemania, Reino Unido y Dinamarca en el escenario. El alto el fuego, vigente desde el 10 de octubre, fue puesto a prueba el domingo tras <a href=\"https:\/\/es.euronews.com\/2025\/10\/19\/israel-bombardea-gaza-de-nuevo-fin-del-proceso-de-paz\" rel=\"nofollow noopener\" target=\"_blank\">nuevos enfrentamientos y acusaciones mutuas de violaciones<\/a>, aunque tanto Israel como Ham\u00e1s reiteraron su compromiso con el acuerdo.<\/p>\n<p>El jefe de la agencia de inteligencia egipcia, el general de divisi\u00f3n <strong>Hassan Rashad<\/strong>, viaj\u00f3 el martes a Israel para reunirse con el primer ministro <strong>Benjam\u00edn Netanyahu<\/strong>, el enviado Steve Witkoff y otros responsables, con el fin de revisar el cumplimiento del alto el fuego, seg\u00fan inform\u00f3 la oficina de Netanyahu.<\/p>\n<p>Por su parte, los negociadores de Ham\u00e1s insistieron en que el grupo est\u00e1 \u00ab<strong>comprometido a garantizar que la guerra termine de una vez por todas<\/strong>\u00ab. <\/p>\n<p>Aumenta la ayuda a Gaza<\/p>\n<p>Las organizaciones internacionales informaron de un <strong>incremento en la entrada de ayuda humanitaria<\/strong> al enclave, mientras las fuerzas de seguridad controladas por Ham\u00e1s lanzaron una ofensiva contra la especulaci\u00f3n de precios entre comerciantes privados.<\/p>\n<p>El Programa Mundial de Alimentos (PMA) comunic\u00f3 que ha enviado <a href=\"https:\/\/es.euronews.com\/my-europe\/2025\/10\/17\/la-comision-israel-restricciones-gaza\" rel=\"nofollow noopener\" target=\"_blank\"><strong>m\u00e1s de 530 camiones con suministros a Gaza en los \u00faltimos diez d\u00edas<\/strong><\/a>, cantidad suficiente para alimentar a casi <strong>medio mill\u00f3n de personas durante dos semanas<\/strong>.<\/p>\n<p>Sin embargo, esa cifra sigue siendo muy inferior a los <strong>500 o 600 camiones diarios<\/strong> que ingresaban al territorio antes del estallido de la guerra.<\/p>\n<p>El Programa Mundial de Alimentos (PMA) inform\u00f3 que <strong>ha restablecido 26 puntos de distribuci\u00f3n en Gaza<\/strong> y espera alcanzar cuanto antes los 145 puntos operativos previos al conflicto.<\/p>\n<p>Seg\u00fan residentes locales, los precios de los productos b\u00e1sicos se dispararon el domingo, despu\u00e9s de que milicianos <strong>mataran a dos soldados israel\u00edes e Israel respondiera con bombardeos<\/strong> que dejaron decenas de palestinos muertos. En represalia, Tel Aviv amenaz\u00f3 con suspender la entrada de ayuda humanitaria.<\/p>\n<p>En un mercado de la ciudad central de Deir al Balah, un saco de 25 kilos de harina lleg\u00f3 a <strong>venderse por m\u00e1s de 70 d\u00f3lares<\/strong> (unos 66 euros) el domingo, frente a los 12 d\u00f3lares (10 euros) que costaba poco despu\u00e9s del <a href=\"https:\/\/es.euronews.com\/2025\/10\/07\/dos-anos-del-ataque-de-hamas-asi-comenzo-la-guerra-de-israel-en-gaza-que-cambio-oriente-me\" rel=\"nofollow noopener\" target=\"_blank\">inicio del alto el fuego<\/a>. Para el martes, el precio hab\u00eda bajado a unos 30 d\u00f3lares (25 euros), a\u00fan muy por encima de los niveles previos.<\/p>\n<p>Mohamed al Faqawi, residente de Jan Yunis, <strong>acus\u00f3 a algunos comerciantes de aprovecharse de la situaci\u00f3n<\/strong> de inseguridad. \u00abNos est\u00e1n explotando\u00bb, denunci\u00f3. El lunes, Ham\u00e1s anunci\u00f3 que sus fuerzas de seguridad realizaron redadas en varios comercios de toda Gaza, cerrando algunos establecimientos y obligando a los vendedores a reducir los precios.<\/p>\n<p>El grupo asegur\u00f3 adem\u00e1s haber <strong>garantizado la circulaci\u00f3n segura<\/strong> de los camiones de ayuda y detenido los saqueos durante las entregas de suministros.<\/p>\n<p>Nahed Sheheiber, jefe del sindicato de camioneros privados de Gaza, asegur\u00f3 que <strong>no se ha producido ning\u00fan robo de ayuda humanitaria<\/strong> desde que comenz\u00f3 el alto el fuego.<\/p>\n<p>Sin embargo, persisten otros problemas graves. El <strong>sistema financiero de Gaza est\u00e1 pr\u00e1cticamente colapsado<\/strong>: con la mayor\u00eda de las sucursales bancarias y cajeros autom\u00e1ticos fuera de servicio, los ciudadanos se ven obligados a pagar comisiones abusivas a una red informal de corredores de efectivo para obtener dinero con el que cubrir sus gastos diarios.<\/p>\n<p>El martes, <strong>decenas de personas hicieron largas colas<\/strong> frente al Banco de Palestina, en Deir al Balah, con la esperanza de acceder a sus ahorros. La mayor\u00eda se march\u00f3 sin \u00e9xito. \u00abSin el banco abierto y sin dinero, no importa que los precios hayan bajado\u00bb, lament\u00f3 Kamilia al Ajez, una de las residentes que esperaba frente a la sucursal.<\/p>\n","protected":false},"excerpt":{"rendered":"El vicepresidente de Estados Unidos, J.D. Vance, y otros enviados de Washington se mostraron optimistas sobre el fr\u00e1gil&hellip;\n","protected":false},"author":2,"featured_media":192717,"comment_status":"","ping_status":"","sticky":false,"template":"","format":"standard","meta":{"footnotes":""},"categories":[42],"tags":[17,18,13,14,1256,1258,75,11,61,62,63,64,74,19,20,9,10,15,16,76,12,21,22,65,66,67],"class_list":{"0":"post-192716","1":"post","2":"type-post","3":"status-publish","4":"format-standard","5":"has-post-thumbnail","7":"category-internacional","8":"tag-breaking-news","9":"tag-breakingnews","10":"tag-featured-news","11":"tag-featurednews","12":"tag-franja-de-gaza","13":"tag-guerra-israel-hamas","14":"tag-hamas","15":"tag-headlines","16":"tag-internacional","17":"tag-international","18":"tag-international-news","19":"tag-internationalnews","20":"tag-israel","21":"tag-latest-news","22":"tag-latestnews","23":"tag-news","24":"tag-noticias","25":"tag-noticias-destacadas","26":"tag-noticiasdestacadas","27":"tag-palestina","28":"tag-titulares","29":"tag-ultimas-noticias","30":"tag-ultimasnoticias","31":"tag-world","32":"tag-world-news","33":"tag-worldnews"},"share_on_mastodon":{"url":"https:\/\/pubeurope.com\/@es\/115415227136955099","error":""},"_links":{"self":[{"href":"https:\/\/www.europesays.com\/es\/wp-json\/wp\/v2\/posts\/192716","targetHints":{"allow":["GET"]}}],"collection":[{"href":"https:\/\/www.europesays.com\/es\/wp-json\/wp\/v2\/posts"}],"about":[{"href":"https:\/\/www.europesays.com\/es\/wp-json\/wp\/v2\/types\/post"}],"author":[{"embeddable":true,"href":"https:\/\/www.europesays.com\/es\/wp-json\/wp\/v2\/users\/2"}],"replies":[{"embeddable":true,"href":"https:\/\/www.europesays.com\/es\/wp-json\/wp\/v2\/comments?post=192716"}],"version-history":[{"count":0,"href":"https:\/\/www.europesays.com\/es\/wp-json\/wp\/v2\/posts\/192716\/revisions"}],"wp:featuredmedia":[{"embeddable":true,"href":"https:\/\/www.europesays.com\/es\/wp-json\/wp\/v2\/media\/192717"}],"wp:attachment":[{"href":"https:\/\/www.europesays.com\/es\/wp-json\/wp\/v2\/media?parent=192716"}],"wp:term":[{"taxonomy":"category","embeddable":true,"href":"https:\/\/www.europesays.com\/es\/wp-json\/wp\/v2\/categories?post=192716"},{"taxonomy":"post_tag","embeddable":true,"href":"https:\/\/www.europesays.com\/es\/wp-json\/wp\/v2\/tags?post=192716"}],"curies":[{"name":"wp","href":"https:\/\/api.w.org\/{rel}","templated":true}]}}