{"id":192718,"date":"2025-10-22T01:29:13","date_gmt":"2025-10-22T01:29:13","guid":{"rendered":"https:\/\/www.europesays.com\/es\/192718\/"},"modified":"2025-10-22T01:29:13","modified_gmt":"2025-10-22T01:29:13","slug":"localizado-en-manises-un-ano-despues-el-cadaver-de-uno-de-los-desaparecidos-de-la-dana","status":"publish","type":"post","link":"https:\/\/www.europesays.com\/es\/192718\/","title":{"rendered":"Localizado en Manises un a\u00f1o despu\u00e9s el cad\u00e1ver de uno de los desaparecidos de la dana"},"content":{"rendered":"<p>A punto de cumplirse el primer aniversario de la tragedia en forma de riada que se llev\u00f3 la vida de<a href=\"https:\/\/www.lasprovincias.es\/valencia\/juzgados-declaran-fallecidos-desaparecidos-dana-valencia-20250325101447-nt.html\" target=\"_self\" data-voc-vtm-id=\"in-text-traffic\" title=\" 229 personas\" data-mrf-link=\"www.lasprovincias.es\" rel=\"nofollow noopener\"> 229 personas<\/a> -hay dos  &#8230; m\u00e1s pendientes de que el juzgado de Catarroja que instruye la causa las incluya-, en la tarde de este martes ha sido localizado en el t\u00e9rmino municipal de Manises el cad\u00e1ver de un hombre que, a falta de confirmaci\u00f3n oficial por ADN o pruebas odontol\u00f3gicas, podr\u00eda corresponder a una de las tres v\u00edctimas mortales de la dana que todav\u00eda permanecen desaparecidas.<\/p>\n<p class=\"v-p\">El hallazgo del cad\u00e1ver, que abre la puerta a la esperanza para las tres familias que esperan recuperar alg\u00fan d\u00eda los restos mortales de <a href=\"https:\/\/www.lasprovincias.es\/sucesos\/buscan-cinco-zonas-tres-desaparecidos-dana-20250122122521-nt.html\" target=\"_self\" data-voc-vtm-id=\"in-text-traffic\" title=\"Jos\u00e9 Javier Vicent Fas, Francisco Ruiz y Elisabet Gil\" data-mrf-link=\"www.lasprovincias.es\" rel=\"nofollow noopener\">Jos\u00e9 Javier Vicent Fas, Francisco Ruiz y Elisabet Gil<\/a>, se ha producido esta tarde a las 19.20 horas cuando trabajadores de la Empresa de Transformaci\u00f3n Agraria (TRAGSA) se encontraban realizando labores de desescombro en una zona pr\u00f3xima al cauce del r\u00edo T\u00faria a su paso por Manises, afectada por la dana. Los operarios estaban removiendo la tierra cuando han localizado el cuerpo sin vida de una persona, al parecer un var\u00f3n, completamente momificado.<\/p>\n<p class=\"v-p\">Por la ubicaci\u00f3n en la que ha sido encontrado y el estado que presentaba todo indica que se trata de uno de los desaparecidos de la dana y as\u00ed se le ha calificado para ser remitido directamente al Instituto de Medicina Legal de Valencia, donde se le realizar\u00e1n las pruebas pertinentes, adem\u00e1s de la autopsia, para determinar su identidad.<\/p>\n<p>Investigan si es el vecino de Pedralba<\/p>\n<p class=\"v-p\">Una de las hip\u00f3tesis que cobra fuerza, pero sin confirmaci\u00f3n oficial, es que se trate de Jos\u00e9 Javier Vicent, de 56 a\u00f1os, que en la tarde del 29 de octubre se encontraba con su hija, una joven de 30 a\u00f1os con s\u00edndrome de Down, en una casa de campo en Pedralba cuando fueron sorprendidos por la riada. El cuerpo sin vida de la joven Susana fue hallado dos d\u00edas despu\u00e9s en una playa de Sueca, a unos 70 kil\u00f3metros de distancia, por lo que no es descabellado pensar que el cuerpo del padre fuera arrastrado hasta el punto de Manises donde ha sido localizado esta tarde un cad\u00e1ver.<\/p>\n<p><a href=\"http:\/\/www.lasprovincias.es\/sucesos\/buscan-cinco-zonas-tres-desaparecidos-dana-20250122122521-nt.html#vtm_modulosEngag=mod-rel:comunitat:noticia:1:cmp:1-not\" class=\"v-a-link\" title=\"El mapa de los desaparecidos de la dana: buscan en cinco zonas tras estudiar los cursos fluviales\" rel=\"nofollow noopener\" target=\"_blank\"><br \/>\n<img decoding=\"async\" loading=\"lazy\" src=\"https:\/\/www.europesays.com\/es\/wp-content\/uploads\/2025\/10\/desaparecidos-1200x840-U2201709839091u0G-U24486877328eOP-1200x840@Las Provincias-LasProvincias.jpg\" class=\"v-a-img\" width=\"258\" height=\"180\" alt=\"El mapa de los desaparecidos de la dana: buscan en cinco zonas tras estudiar los cursos fluviales\"\/><\/p>\n<p><\/a><\/p>\n<p class=\"v-p\">Hasta el lugar del hallazgo, pr\u00f3ximo al Azud de la acequia, se han trasladado agentes de la Guardia Civil y el forense de guardia. El Juzgado de Instrucci\u00f3n n\u00famero tres de Quart de Poblet, en funciones de guardia, ha procedido al levantamiento del cad\u00e1ver, que estaba momificado tras quedar sepultado bajo el lodo y los escombros durante todo este tiempo.<\/p>\n<p><img decoding=\"async\" loading=\"lazy\" src=\"https:\/\/www.europesays.com\/es\/wp-content\/uploads\/2025\/10\/Busquis_20251021231817-U03363341528lKM-748x524@Las Provincias.jpg\" class=\"v-a-img\" width=\"748\" height=\"524\" alt=\"Trabajos de la Guardia Civil durante la b\u00fasqueda de los desaparecidos tras la dana.\" data-voc-vtm-id=\"in-text-traffic\"\/><\/p>\n<p>Trabajos de la Guardia Civil durante la b\u00fasqueda de los desaparecidos tras la dana.<\/p>\n<p>Irene Marsilla<\/p>\n<p><img loading=\"lazy\" decoding=\"async\" src=\"https:\/\/www.europesays.com\/es\/wp-content\/uploads\/2025\/10\/Busquis_20251021231817-U03363341528lKM-748x524@Las Provincias.jpg\" class=\"v-mdl__img-z\" width=\"748\" height=\"524\" alt=\"\"\/><\/p>\n<p class=\"v-p\">Operarios de la funeraria han trasladado los restos mortales hasta el Instituto de Medicina Legal de Valencia donde se le realizar\u00e1 la pertinente autopsia y se proceder\u00e1 a su identificaci\u00f3n.<\/p>\n<p>Los tres desaparecidos<\/p>\n<p class=\"v-p\">La pr\u00f3xima semana se cumplir\u00e1 ya un a\u00f1o que el agua y el lodo se llev\u00f3 sus vidas y los familiares de <a href=\"https:\/\/www.lasprovincias.es\/sucesos\/elizabeth-jose-javier-francisco-desesperado-rastreo-prolonga-20250115184542-nt.html\" target=\"_self\" data-voc-vtm-id=\"in-text-traffic\" title=\"tres desaparecidos\" data-mrf-link=\"www.lasprovincias.es\" rel=\"nofollow noopener\">tres desaparecidos<\/a> siguen pendientes de una llamada que les confirme que han localizado sus restos mortales. Son los casos de <a href=\"https:\/\/www.lasprovincias.es\/comunitat\/rastro-elizabeth-gil-tras-desenterrar-centenar-coches-20241211145845-nt.html\" target=\"_self\" data-voc-vtm-id=\"in-text-traffic\" title=\"Elisabeth Gil\" data-mrf-link=\"www.lasprovincias.es\" rel=\"nofollow noopener\">Elisabeth Gil<\/a>, la mujer de 37 a\u00f1os de Cheste que viajaba con su madre Elvira Mart\u00ednez, en un Ford Focus que fue arrastrado por la corriente. El cad\u00e1ver de la madre, que llevaba al trabajo a su hija en el Hotel La Carreta, s\u00ed fue localizado, pero su familia sigue sin conocer el paradero del cuerpo de Eli.<\/p>\n<p class=\"v-p\">Tampoco hay rastro, pese a las intensas b\u00fasquedas por parte de la Guardia Civil, la Unidad Militar de Emergencias durante los primeros meses, la Polic\u00eda Nacional y otros efectivos, de Paco, Francisco Ruiz Mart\u00ednez, de 64 a\u00f1os, cuyo rastro se perdi\u00f3 en el aparcamiento de un supermercado en Montserrat tras poner a salvo a sus dos nietos de cinco y diez a\u00f1os subi\u00e9ndolos al techo del veh\u00edculo.<\/p>\n<p class=\"v-p\">Y el tercer desaparecido es <a href=\"https:\/\/www.lasprovincias.es\/comunitat\/vida-susana-hija-marido-tras-dana-creo-20250506190648-nt.html\" target=\"_self\" data-voc-vtm-id=\"in-text-traffic\" title=\"Jos\u00e9 Javier Vicent Fas\" data-mrf-link=\"www.lasprovincias.es\" rel=\"nofollow noopener\">Jos\u00e9 Javier Vicent Fas<\/a>, de 56 a\u00f1os, quien estaba con su hija de 30 en su casa de campo de Pedralba cuando los sorprendi\u00f3 el temporal. El cuerpo sin vida de la joven fue encontrado dos d\u00edas despu\u00e9s de la riada en una playa de Sueca, a unos 70 kil\u00f3metros de distancia. Por la ubicaci\u00f3n en la que ha sido encontrado en la tarde de este martes el cad\u00e1ver de esta v\u00edctima de la dana, cerca del cauce del r\u00edo T\u00faria, en Manises, las posibilidades de que se trate del cuerpo sin vida de este vecino de Pedralba son muy altas, aunque ser\u00e1 la identificaci\u00f3n oficial del cad\u00e1ver la que har\u00e1 salir de dudas a su familia.<\/p>\n<p class=\"v-p\">Mientras este hallazgo da un rayo de esperanza a los familiares de los desaparecidos para poder velar alg\u00fan d\u00eda a sus seres queridos que les arrebat\u00f3 la dana, la plaza 3 de la Secci\u00f3n Civil y de Instrucci\u00f3n del Tribunal de Instancia de Catarroja todav\u00eda est\u00e1 pendiente de ampliar o no la negra cifra de v\u00edctimas mortales de la dana con casos como el de <a href=\"https:\/\/www.lasprovincias.es\/sucesos\/dolores-victima-230-dana-20250926220948-nt.html\" target=\"_self\" data-voc-vtm-id=\"in-text-traffic\" title=\"Dolores\" data-mrf-link=\"www.lasprovincias.es\" rel=\"nofollow noopener\">Dolores<\/a>, una de las residentes que fue rescatada del centro de personas mayores de Paiporta donde fallecieron otros seis ancianos el 29-O y que muri\u00f3 tres d\u00edas despu\u00e9s en el Hospital Doctor Peset de Valencia.<\/p>\n","protected":false},"excerpt":{"rendered":"A punto de cumplirse el primer aniversario de la tragedia en forma de riada que se llev\u00f3 la&hellip;\n","protected":false},"author":2,"featured_media":192719,"comment_status":"","ping_status":"","sticky":false,"template":"","format":"standard","meta":{"footnotes":""},"categories":[8],"tags":[17,18,6247,1681,8056,25,24,13,14,11,19,20,17598,9,10,15,16,53762,53761,23,12,21,22],"class_list":{"0":"post-192718","1":"post","2":"type-post","3":"status-publish","4":"format-standard","5":"has-post-thumbnail","7":"category-espana","8":"tag-breaking-news","9":"tag-breakingnews","10":"tag-cadaver","11":"tag-dana","12":"tag-desaparecidos","13":"tag-es","14":"tag-espana","15":"tag-featured-news","16":"tag-featurednews","17":"tag-headlines","18":"tag-latest-news","19":"tag-latestnews","20":"tag-localizan","21":"tag-news","22":"tag-noticias","23":"tag-noticias-destacadas","24":"tag-noticiasdestacadas","25":"tag-poblet","26":"tag-quart","27":"tag-spain","28":"tag-titulares","29":"tag-ultimas-noticias","30":"tag-ultimasnoticias"},"share_on_mastodon":{"url":"https:\/\/pubeurope.com\/@es\/115415231178038032","error":""},"_links":{"self":[{"href":"https:\/\/www.europesays.com\/es\/wp-json\/wp\/v2\/posts\/192718","targetHints":{"allow":["GET"]}}],"collection":[{"href":"https:\/\/www.europesays.com\/es\/wp-json\/wp\/v2\/posts"}],"about":[{"href":"https:\/\/www.europesays.com\/es\/wp-json\/wp\/v2\/types\/post"}],"author":[{"embeddable":true,"href":"https:\/\/www.europesays.com\/es\/wp-json\/wp\/v2\/users\/2"}],"replies":[{"embeddable":true,"href":"https:\/\/www.europesays.com\/es\/wp-json\/wp\/v2\/comments?post=192718"}],"version-history":[{"count":0,"href":"https:\/\/www.europesays.com\/es\/wp-json\/wp\/v2\/posts\/192718\/revisions"}],"wp:featuredmedia":[{"embeddable":true,"href":"https:\/\/www.europesays.com\/es\/wp-json\/wp\/v2\/media\/192719"}],"wp:attachment":[{"href":"https:\/\/www.europesays.com\/es\/wp-json\/wp\/v2\/media?parent=192718"}],"wp:term":[{"taxonomy":"category","embeddable":true,"href":"https:\/\/www.europesays.com\/es\/wp-json\/wp\/v2\/categories?post=192718"},{"taxonomy":"post_tag","embeddable":true,"href":"https:\/\/www.europesays.com\/es\/wp-json\/wp\/v2\/tags?post=192718"}],"curies":[{"name":"wp","href":"https:\/\/api.w.org\/{rel}","templated":true}]}}