{"id":192722,"date":"2025-10-22T01:31:13","date_gmt":"2025-10-22T01:31:13","guid":{"rendered":"https:\/\/www.europesays.com\/es\/192722\/"},"modified":"2025-10-22T01:31:13","modified_gmt":"2025-10-22T01:31:13","slug":"wasiak-y-saeid-sostienen-un-epico-empate-en-el-estreno-europeo-del-palacio","status":"publish","type":"post","link":"https:\/\/www.europesays.com\/es\/192722\/","title":{"rendered":"Wasiak y Saeid sostienen un \u00e9pico empate en el estreno europeo del Palacio"},"content":{"rendered":"<p><a class=\"v-mdl-ath__fig-a\" href=\"https:\/\/www.leonoticias.com\/autor\/borja-perez-7064.html\" title=\"Borja P\u00e9rez\" rel=\"nofollow noopener\" target=\"_blank\"><br \/>\n<img decoding=\"async\" class=\"v-mdl-ath__img\" src=\"https:\/\/www.europesays.com\/es\/wp-content\/uploads\/2025\/08\/autor-7064-foto-1.jpeg\" alt=\"Borja P\u00e9rez\"\/><br \/>\n<\/a><\/p>\n<p class=\"v-mdl-ath__p v-mdl-ath__p--6\">\nMartes, 21 de octubre 2025, 23:14<\/p>\n<p class=\"v-p\">Hizo todo lo posible para llevarse la victoria el Abanca Ademar, pero las cosas se complicaron y mucho en el \u00faltimo tramo y, ah\u00ed, cuando ya parec\u00eda perdido, aparecer\u00eda Wasiak, sacando a relucir la garra ademarista, para lograr un empate que sirve para seguir agarrados -aunque no ser\u00e1 f\u00e1cil- a la competici\u00f3n europea (28-28).<\/p>\n<p class=\"v-p\">Por medio de un gran Saeid, se colocaron tres arriba cerca del final, pero el potencial del RK Nexe, con el ex ademarista Tin Lucin imperial y un gran Jastrzebski bajo palos, logr\u00f3 la darle la vuelta para, finalmente, dejarlo todo en tablas.<\/p>\n<p><img decoding=\"async\" loading=\"lazy\" src=\"https:\/\/www.europesays.com\/es\/wp-content\/uploads\/2025\/10\/Ademar escudo-U76504514144nIO-44x44@Leonoticias.png\" class=\"v-scr__img\" width=\"44\" height=\"44\" alt=\"Abanca Ademar\"\/><\/p>\n<p class=\"v-scr__t\">Abanca Ademar<\/p>\n<p class=\"v-scr__p v-scr__p--3\">\u00c1lvaro P\u00e9rez; Edu Fern\u00e1ndez (1), Alberto Mart\u00edn (2), Sergio S\u00e1nchez (4), Rodrigo P\u00e9rez Arce (4), Albizu (-), Zapico () \u2013 siete inicial \u2013 Saeid (-), Mi\u00f1ambres (3), Gonzalo P\u00e9rez (3), Wasiak (4), Benites (1), Dario Sanz (2), Samu S\u00e1iz (-), Adri Fern\u00e1ndez (-), Rozada (1)<\/p>\n<p class=\"v-scr__n-c v-scr__n-c--1 \">\n 28\n<\/p>\n<p class=\"v-scr__n-c v-scr__n-c--2\">\n&#8211;\n<\/p>\n<p class=\"v-scr__n-c v-scr__n-c--3 \">\n 28\n<\/p>\n<p class=\"v-scr__t\">RK Nexe<\/p>\n<p><img decoding=\"async\" loading=\"lazy\" src=\"https:\/\/www.europesays.com\/es\/wp-content\/uploads\/2025\/10\/RK NExe-U11751251485rCS-44x44@Leonoticias.png\" class=\"v-scr__img\" width=\"44\" height=\"44\" alt=\"RK Nexe\"\/><\/p>\n<p class=\"v-scr__p v-scr__p--3\">Radovanovic, Jastrzebski, Bakic (3), Hrom\u00edn (-), Haselijic (2), Krajcar (2), Krupic (-), Moslavac (5), Barbic (-), Tin Kuze (), Aleksandar Cenic (3), Ognjen Cenic, Leon Vucko (1), Tin Luc\u00edn (11), Kozina (1)<\/p>\n<ul class=\"v-u\">\n<li class=\"v-u__l\">\n<p class=\"v-p\">\nParciales<br \/>\n2-1, 5-4, 6-8, 7-10, 10-13, 12-13 -descanso-; 14-15, 16-17, 19-20, 23-22, 26-25, 28-28 -final-.\n<\/p>\n<\/li>\n<li class=\"v-u__l\">\n<p class=\"v-p\">\n\u00c1rbitros<br \/>\nGytis Sniurevicius y Andrius Grigalionis. Excluyeron a Edu Fern\u00e1ndez por parte del Abanca Ademar y a Krajcar, Haseljic y Cenic (2) por parte del Nexe.\n<\/p>\n<\/li>\n<li class=\"v-u__l\">\n<p class=\"v-p\">\nIncidencias<br \/>\nPalacio Municipal de Deportes. Jornada 2 de la fase de grupos de la EHF European League.\n<\/p>\n<\/li>\n<\/ul>\n<p class=\"v-p\">Condicionados por la carga f\u00edsica que supone la disputa de cuatro encuentros en apenas once d\u00edas, parti\u00f3 Dani Gordo con un siete inicial plagado de rotaciones <a href=\"https:\/\/www.leonoticias.com\/deportes\/ademar\/abanca-ademar-sufre-mantener-velocidad-crucero-liga-20251018210940-nt.html\" target=\"_self\" data-voc-vtm-id=\"in-text-traffic\" title=\"respecto al duelo de Cuenca\" data-mrf-link=\"www.leonoticias.com\" rel=\"nofollow noopener\">respecto al duelo de Cuenca<\/a>, aunque con la idea de salir a competir desde el primer minuto ante un rival invicto hasta el momento tras vencer todo en su liga y ganar de ocho en la primera jornada del torneo continental.<\/p>\n<p class=\"v-p\">La puesta en escena fue positiva por parte de un Abanca Ademar que plant\u00f3 bien la defensa durante los primeros minutos para poder adelantarse por primera vez por medio del lanzamiento de siete metros de Gonzalo (2-1). Los compases iniciales esbozaron una batalla muy din\u00e1mica entre dos ataques muy activos que se asestaban golpes mutuos sin lograr separarse en el marcador (5-4).<\/p>\n<p>Nexe toma el mando entre las protestas<\/p>\n<p class=\"v-p\">Ambos equipos se estaban mostrando duros en acciones defensivas, lo que supuso tres exclusiones -una para Ademar y dos para Nexe- en apenas tres minutos. Esta situaci\u00f3n, sumada a varios errores en ataque de los maristas, puso por delante a los visitantes, que lograron su primera renta de tres tantos (6-9), obligando a Dani Gordo a parar el choque por primera vez.<\/p>\n<p class=\"v-p\">Precisamente, fue el central ex ademarista Tin Lucin quien m\u00e1s da\u00f1o estaba creando a los leoneses, con gran acierto en sus imparables embestidas por el centro. Las decisiones arbitrales de los primeros minutos no dejaron ni mucho menos contentos a los aficionados presentes y, sobre todo, al banquillo ademarista, con un enfado aparente tras superar el ecuador del primer acto (8-10).<\/p>\n<p class=\"v-p\">No consigui\u00f3 mejorar su versi\u00f3n en ataque el conjunto leon\u00e9s, que, tras frenar el avance inicial impulsado por un gran Rodrigo P\u00e9rez, se vio por primera vez cuatro abajo (8-12). Tuvo opciones claras de acercarse el equipo de Dani Gordo, pero se encontr\u00f3 con un enorme Marcel Jastrzebski que se fue al descanso con un promedio superior al cuarenta por ciento de paradas.<\/p>\n<p><a href=\"http:\/\/www.leonoticias.com\/deportes\/ademar\/abanca-ademar-sufre-mantener-velocidad-crucero-liga-20251018210940-nt.html#vtm_modulosEngag=mod-rel:deportes:noticia:1:cmp:2-not\" class=\"v-a-link\" title=\"El Abanca Ademar sufre para mantener su velocidad de crucero en liga\" rel=\"nofollow noopener\" target=\"_blank\"><br \/>\n<img decoding=\"async\" loading=\"lazy\" class=\"v-a-img\" src=\"https:\/\/www.europesays.com\/es\/wp-content\/uploads\/2025\/10\/Abanca20Ademar202.jpg\" alt=\"El Abanca Ademar sufre para mantener su velocidad de crucero en liga\"\/><br \/>\n<\/a><\/p>\n<p><a href=\"http:\/\/www.leonoticias.com\/deportes\/ademar\/perez-arce-lideran-abanca-ademar-progresion-20251016120554-nt.html#vtm_modulosEngag=mod-rel:deportes:noticia:2:cmp:2-not\" class=\"v-a-link\" title=\"Los P\u00e9rez Arce lideran a un Abanca Ademar en progresi\u00f3n\" rel=\"nofollow noopener\" target=\"_blank\"><br \/>\n<img decoding=\"async\" loading=\"lazy\" class=\"v-a-img\" src=\"https:\/\/www.europesays.com\/es\/wp-content\/uploads\/2025\/10\/1761096673_853_GONZALO-ISAAC-LLAMA (5)-kBSF--366x256@Leonoticias.jpg\" alt=\"Los P\u00e9rez Arce lideran a un Abanca Ademar en progresi\u00f3n\"\/><br \/>\n<\/a><\/p>\n<p class=\"v-p\">No se quedar\u00eda atr\u00e1s un Saeid Barkhordari que, tras salir en los \u00faltimos minutos del primer acto, logr\u00f3 con sus tres paradas en tres acciones acercar al Abanca Ademar al marcador antes del descanso y dar paso a que Rub\u00e9n Rozada desatara el \u00e9xtasis entre la afici\u00f3n (12-13). Precisamente, fue el portero, tras quejarse de un balonazo en la cara, quien gener\u00f3 la pol\u00e9mica entre los banquillos, con un Dani Gordo muy molesto por los reproches de un integrante del cuerpo t\u00e9cnico croata.<\/p>\n<p class=\"v-p\">El avance marista se alarg\u00f3 m\u00e1s all\u00e1 del paso por vestuarios y el equipo de Dani Gordo -o, m\u00e1s bien, Rodrigo P\u00e9rez Arce- fue capaz de firmar un parcial 0-2 para darle la vuelta al encuentro (14-13). La principal diferencia respecto a lo visto durante los primeros compases del partido llegar\u00eda en la porter\u00eda, con un inmenso Saeid que mantuvo al Nexe casi diez minutos sin ver porter\u00eda.<\/p>\n<p>El Abanca Ademar se crece<\/p>\n<p class=\"v-p\">Sin embargo, a partir de que encontraron la f\u00f3rmula para volver a anotar, los croatas hicieron da\u00f1o con un parcial 3-0 que les devolvi\u00f3 la ventaja de dos goles (14-16). Desde ese momento, el encuentro atraves\u00f3 un tramo veloz de intercambio de golpes con un afinado Wasiak que dejaba el marcador muy igualado (18-19).<\/p>\n<p class=\"v-p\">En medio de un ambiente cada vez m\u00e1s caldeado dentro de un Palacio con muchas ganas de Europa y a trav\u00e9s del desparpajo de Sergio S\u00e1nchez y de Wasiak, sumado a nuevas intervenciones de Saeid -por encima del 70% de paradas en el ecuador de la segunda mitad-, el Abanca Ademar volvi\u00f3 a poner el empate (20-20), obligando al Nexe a parar el choque.<\/p>\n<p>Los leoneses no se rinden<\/p>\n<p class=\"v-p\">El tiempo muerto no logr\u00f3 frenar la din\u00e1mica de un cuadro marista que cre\u00eda y mucho en poder llevarse su primer triunfo europeo. De hecho, en este momento llegar\u00eda la primera renta de dos tantos por parte de los de Dani Gordo (22-20). A este tramo de \u00e9xtasis colectivo de juego le acompa\u00f1ar\u00eda una exclusi\u00f3n de los croatas que acab\u00f3 de dibujar un escenario muy favorable para los \u00faltimos minutos (25-22).<\/p>\n<p class=\"v-p\">Aun as\u00ed, el potencial de los croatas imped\u00eda confiarse y el empate volvi\u00f3 al marcador a falta de cuatro minutos (26-26). Cuando, a falta de poco m\u00e1s de un minuto, Gonzalo no fue capaz de transformar el siete metros que hubiera puesto la igualada de nuevo, el banquillo croata salt\u00f3 celebrando a sabiendas de que ten\u00eda el triunfo muy cerca.<\/p>\n<p class=\"v-p\">Sin embargo, con lo que no contaron fue con la garra ademarista, que aparecer\u00eda en el \u00faltimo segundo por medio de Wasiak, que anot\u00f3 una diana &#8216;in extremis&#8217; para desatar la locura final en el Palacio y agarrarse a una competici\u00f3n europea que ilusiona (28-28).<\/p>\n<p>Reporta un error<\/p>\n","protected":false},"excerpt":{"rendered":"Martes, 21 de octubre 2025, 23:14 Hizo todo lo posible para llevarse la victoria el Abanca Ademar, pero&hellip;\n","protected":false},"author":2,"featured_media":192723,"comment_status":"","ping_status":"","sticky":false,"template":"","format":"standard","meta":{"footnotes":""},"categories":[278],"tags":[376,168,5192,53765,25,24,1055,5824,375,53764,45241,23,167,53763],"class_list":{"0":"post-192722","1":"post","2":"type-post","3":"status-publish","4":"format-standard","5":"has-post-thumbnail","7":"category-balonmano","8":"tag-balonmano","9":"tag-deportes","10":"tag-empate","11":"tag-epico","12":"tag-es","13":"tag-espana","14":"tag-estreno","15":"tag-europeo","16":"tag-handball","17":"tag-saeid","18":"tag-sostienen","19":"tag-spain","20":"tag-sports","21":"tag-wasiak"},"share_on_mastodon":{"url":"https:\/\/pubeurope.com\/@es\/115415238910151336","error":""},"_links":{"self":[{"href":"https:\/\/www.europesays.com\/es\/wp-json\/wp\/v2\/posts\/192722","targetHints":{"allow":["GET"]}}],"collection":[{"href":"https:\/\/www.europesays.com\/es\/wp-json\/wp\/v2\/posts"}],"about":[{"href":"https:\/\/www.europesays.com\/es\/wp-json\/wp\/v2\/types\/post"}],"author":[{"embeddable":true,"href":"https:\/\/www.europesays.com\/es\/wp-json\/wp\/v2\/users\/2"}],"replies":[{"embeddable":true,"href":"https:\/\/www.europesays.com\/es\/wp-json\/wp\/v2\/comments?post=192722"}],"version-history":[{"count":0,"href":"https:\/\/www.europesays.com\/es\/wp-json\/wp\/v2\/posts\/192722\/revisions"}],"wp:featuredmedia":[{"embeddable":true,"href":"https:\/\/www.europesays.com\/es\/wp-json\/wp\/v2\/media\/192723"}],"wp:attachment":[{"href":"https:\/\/www.europesays.com\/es\/wp-json\/wp\/v2\/media?parent=192722"}],"wp:term":[{"taxonomy":"category","embeddable":true,"href":"https:\/\/www.europesays.com\/es\/wp-json\/wp\/v2\/categories?post=192722"},{"taxonomy":"post_tag","embeddable":true,"href":"https:\/\/www.europesays.com\/es\/wp-json\/wp\/v2\/tags?post=192722"}],"curies":[{"name":"wp","href":"https:\/\/api.w.org\/{rel}","templated":true}]}}