{"id":192732,"date":"2025-10-22T01:42:18","date_gmt":"2025-10-22T01:42:18","guid":{"rendered":"https:\/\/www.europesays.com\/es\/192732\/"},"modified":"2025-10-22T01:42:18","modified_gmt":"2025-10-22T01:42:18","slug":"la-feria-del-libro-de-nueva-york-rendira-homenaje-a-pedro-lemebel","status":"publish","type":"post","link":"https:\/\/www.europesays.com\/es\/192732\/","title":{"rendered":"La Feria del Libro de Nueva York rendir\u00e1 homenaje a Pedro Lemebel"},"content":{"rendered":"<p>                  <img decoding=\"async\" src=\"https:\/\/www.europesays.com\/es\/wp-content\/uploads\/2025\/09\/placeholder.png\"\/><\/p>\n<p>\n                  Por CNN Chile<br \/>\n                  21.10.2025 \/ 09:59\n                <\/p>\n<p>                <img decoding=\"async\" src=\"https:\/\/www.europesays.com\/es\/wp-content\/uploads\/2025\/10\/A_UNO_479680-740x430.jpg\" alt=\"{alt}\"\/><\/p>\n<p class=\"epigraph\">La instancia se realizar\u00e1 entre los pr\u00f3ximos 22 y 26 de octubre en el John Jay College of Criminal Justice en Manhattan.<\/p>\n<p>(EFE).- La <strong>Feria Internacional del Libro en Nueva York<\/strong>, que se realizar\u00e1 entre los pr\u00f3ximos 22 y 26 de octubre, rendir\u00e1 homenaje este a\u00f1o \u2014en su s\u00e9ptima edici\u00f3n\u2014 a <strong>Pedro Lemebel<\/strong>, quien fue un referente de la literatura homosexual y contestataria, y a Rosario Castellanos, considerada una de las literatas mexicanas m\u00e1s importantes del siglo XX.<\/p>\n<p>Este evento \u2014que re\u00fane cada a\u00f1o a escritores, editoriales, universidades, bibliotecas y lectores\u2014 se realizar\u00e1 en el <strong>John Jay College of Criminal Justice<\/strong> en Manhattan, bajo el tema \u201cLa m\u00fasica en la literatura\u201d, y contar\u00e1 con la mexicana Cristina Rivera Garza, premio Pulitzer 2024, y con la argentina Gabriela Cabez\u00f3n C\u00e1mara, finalista del International Booker Prize en 2024, seg\u00fan un comunicado de los organizadores.<\/p>\n<p>\u201c<strong>La s\u00e9ptima edici\u00f3n trasciende las fronteras de la palabra escrita<\/strong>\u201c, indic\u00f3 en un comunicado Jos\u00e9 Higuera L\u00f3pez, presidente fundador del evento cultural, con la misi\u00f3n de posicionar el espa\u00f1ol \u201ccomo una lengua viva de creaci\u00f3n, reflexi\u00f3n y encuentro en Estados Unidos\u201d.<\/p>\n<p>\u201cCon el tema \u2018La M\u00fasica en la Literatura\u2019, presenta las din\u00e1micas de <strong>interacci\u00f3n que la m\u00fasica tiene en la literatura<\/strong>. Ambas son inseparables y convergen para dar vida a un amplio abanico de expresiones culturales, cuya diversidad es patente en las variantes del espa\u00f1ol en Am\u00e9rica Latina, Espa\u00f1a y Estados Unidos\u201d, afirm\u00f3 Higuera L\u00f3pez.<\/p>\n<p>Entre la gran variedad de foros figuran: \u201cNuevas plumas: cr\u00f3nica en espa\u00f1ol desde Estados Unidos\u201d, \u201cRitmos narrativos: musicalidades y sonoridades del espa\u00f1ol\u201d, \u201cHomenaje a Rosario Castellanos: materia que arde, voz que perdura\u201d, \u201c<strong>Al filo de la diferencia: leer a Lemebel\/At the Edge of Difference<\/strong>\u201d y \u201cMacondo York: Gabo entre rascacielos\u201d.<\/p>\n<p>La Feria del Libro, en la que tambi\u00e9n habr\u00e1 presentaci\u00f3n de libros, talleres y otros eventos, es organizada por el <strong>Instituto de Estudios Mexicanos<\/strong>, el <strong>Lehman College<\/strong> del sistema de la Universidad p\u00fablica de Nueva York (CUNY) y el <strong>John Jay College<\/strong>.<\/p>\n","protected":false},"excerpt":{"rendered":"Por CNN Chile 21.10.2025 \/ 09:59 La instancia se realizar\u00e1 entre los pr\u00f3ximos 22 y 26 de octubre&hellip;\n","protected":false},"author":2,"featured_media":192733,"comment_status":"","ping_status":"","sticky":false,"template":"","format":"standard","meta":{"footnotes":""},"categories":[172],"tags":[224,146,147,25,24,629,53543,225,671,896,18544,23],"class_list":{"0":"post-192732","1":"post","2":"type-post","3":"status-publish","4":"format-standard","5":"has-post-thumbnail","7":"category-libros","8":"tag-books","9":"tag-entertainment","10":"tag-entretenimiento","11":"tag-es","12":"tag-espana","13":"tag-estados-unidos","14":"tag-feria-del-libro-de-nueva-york","15":"tag-libros","16":"tag-literatura","17":"tag-nueva-york","18":"tag-pedro-lemebel","19":"tag-spain"},"share_on_mastodon":{"url":"https:\/\/pubeurope.com\/@es\/115415282355529047","error":""},"_links":{"self":[{"href":"https:\/\/www.europesays.com\/es\/wp-json\/wp\/v2\/posts\/192732","targetHints":{"allow":["GET"]}}],"collection":[{"href":"https:\/\/www.europesays.com\/es\/wp-json\/wp\/v2\/posts"}],"about":[{"href":"https:\/\/www.europesays.com\/es\/wp-json\/wp\/v2\/types\/post"}],"author":[{"embeddable":true,"href":"https:\/\/www.europesays.com\/es\/wp-json\/wp\/v2\/users\/2"}],"replies":[{"embeddable":true,"href":"https:\/\/www.europesays.com\/es\/wp-json\/wp\/v2\/comments?post=192732"}],"version-history":[{"count":0,"href":"https:\/\/www.europesays.com\/es\/wp-json\/wp\/v2\/posts\/192732\/revisions"}],"wp:featuredmedia":[{"embeddable":true,"href":"https:\/\/www.europesays.com\/es\/wp-json\/wp\/v2\/media\/192733"}],"wp:attachment":[{"href":"https:\/\/www.europesays.com\/es\/wp-json\/wp\/v2\/media?parent=192732"}],"wp:term":[{"taxonomy":"category","embeddable":true,"href":"https:\/\/www.europesays.com\/es\/wp-json\/wp\/v2\/categories?post=192732"},{"taxonomy":"post_tag","embeddable":true,"href":"https:\/\/www.europesays.com\/es\/wp-json\/wp\/v2\/tags?post=192732"}],"curies":[{"name":"wp","href":"https:\/\/api.w.org\/{rel}","templated":true}]}}