{"id":192738,"date":"2025-10-22T01:46:08","date_gmt":"2025-10-22T01:46:08","guid":{"rendered":"https:\/\/www.europesays.com\/es\/192738\/"},"modified":"2025-10-22T01:46:08","modified_gmt":"2025-10-22T01:46:08","slug":"doue-y-dembele-lideran-el-festival-del-psg-en-leverkusen-el-mundo","status":"publish","type":"post","link":"https:\/\/www.europesays.com\/es\/192738\/","title":{"rendered":"Dou\u00e9 y Dembel\u00e9 lideran el festival del PSG en Leverkusen &#8211; El Mundo"},"content":{"rendered":"<ol>\n<li><a href=\"https:\/\/news.google.com\/rss\/articles\/CBMinAFBVV95cUxNdjJIZUl3a3BlTE5tZHNzZklqcmZqTmc5VXlmc3QxLXp6cFliSWRIMl9VN0lkVHdqRVl3cHkzYm5jdUxsOUpZczVieE93MWVOZl9XbjFMV3FYLWZBc1IxOGF2V19WZGNFQ25lc3ByamhBc2N0QVVGdG5mZmtQTk5PU3FfZ2kxeDJ4M0F1RlR6VDFUN0hDcTB5M0h4UU7SAZwBQVVfeXFMUEVaVnBLR2ZTcW5oeGNTOElEZXJpWDROMnZoWFM0NDNHc3dEclgyVjh4Wld2TGV3ZHBER3V1Z1N6Z2dJcEhLQkhhdk8zb3U4dl85cWxxVDFONThqNXg1Yk1XUE1sWlJYRjdOTHIwLTEwemZIQjBKUUpqek5HXzh1WmhrcmpQUzg0TGxjQ2NwVEJKM0RtU0ZMcXYzVjh6?oc=5\" target=\"_blank\" rel=\"nofollow noopener\">Dou\u00e9 y Dembel\u00e9 lideran el festival del PSG en Leverkusen<\/a>&nbsp;&nbsp;El Mundo<\/li>\n<li><a href=\"https:\/\/news.google.com\/rss\/articles\/CBMiqwFBVV95cUxQMkJVWnI3WFAzS0p2Wno2YUhTR3haa2RXQ1c2eGJlTFRZMVpjc29OTTZ6dVlzLTJaeGktTllvdTh6RUlFaUVIM1YwX19XUUlzekE5WEVDWkNsZzhRYXVSSmdwM3dWSlV0QWdXRDBHeGx1enpjTkFyWlg2RWN6STlyREV1V0MzYmlYMW9iMzk3TmZZQ3Q1OVBRWkZDdTBsenFGSmw3Z193eWg5Y2vSAb8BQVVfeXFMUGtVM3BPdmVKVDVNMDV1Z19OVUxtZkxGWVh3a1hHM19qajlGQ05EeDdWV3VsVlJzTFVROTU4VXJKQmN4MnA4RE5pc2lqY3JrTlRlZHNrZXJtSEh1dGwtLXhoRVdqazlQcjNvNVNpRTBock5nV1c4dVRCM09DVXpIQ21vWWZ2OHlsekRmM3F4RUgtVjZOQVJSYnBHbGUxdklrZVNZdzlYSzc3OFo2bXFYY3NHZGNfTVd0R1hVRVdSc0U?oc=5\" target=\"_blank\" rel=\"nofollow noopener\">Bayer Leverkusen 2-7 PSG: Resumen, resultado y goles del partido | Champions League en directo<\/a>&nbsp;&nbsp;Diario AS<\/li>\n<li><a href=\"https:\/\/news.google.com\/rss\/articles\/CBMiwwFBVV95cUxNSTE0bDJpRFcxZHUtYjBMUUNoNHZmWkowSV9maDI0Vk1NZTdVQXpZMzJXYWFiVXV5NEdVcE9LcENCNlU2R1NfUUpmRDJGbDg3WGJ1VFAtbEJzZHNZV1RRcU4yWUdVeW91NXFLclBmUDRObHc5NkV0aWloRnAtRmotWkhONHc1YjY1LUlLNzFkTUFISy1URDVaSHF5MTl2QnJUQXRCVlRJeGxZS3pId1lSelBzYzdxal9aek4wNGFLVldTUVE?oc=5\" target=\"_blank\" rel=\"nofollow noopener\">Gil Manzano: \u00a1dos rojas y dos penaltis en 15 minutos!<\/a>&nbsp;&nbsp;Mundo Deportivo<\/li>\n<li><a href=\"https:\/\/news.google.com\/rss\/articles\/CBMiuwFBVV95cUxORGVmdTNzWXRYTDJ4Qm9VQVhhT01CVXF6VFpYY0daTnJvdVF3VjJic1JnLTF6OFVrLXk2cEpEOUJLdVhNMGx2SUFsQUYzN0ZaMkpSY0czQ2wtem1RMHNfOFYwMk5fVWZiVzFSdEU0S0JLZjVpRmo3YzZMOUc3YXEyODVPTF9BckppdUItTmtTMkotSXVaS0RubE9nbkZJZ0EybXdGTzRpb2Qxc0xEby1VNkwwNjFfZEY2akdJ0gG7AUFVX3lxTE0yQmJZZVZRaWpjVkNsM21wM21tQWJrM0ZtSEZRU3Z4cHMyMjEwZm82UHh5ZXN4UWR2dmNEVzkzcmJob0lxRTlybFZ5RlhDdV9IWTA2SDBjYzRXdDdKWXU1TTZEOUlQNUVaemZnbDd3ekU1Q1pySEpIZk1fbGpGdVB1RV9TdzRmQ0twOFo3aVdXSURqZEE4aWJXTklTTnBNcENlMmY3X1pLd3FhMmt0Y3dDTXFTYnhtZVNwZEU?oc=5\" target=\"_blank\" rel=\"nofollow noopener\">Demb\u00e9l\u00e9 saca brillo a su Bal\u00f3n de Oro en el &#8216;ba\u00f1o&#8217; del PSG al Leverkusen<\/a>&nbsp;&nbsp;MARCA<\/li>\n<li><a href=\"https:\/\/news.google.com\/rss\/articles\/CBMivgFBVV95cUxQdWdkNmppX254MldDd25mSTBMWHFuTjhPMkJuUEwtUTFDcDFSd1NIZ1dmMW11TnRPSTZvcFgxalZiVTRJeWZHMFdBRC1zcWF3QlpFem11WEZ1clBFM3VMNGNHODBhZUY0akdWYUo3VjM1Q2VUWUU3aXZhcTBTVGRobXV6d2RnWkVhcmNEZzFQWGtQXzdqQlpVVG1LNmk3MEpXeUR3LVlXT2E0SVFlMURlVnhhNFMyTXJUQjJ6LTdB?oc=5\" target=\"_blank\" rel=\"nofollow noopener\">Bayer Leverkusen \u2013 PSG el partido de f\u00fatbol de F. Grupos &#8211; Jornada 3 de la Champions League, en directo<\/a>&nbsp;&nbsp;La Vanguardia<\/li>\n<\/ol>\n","protected":false},"excerpt":{"rendered":"Dou\u00e9 y Dembel\u00e9 lideran el festival del PSG en Leverkusen&nbsp;&nbsp;El Mundo Bayer Leverkusen 2-7 PSG: Resumen, resultado y&hellip;\n","protected":false},"author":2,"featured_media":192739,"comment_status":"","ping_status":"","sticky":false,"template":"","format":"standard","meta":{"footnotes":""},"categories":[93],"tags":[10083,1241,168,39654,25,24,282,10402,4409,13427,53766,23,167,51805],"class_list":{"0":"post-192738","1":"post","2":"type-post","3":"status-publish","4":"format-standard","5":"has-post-thumbnail","7":"category-deportes","8":"tag-bayer-leverkusen","9":"tag-champions-league","10":"tag-deportes","11":"tag-deportes-futbol-champions-league","12":"tag-es","13":"tag-espana","14":"tag-futbol","15":"tag-luis-enrique","16":"tag-psg","17":"tag-psv-eindhoven","18":"tag-romelu-lukaku","19":"tag-spain","20":"tag-sports","21":"tag-ssc-napoli"},"share_on_mastodon":{"url":"https:\/\/pubeurope.com\/@es\/115415297733374073","error":""},"_links":{"self":[{"href":"https:\/\/www.europesays.com\/es\/wp-json\/wp\/v2\/posts\/192738","targetHints":{"allow":["GET"]}}],"collection":[{"href":"https:\/\/www.europesays.com\/es\/wp-json\/wp\/v2\/posts"}],"about":[{"href":"https:\/\/www.europesays.com\/es\/wp-json\/wp\/v2\/types\/post"}],"author":[{"embeddable":true,"href":"https:\/\/www.europesays.com\/es\/wp-json\/wp\/v2\/users\/2"}],"replies":[{"embeddable":true,"href":"https:\/\/www.europesays.com\/es\/wp-json\/wp\/v2\/comments?post=192738"}],"version-history":[{"count":0,"href":"https:\/\/www.europesays.com\/es\/wp-json\/wp\/v2\/posts\/192738\/revisions"}],"wp:featuredmedia":[{"embeddable":true,"href":"https:\/\/www.europesays.com\/es\/wp-json\/wp\/v2\/media\/192739"}],"wp:attachment":[{"href":"https:\/\/www.europesays.com\/es\/wp-json\/wp\/v2\/media?parent=192738"}],"wp:term":[{"taxonomy":"category","embeddable":true,"href":"https:\/\/www.europesays.com\/es\/wp-json\/wp\/v2\/categories?post=192738"},{"taxonomy":"post_tag","embeddable":true,"href":"https:\/\/www.europesays.com\/es\/wp-json\/wp\/v2\/tags?post=192738"}],"curies":[{"name":"wp","href":"https:\/\/api.w.org\/{rel}","templated":true}]}}