{"id":192750,"date":"2025-10-22T01:55:14","date_gmt":"2025-10-22T01:55:14","guid":{"rendered":"https:\/\/www.europesays.com\/es\/192750\/"},"modified":"2025-10-22T01:55:14","modified_gmt":"2025-10-22T01:55:14","slug":"murio-pilar-gonzalez-del-valle-voz-respetada-y-constante-en-la-defensa-del-toreo","status":"publish","type":"post","link":"https:\/\/www.europesays.com\/es\/192750\/","title":{"rendered":"Muri\u00f3 Pilar Gonz\u00e1lez del Valle, voz respetada y constante en la defensa del toreo"},"content":{"rendered":"<p><strong data-start=\"905\" data-end=\"993\">El mundo del toro pierde hoy a una de sus presencias m\u00e1s constantes y comprometidas.<\/strong> Pilar Gonz\u00e1lez del Valle, marquesa de la Vega de Anzo, falleci\u00f3 esta madrugada en Madrid a los 77 a\u00f1os tras sufrir un aneurisma. Aficionada apasionada, fue durante a\u00f1os una presencia habitual en el callej\u00f3n de <a title=\"Las Ventas\" href=\"https:\/\/www.larazon.es\/tags\/las-ventas\/\" target=\"_blank\" rel=\"nofollow noopener\">Las Ventas<\/a>, especialmente durante la Feria de San Isidro, donde segu\u00eda cada tarde con atenci\u00f3n, respeto y un profundo conocimiento del toreo.<\/p>\n<p><strong data-start=\"1347\" data-end=\"1416\">Abonada fiel y figura reconocida en el entorno taurino madrile\u00f1o,<\/strong> form\u00f3 parte del <a title=\"Centro de Asuntos Taurinos de la Comunidad de Madrid\" href=\"https:\/\/www.larazon.es\/cultura\/toros\/20220330\/td75vosjfzfa7icuncdrvafu5u.html\" target=\"_blank\" rel=\"nofollow noopener\">Centro de Asuntos Taurinos de la Comunidad de Madrid<\/a> y de la pe\u00f1a \u00abLas Majas de Goya\u00bb, manteni\u00e9ndose siempre activa en la defensa de la Fiesta. En 1992 hered\u00f3 el t\u00edtulo nobiliario de su padre y, lejos de la distancia que a veces marcan las formas, se implic\u00f3 personalmente en todos los \u00e1mbitos del mundo taurino.<\/p>\n<p>Su v\u00ednculo con Asturias fue tambi\u00e9n inseparable. <strong data-start=\"1796\" data-end=\"1879\">En Gij\u00f3n, especialmente en la Feria de Bego\u00f1a, se convirti\u00f3 en una figura clave<\/strong>, no solo por su presencia, sino por el apoyo que brind\u00f3 en <a title=\"momentos dif\u00edciles\" href=\"https:\/\/www.larazon.es\/cultura\/toros\/realidad-toros-vuelven-gijon_2023070564a5621141e062000179e5ca.html\" target=\"_blank\" rel=\"nofollow noopener\">momentos dif\u00edciles<\/a> para la continuidad de los festejos. En 2023, su compromiso fue reconocido al ser nombrada pregonera taurina, un gesto simb\u00f3lico que pon\u00eda voz a tantos a\u00f1os de entrega silenciosa.<\/p>\n<p><strong data-start=\"2139\" data-end=\"2244\">Quienes la conocieron destacan su discreci\u00f3n, su elegancia y su manera directa de entender la afici\u00f3n<\/strong>, sin estridencias, pero con una mirada cr\u00edtica y bien formada. Pilar sab\u00eda escuchar, dialogar y compartir su visi\u00f3n del toreo con toreros, empresarios y aficionados, siempre desde el respeto y el afecto.<\/p>\n<p><strong data-start=\"2450\" data-end=\"2572\">Recibi\u00f3 diversos homenajes a lo largo de su vida, entre ellos del Club Deportivo Mosconia y del Ayuntamiento de Grado,<\/strong> pero su legado no se mide en reconocimientos, sino en la huella que dej\u00f3 en quienes compartieron con ella tendido, callej\u00f3n o tertulia. Fue una de esas figuras que no necesitan altavoz porque su sola presencia dec\u00eda mucho. La Fiesta pierde a una de sus grandes defensoras, alguien que supo estar sin hacerse notar y que vivi\u00f3 el toreo como una forma de lealtad.<\/p>\n","protected":false},"excerpt":{"rendered":"El mundo del toro pierde hoy a una de sus presencias m\u00e1s constantes y comprometidas. Pilar Gonz\u00e1lez del&hellip;\n","protected":false},"author":2,"featured_media":192751,"comment_status":"","ping_status":"","sticky":false,"template":"","format":"standard","meta":{"footnotes":""},"categories":[277],"tags":[373,168,25,24,23,167,374],"class_list":{"0":"post-192750","1":"post","2":"type-post","3":"status-publish","4":"format-standard","5":"has-post-thumbnail","7":"category-toreo","8":"tag-bullfighting","9":"tag-deportes","10":"tag-es","11":"tag-espana","12":"tag-spain","13":"tag-sports","14":"tag-toreo"},"share_on_mastodon":{"url":"https:\/\/pubeurope.com\/@es\/115415333129880557","error":""},"_links":{"self":[{"href":"https:\/\/www.europesays.com\/es\/wp-json\/wp\/v2\/posts\/192750","targetHints":{"allow":["GET"]}}],"collection":[{"href":"https:\/\/www.europesays.com\/es\/wp-json\/wp\/v2\/posts"}],"about":[{"href":"https:\/\/www.europesays.com\/es\/wp-json\/wp\/v2\/types\/post"}],"author":[{"embeddable":true,"href":"https:\/\/www.europesays.com\/es\/wp-json\/wp\/v2\/users\/2"}],"replies":[{"embeddable":true,"href":"https:\/\/www.europesays.com\/es\/wp-json\/wp\/v2\/comments?post=192750"}],"version-history":[{"count":0,"href":"https:\/\/www.europesays.com\/es\/wp-json\/wp\/v2\/posts\/192750\/revisions"}],"wp:featuredmedia":[{"embeddable":true,"href":"https:\/\/www.europesays.com\/es\/wp-json\/wp\/v2\/media\/192751"}],"wp:attachment":[{"href":"https:\/\/www.europesays.com\/es\/wp-json\/wp\/v2\/media?parent=192750"}],"wp:term":[{"taxonomy":"category","embeddable":true,"href":"https:\/\/www.europesays.com\/es\/wp-json\/wp\/v2\/categories?post=192750"},{"taxonomy":"post_tag","embeddable":true,"href":"https:\/\/www.europesays.com\/es\/wp-json\/wp\/v2\/tags?post=192750"}],"curies":[{"name":"wp","href":"https:\/\/api.w.org\/{rel}","templated":true}]}}