{"id":192758,"date":"2025-10-22T02:03:13","date_gmt":"2025-10-22T02:03:13","guid":{"rendered":"https:\/\/www.europesays.com\/es\/192758\/"},"modified":"2025-10-22T02:03:13","modified_gmt":"2025-10-22T02:03:13","slug":"stella-banderas-crea-el-look-de-entretiempo-perfecto-para-la-lluvia","status":"publish","type":"post","link":"https:\/\/www.europesays.com\/es\/192758\/","title":{"rendered":"Stella Banderas crea el look de entretiempo perfecto para la lluvia"},"content":{"rendered":"<p data-journey-content=\"true\" data-node-id=\"2\" class=\"css-6wxqfj emevuu60\">El pasado s\u00e1bado 18 de octubre, <strong data-node-id=\"2.1\"><a href=\"https:\/\/www.elle.com\/es\/star-style\/el-estilo-de\/a64347175\/stellla-banderas-vestido-novia-boho\/\" data-vars-ga-outbound-link=\"https:\/\/www.elle.com\/es\/star-style\/el-estilo-de\/a64347175\/stellla-banderas-vestido-novia-boho\/\" data-vars-ga-ux-element=\"Hyperlink\" data-vars-ga-call-to-action=\"Stella Banderas\" data-node-id=\"2.1.0\" class=\"body-link css-103hk4r emevuu60\" rel=\"nofollow noopener\" target=\"_blank\">Stella Banderas<\/a> y Alex Gruszynski <\/strong>pon\u00edan el broche de oro a su relaci\u00f3n con una preciosa \u2014aunque \u00edntima\u2014 <strong data-node-id=\"2.3\">boda en la localidad de Sard\u00f3n del Duero (Valladolid)<\/strong>. Una ceremonia que despert\u00f3 toda clase de inter\u00e9s en la prensa internacional y en la que, como pudimos descubrir gracias a People, la protagonista sorprendi\u00f3 como nunca con un impresionante vestido de novia de estilo bohemio que calificamos con matr\u00edcula de honor.<\/p>\n<p data-journey-content=\"true\" data-node-id=\"3\" class=\"css-6wxqfj emevuu60\">\u00bfNuestra sorpresa? No fue el \u00fanico look que llev\u00f3. Y es que, pocas horas m\u00e1s tarde, aparecieron <a href=\"https:\/\/www.elle.com\/es\/star-style\/el-estilo-de\/a69090314\/stella-banderas-segundo-vestido-novia-satinado\/\" data-vars-ga-outbound-link=\"https:\/\/www.elle.com\/es\/star-style\/el-estilo-de\/a69090314\/stella-banderas-segundo-vestido-novia-satinado\/\" data-vars-ga-ux-element=\"Hyperlink\" data-vars-ga-call-to-action=\"nuevas im\u00e1genes de la boda con una espectacular Stella Banderas ataviada en un elegante vestido satinado\" data-node-id=\"3.1\" class=\"body-link css-103hk4r emevuu60\" rel=\"nofollow noopener\" target=\"_blank\">nuevas im\u00e1genes de la boda con una espectacular Stella Banderas ataviada en un elegante vestido satinado<\/a> sin mangas ideal para la fiesta. Y s\u00ed, fue tan o incluso m\u00e1s ideal que el primero.<\/p>\n<p data-journey-content=\"true\" data-node-id=\"4\" class=\"css-6wxqfj emevuu60\">Ahora bien, Stella no solo brilla con sus estilismos m\u00e1s especiales, tambi\u00e9n conquista con sus looks m\u00e1s casuales para el d\u00eda a d\u00eda. Y aunque son muy pocos los casos en los que vemos a la actriz en su versi\u00f3n m\u00e1s casual y natural, lo cierto es que esta \u00faltima imagen publicada por <strong data-node-id=\"4.1\"><a href=\"https:\/\/www.elle.com\/es\/living\/ocio-cultura\/a64887103\/antonio-banderas-sobre-melanie-griffith-matrimonio-casados\/\" data-vars-ga-outbound-link=\"https:\/\/www.elle.com\/es\/living\/ocio-cultura\/a64887103\/antonio-banderas-sobre-melanie-griffith-matrimonio-casados\/\" data-vars-ga-ux-element=\"Hyperlink\" data-vars-ga-call-to-action=\"Antonio Banderas\" data-node-id=\"4.1.0\" class=\"body-link css-103hk4r emevuu60\" rel=\"nofollow noopener\" target=\"_blank\">Antonio Banderas<\/a><\/strong> nos lo corrobora. \u00bfNo dicen que una imagen siempre vale m\u00e1s que mil palabras?<\/p>\n<p>Stella Banderas da una lecci\u00f3n de estilo con el look de entretiempo perfecto<\/p>\n<p data-journey-content=\"true\" data-node-id=\"7\" class=\"css-6wxqfj emevuu60\">\u00abLa boda de mi hija Stella se ha convertido en un reencuentro familiar entra\u00f1able, emocionante, divertido y lleno de alegr\u00eda. Gracias a toda la gente que ha hecho que esto sea posible\u00bb, escrib\u00eda Antonio Banderas el domingo posterior a la boda junto a un &#8216;reel&#8217; de Instagram con algunas<strong data-node-id=\"7.2\"> fotos entra\u00f1ables junto a su hija Stella. <\/strong><\/p>\n<p><img draggable=\"true\" alt=\"stella banderas gabardina\" title=\"Stella Banderas look entretiempo\" loading=\"lazy\" width=\"1020\" height=\"1530\" decoding=\"async\" data-nimg=\"1\" style=\"color:transparent;width:100%;height:auto;\"   src=\"https:\/\/www.europesays.com\/es\/wp-content\/uploads\/2025\/10\/stella-banderas-look-entretiempo-gabardina-elle-68f7a88cb6294.png\" class=\"css-0 e1g79fud0\"\/><a target=\"_blank\" rel=\"noopener nofollow\" data-theme-key=\"base-link\" href=\"https:\/\/pinterest.com\/pin\/create\/button\/?url=https:\/\/www.elle.com\/es\/star-style\/el-estilo-de\/a69109050\/stella-banderas-look-entretiempo-lluvia-gabardina-larga\/&amp;description=- ElleSpain&amp;media=https:\/\/hips.hearstapps.com\/hmg-prod\/images\/stella-banderas-look-entretiempo-gabardina-elle-68f7a88cb6294.png?resize=1600:*\" class=\"pinterest css-on9hn5 e1c1bym14\"><img decoding=\"async\" data-dynamic-svg=\"true\" src=\"https:\/\/www.elle.com\/_assets\/design-tokens\/fre\/static\/icons\/social\/pinterest.e8cf655.svg?primary=%2523ffffff\" loading=\"lazy\" data-testid=\"dynamic-svg-base\" height=\"auto\" width=\"auto\" alt=\"pinterest\" class=\"css-4lml0h e1mlxuuw1\"\/><\/a><\/p>\n<p>@antoniobanderas\/\/Instagram<\/p>\n<p data-journey-content=\"true\" data-node-id=\"9\" class=\"css-6wxqfj emevuu60\">En la primera de ellas, la joven de 29 a\u00f1os aparec\u00eda junto a su ahora marido con el que podr\u00edamos describir como <strong data-node-id=\"9.1\">\u00ab<a href=\"https:\/\/www.elle.com\/es\/moda\/noticias\/a69081717\/como-vestir-con-estilo-con-basicos-de-entretiempo-looks-otono\/\" data-vars-ga-outbound-link=\"https:\/\/www.elle.com\/es\/moda\/noticias\/a69081717\/como-vestir-con-estilo-con-basicos-de-entretiempo-looks-otono\/\" data-vars-ga-ux-element=\"Hyperlink\" data-vars-ga-call-to-action=\"el look de entretiempo perfecto\" data-node-id=\"9.1.1\" class=\"body-link css-103hk4r emevuu60\" rel=\"nofollow noopener\" target=\"_blank\">el look de entretiempo perfecto<\/a> para d\u00edas de lluvia\u00bb<\/strong>. Un conjunto sencillo y b\u00e1sico, aunque infalible, que todas podemos recrear f\u00e1cilmente con prendas que guardamos en nuestros armarios.<\/p>\n<p data-journey-content=\"true\" data-node-id=\"10\" class=\"css-6wxqfj emevuu60\">Estas son las siguientes: un <strong data-node-id=\"10.1\">jersey de punto con cuello en &#8216;V&#8217; <\/strong>en color gris, unos <strong data-node-id=\"10.3\">pantalones negros de vestir<\/strong> <strong data-node-id=\"10.5\">ajustados<\/strong> y, el cl\u00e1sico infalible para la lluvia: una <strong data-node-id=\"10.7\">gabardina larga en color beige<\/strong>. Lo \u00fanico que nos fallar\u00eda en el caso de que lloviera ser\u00eda el calzado, pues se decant\u00f3 por unas c\u00f3modas bailarinas planas negras. \u00bfCon que las sustituir\u00edamos? Sin duda, con unas botas altas. As\u00ed de simple.<\/p>\n<p data-journey-content=\"true\" data-node-id=\"11\" class=\"css-6wxqfj emevuu60\">El resultado es, una vez m\u00e1s, la prueba perfecta de que Stella Banderas siempre va perfecta para todo tipo de planes y eventos. <\/p>\n","protected":false},"excerpt":{"rendered":"El pasado s\u00e1bado 18 de octubre, Stella Banderas y Alex Gruszynski pon\u00edan el broche de oro a su&hellip;\n","protected":false},"author":2,"featured_media":192759,"comment_status":"","ping_status":"","sticky":false,"template":"","format":"standard","meta":{"footnotes":""},"categories":[174],"tags":[255,253,146,147,25,24,256,23],"class_list":{"0":"post-192758","1":"post","2":"type-post","3":"status-publish","4":"format-standard","5":"has-post-thumbnail","7":"category-famosos","8":"tag-celebrities","9":"tag-discover","10":"tag-entertainment","11":"tag-entretenimiento","12":"tag-es","13":"tag-espana","14":"tag-famosos","15":"tag-spain"},"share_on_mastodon":{"url":"https:\/\/pubeurope.com\/@es\/115415365074287216","error":""},"_links":{"self":[{"href":"https:\/\/www.europesays.com\/es\/wp-json\/wp\/v2\/posts\/192758","targetHints":{"allow":["GET"]}}],"collection":[{"href":"https:\/\/www.europesays.com\/es\/wp-json\/wp\/v2\/posts"}],"about":[{"href":"https:\/\/www.europesays.com\/es\/wp-json\/wp\/v2\/types\/post"}],"author":[{"embeddable":true,"href":"https:\/\/www.europesays.com\/es\/wp-json\/wp\/v2\/users\/2"}],"replies":[{"embeddable":true,"href":"https:\/\/www.europesays.com\/es\/wp-json\/wp\/v2\/comments?post=192758"}],"version-history":[{"count":0,"href":"https:\/\/www.europesays.com\/es\/wp-json\/wp\/v2\/posts\/192758\/revisions"}],"wp:featuredmedia":[{"embeddable":true,"href":"https:\/\/www.europesays.com\/es\/wp-json\/wp\/v2\/media\/192759"}],"wp:attachment":[{"href":"https:\/\/www.europesays.com\/es\/wp-json\/wp\/v2\/media?parent=192758"}],"wp:term":[{"taxonomy":"category","embeddable":true,"href":"https:\/\/www.europesays.com\/es\/wp-json\/wp\/v2\/categories?post=192758"},{"taxonomy":"post_tag","embeddable":true,"href":"https:\/\/www.europesays.com\/es\/wp-json\/wp\/v2\/tags?post=192758"}],"curies":[{"name":"wp","href":"https:\/\/api.w.org\/{rel}","templated":true}]}}