{"id":192760,"date":"2025-10-22T02:05:09","date_gmt":"2025-10-22T02:05:09","guid":{"rendered":"https:\/\/www.europesays.com\/es\/192760\/"},"modified":"2025-10-22T02:05:09","modified_gmt":"2025-10-22T02:05:09","slug":"el-xxvii-congreso-de-librerias-de-espana-se-celebrara-en-valencia","status":"publish","type":"post","link":"https:\/\/www.europesays.com\/es\/192760\/","title":{"rendered":"El XXVII Congreso de Librer\u00edas de Espa\u00f1a se celebrar\u00e1 en Valencia"},"content":{"rendered":"<p>El\u00a0Palau de la M\u00fasica de Valencia\u00a0albergar\u00e1 el\u00a0XXVII Congreso de Librer\u00edas que se celebrar\u00e1 del 5 al 7 de febrero de 2026. Esta nueva edici\u00f3n,\u00a0<strong>o<\/strong>rganizada por CEGAL,\u00a0con el apoyo del Ministerio de Cultura, tiene como lema\u00a0\u201cinteligencia humana\u201d\u00a0y quiere reivindicar el papel de\u00a0las librer\u00edas como factor humano imprescindible en el sector del libro, labor basada en el contacto humano, en la conversaci\u00f3n, en las recomendaciones personalizadas, en el t\u00fa a t\u00fa con la clientela, con las distribuidoras, con las editoriales, con los autores y autoras.<\/p>\n<p>El programa del Congreso incluir\u00e1 ponencias, talleres, sesiones formativas a lo largo del jueves y el viernes. El Congreso comenzar\u00e1 el d\u00eda 5 de febrero por la ma\u00f1ana y finalizar\u00e1 el s\u00e1bado 7 de febrero por la ma\u00f1ana, con una visita cultural por la ciudad. Pr\u00f3ximamente podr\u00e1s consultar el programa del Congreso a trav\u00e9s de <a href=\"https:\/\/congresolibrerias.es\/programa-2026\/\" target=\"_blank\" rel=\"noopener nofollow\">este enlace<\/a>.<\/p>\n<p>Adem\u00e1s se celebrar\u00e1 la 2\u00aa edici\u00f3n de los Premios Congreso de Librer\u00edas en los que se homenajear\u00e1n librer\u00edas en las tres siguientes categor\u00edas:<\/p>\n<ul class=\"wp-block-list\">\n<li>Premio Homenaje a una Trayectoria Librera.<\/li>\n<li>Premio Innovaci\u00f3n Librera.<\/li>\n<li>Premio Nuevas Librer\u00edas.<\/li>\n<\/ul>\n<p><a href=\"https:\/\/cegal.us10.list-manage.com\/track\/click?u=77316abda9b0b65a847595a7c&amp;id=3c104627ec&amp;e=939d445b99\" target=\"_blank\" rel=\"noreferrer noopener nofollow\">Aqu\u00ed puedes consultar las bases<\/a>\u00a0de cada una\u00a0de ellas.<\/p>\n<p>Si deseas participar del Congreso puedes realizar tu inscripci\u00f3n a trav\u00e9s de <a href=\"https:\/\/docs.google.com\/forms\/d\/e\/1FAIpQLSc9Wg7egTXYN-CNTE5UMco9c4xS-rIG7It_nnpVU9RWX6J5tw\/viewform\" target=\"_blank\" rel=\"noopener nofollow\">este enlace<\/a>.<\/p>\n","protected":false},"excerpt":{"rendered":"El\u00a0Palau de la M\u00fasica de Valencia\u00a0albergar\u00e1 el\u00a0XXVII Congreso de Librer\u00edas que se celebrar\u00e1 del 5 al 7 de&hellip;\n","protected":false},"author":2,"featured_media":192761,"comment_status":"","ping_status":"","sticky":false,"template":"","format":"standard","meta":{"footnotes":""},"categories":[172],"tags":[224,146,147,25,24,225,23],"class_list":{"0":"post-192760","1":"post","2":"type-post","3":"status-publish","4":"format-standard","5":"has-post-thumbnail","7":"category-libros","8":"tag-books","9":"tag-entertainment","10":"tag-entretenimiento","11":"tag-es","12":"tag-espana","13":"tag-libros","14":"tag-spain"},"share_on_mastodon":{"url":"","error":""},"_links":{"self":[{"href":"https:\/\/www.europesays.com\/es\/wp-json\/wp\/v2\/posts\/192760","targetHints":{"allow":["GET"]}}],"collection":[{"href":"https:\/\/www.europesays.com\/es\/wp-json\/wp\/v2\/posts"}],"about":[{"href":"https:\/\/www.europesays.com\/es\/wp-json\/wp\/v2\/types\/post"}],"author":[{"embeddable":true,"href":"https:\/\/www.europesays.com\/es\/wp-json\/wp\/v2\/users\/2"}],"replies":[{"embeddable":true,"href":"https:\/\/www.europesays.com\/es\/wp-json\/wp\/v2\/comments?post=192760"}],"version-history":[{"count":0,"href":"https:\/\/www.europesays.com\/es\/wp-json\/wp\/v2\/posts\/192760\/revisions"}],"wp:featuredmedia":[{"embeddable":true,"href":"https:\/\/www.europesays.com\/es\/wp-json\/wp\/v2\/media\/192761"}],"wp:attachment":[{"href":"https:\/\/www.europesays.com\/es\/wp-json\/wp\/v2\/media?parent=192760"}],"wp:term":[{"taxonomy":"category","embeddable":true,"href":"https:\/\/www.europesays.com\/es\/wp-json\/wp\/v2\/categories?post=192760"},{"taxonomy":"post_tag","embeddable":true,"href":"https:\/\/www.europesays.com\/es\/wp-json\/wp\/v2\/tags?post=192760"}],"curies":[{"name":"wp","href":"https:\/\/api.w.org\/{rel}","templated":true}]}}