{"id":192774,"date":"2025-10-22T02:17:10","date_gmt":"2025-10-22T02:17:10","guid":{"rendered":"https:\/\/www.europesays.com\/es\/192774\/"},"modified":"2025-10-22T02:17:10","modified_gmt":"2025-10-22T02:17:10","slug":"jd-vance-se-muestra-muy-optimista-en-israel-sobre-el-alto-el-fuego-en-gaza","status":"publish","type":"post","link":"https:\/\/www.europesays.com\/es\/192774\/","title":{"rendered":"JD Vance se muestra \u00abmuy optimista\u00bb en Israel sobre el alto el fuego en Gaza"},"content":{"rendered":"<p>    <img src=\"https:\/\/www.europesays.com\/es\/wp-content\/uploads\/2025\/10\/2025-10-21T073A283A27Z-90199358.jpg\" width=\"1024\" height=\"682\" alt=\"\" loading=\"eager\" decoding=\"sync\" fetchpriority=\"high\"\/><\/p>\n<p>            afp_tickers        <\/p>\n<p>        Este contenido fue publicado en    <\/p>\n<p>        21 octubre 2025 &#8211; 19:42\n<\/p>\n<p>El vicepresidente estadounidense JD Vance se declar\u00f3 \u00abmuy optimista\u00bb sobre el mantenimiento del alto el fuego en Gaza, durante una visita este martes en Israel, en un contexto de fuertes presiones sobre el movimiento islamista palestino Ham\u00e1s.<\/p>\n<p>Estados Unidos e Israel acusaron al movimiento islamista \u2014que lo niega\u2014 de violar el acuerdo de alto el fuego en la Franja de Gaza, donde episodios de violencia mortal el domingo amenazaron con romper la tregua auspiciada por el presidente estadounidense Donald Trump.<\/p>\n<p>El alto el fuego, en vigor desde el 10 de octubre, es el tercero tras dos a\u00f1os de guerra en Gaza, iniciada por un ataque sin precedentes de Ham\u00e1s contra Israel el 7 de octubre de 2023.<\/p>\n<p>\u00abLo que hemos visto durante la \u00faltima semana me hace ser muy optimista respecto a la duraci\u00f3n del alto el fuego\u00bb, declar\u00f3 Vance en Kiryat Gat, en el suroeste de Israel, cerca de la Franja de Gaza.<\/p>\n<p>\u00abCada vez que se produce un acto de violencia, se tiende a decir: \u2018es el fin del alto el fuego, es el fin del plan de paz\u2019. Pero no es as\u00ed\u00bb, a\u00f1adi\u00f3.<\/p>\n<p>Seg\u00fan los t\u00e9rminos del acuerdo, Ham\u00e1s liber\u00f3 el 13 de octubre a los 20 rehenes vivos que manten\u00eda cautivos desde su ataque del 7 de octubre. Tambi\u00e9n deb\u00eda entregar para esa fecha todos los cuerpos de los rehenes fallecidos, pero solo ha devuelto 13, alegando dificultades para encontrar los restos mortales en el devastado territorio.<\/p>\n<p>El movimiento islamista anunci\u00f3 su intenci\u00f3n de entregar a las 18H00 GMT los cuerpos de otros dos rehenes de los 15 que siguen en Gaza.<\/p>\n<p>Antes que Vance, el presidente estadounidense asegur\u00f3 que sus aliados en Oriente Medio y la regi\u00f3n estaban preparados para \u00abentrar en Gaza con una gran fuerza para \u2018poner en orden a Ham\u00e1s\u2019 si Ham\u00e1s contin\u00faa actuando mal\u00bb.<\/p>\n<p>\u2013 \u00abR\u00c1PIDO, FURIOSO Y BRUTAL\u00bb \u2013<\/p>\n<p>\u00abTodav\u00eda hay esperanza de que Ham\u00e1s haga lo correcto. Si no lo hacen, el fin de Ham\u00e1s ser\u00e1 R\u00c1PIDO, FURIOSO Y BRUTAL!\u00bb, advirti\u00f3 Trump en su plataforma Truth Social.<\/p>\n<p>Durante su visita, Vance debe reunirse con el primer ministro israel\u00ed, Benjamin Netanyahu. Steve Witkoff y Jared Kushner, emisarios de Donald Trump, tambi\u00e9n se encuentran en Israel.<\/p>\n<p>En Egipto, el jefe negociador de Ham\u00e1s, Jalil al Hayya, afirm\u00f3 por su parte que \u00abel acuerdo para Gaza se mantendr\u00e1, porque as\u00ed lo queremos. Nuestra voluntad de respetarlo es firme\u00bb.<\/p>\n<p>\u00abEstamos decididos a recuperar los cuerpos de todas las personas detenidas\u00bb pese a las \u00abdificultades para extraerlos\u00bb, a\u00f1adi\u00f3.<\/p>\n<p>El acuerdo pareci\u00f3 tambalearse despu\u00e9s de los episodios de violencia mortal del domingo en Gaza, los m\u00e1s graves desde su entrada en vigor.\u00a0<\/p>\n<p>Tras afirmar que Ham\u00e1s mat\u00f3 a dos soldados el domingo y acusar al grupo de retrasar la\u00a0entrega de los cuerpos de los rehenes, Israel lanz\u00f3 una oleada de bombardeos que mataron a 45 palestinos, inform\u00f3 el Ministerio de Salud del territorio, gobernado por el movimiento islamista.<\/p>\n<p>El ej\u00e9rcito israel\u00ed asegur\u00f3 que, tras los ataques del domingo, volvi\u00f3 a cumplir con el alto el fuego, pero que \u00abresponder\u00e1 con firmeza ante cualquier violaci\u00f3n\u00bb.<\/p>\n<p>De su lado, Ham\u00e1s acus\u00f3 a Israel de inventar \u00abpretextos\u00bb para reanudar la guerra.<\/p>\n<p>\u2013 Plan para Gaza \u2013<\/p>\n<p>El alto el fuego, que entr\u00f3 en vigor el 10 de octubre, tambi\u00e9n propuso una ambiciosa hoja de ruta para el futuro de Gaza, pero su implementaci\u00f3n enfrenta desaf\u00edos.<\/p>\n<p>Seg\u00fan el plan de 20 puntos de Trump, las fuerzas israel\u00edes se han retirado m\u00e1s all\u00e1 de la llamada \u00abL\u00ednea Amarilla\u00bb.<\/p>\n<p>Esto les deja con el control de aproximadamente la mitad de Gaza, incluyendo las fronteras del territorio, pero no de sus principales ciudades.<\/p>\n<p>Una etapa posterior del plan prev\u00e9 tambi\u00e9n el desarme de Ham\u00e1s y excluye cualquier papel del movimiento islamista en el gobierno de Gaza.<\/p>\n<p>Vance afirm\u00f3 que Washington no hab\u00eda fijado una fecha l\u00edmite para el desarme de Ham\u00e1s y que, por el momento, no ten\u00eda intenci\u00f3n de lanzar un ultim\u00e1tum al respecto.<\/p>\n<p>\u00abHam\u00e1s debe cumplir el acuerdo y, si no lo hace, suceder\u00e1n cosas muy malas. Pero no voy a hacer lo que el presidente de Estados Unidos se ha negado a hacer hasta ahora, es decir, fijar una fecha l\u00edmite expl\u00edcita, porque (\u2026) estas cosas son dif\u00edciles\u00bb, afirm\u00f3.<\/p>\n<p>El conflicto estall\u00f3 con el ataque de Ham\u00e1s del 7 de octubre de 2023, que dej\u00f3 1.221 muertos en el lado israel\u00ed, en su mayor\u00eda civiles, seg\u00fan un balance de AFP basado en datos oficiales.<\/p>\n<p>La ofensiva israel\u00ed en represalia se ha cobrado 68.229 vidas en Gaza, en su mayor\u00eda civiles, seg\u00fan cifras del Ministerio de Salud del territorio, que la ONU considera fiables.<\/p>\n<p>bur-ceg\/tym\/mas\/dbh\/msr\/mab\/hgs<\/p>\n","protected":false},"excerpt":{"rendered":"afp_tickers Este contenido fue publicado en 21 octubre 2025 &#8211; 19:42 El vicepresidente estadounidense JD Vance se declar\u00f3&hellip;\n","protected":false},"author":2,"featured_media":192775,"comment_status":"","ping_status":"","sticky":false,"template":"","format":"standard","meta":{"footnotes":""},"categories":[42],"tags":[635,17,18,636,13,14,11,61,62,63,64,19,20,9,10,15,16,88,90,12,21,22,65,66,67],"class_list":{"0":"post-192774","1":"post","2":"type-post","3":"status-publish","4":"format-standard","5":"has-post-thumbnail","7":"category-internacional","8":"tag-armed-conflict","9":"tag-breaking-news","10":"tag-breakingnews","11":"tag-conflict","12":"tag-featured-news","13":"tag-featurednews","14":"tag-headlines","15":"tag-internacional","16":"tag-international","17":"tag-international-news","18":"tag-internationalnews","19":"tag-latest-news","20":"tag-latestnews","21":"tag-news","22":"tag-noticias","23":"tag-noticias-destacadas","24":"tag-noticiasdestacadas","25":"tag-politics","26":"tag-ticker","27":"tag-titulares","28":"tag-ultimas-noticias","29":"tag-ultimasnoticias","30":"tag-world","31":"tag-world-news","32":"tag-worldnews"},"share_on_mastodon":{"url":"https:\/\/pubeurope.com\/@es\/115415419912549151","error":""},"_links":{"self":[{"href":"https:\/\/www.europesays.com\/es\/wp-json\/wp\/v2\/posts\/192774","targetHints":{"allow":["GET"]}}],"collection":[{"href":"https:\/\/www.europesays.com\/es\/wp-json\/wp\/v2\/posts"}],"about":[{"href":"https:\/\/www.europesays.com\/es\/wp-json\/wp\/v2\/types\/post"}],"author":[{"embeddable":true,"href":"https:\/\/www.europesays.com\/es\/wp-json\/wp\/v2\/users\/2"}],"replies":[{"embeddable":true,"href":"https:\/\/www.europesays.com\/es\/wp-json\/wp\/v2\/comments?post=192774"}],"version-history":[{"count":0,"href":"https:\/\/www.europesays.com\/es\/wp-json\/wp\/v2\/posts\/192774\/revisions"}],"wp:featuredmedia":[{"embeddable":true,"href":"https:\/\/www.europesays.com\/es\/wp-json\/wp\/v2\/media\/192775"}],"wp:attachment":[{"href":"https:\/\/www.europesays.com\/es\/wp-json\/wp\/v2\/media?parent=192774"}],"wp:term":[{"taxonomy":"category","embeddable":true,"href":"https:\/\/www.europesays.com\/es\/wp-json\/wp\/v2\/categories?post=192774"},{"taxonomy":"post_tag","embeddable":true,"href":"https:\/\/www.europesays.com\/es\/wp-json\/wp\/v2\/tags?post=192774"}],"curies":[{"name":"wp","href":"https:\/\/api.w.org\/{rel}","templated":true}]}}