{"id":192778,"date":"2025-10-22T02:19:20","date_gmt":"2025-10-22T02:19:20","guid":{"rendered":"https:\/\/www.europesays.com\/es\/192778\/"},"modified":"2025-10-22T02:19:20","modified_gmt":"2025-10-22T02:19:20","slug":"el-exmarido-de-la-alcaldesa-de-almassora-recibio-una-paliza-en-su-casa-y-estaba-vivo-cuando-lo-tiraron-al-contenedor","status":"publish","type":"post","link":"https:\/\/www.europesays.com\/es\/192778\/","title":{"rendered":"El exmarido de la alcaldesa de Almassora recibi\u00f3 una paliza en su casa y estaba vivo cuando lo tiraron al contenedor"},"content":{"rendered":"<p class=\"v-mdl-ath__p v-mdl-ath__p--6\">\nMartes, 21 de octubre 2025, 17:10<\/p>\n<p>| Actualizado 17:31h.<\/p>\n<p class=\"v-p\">El hombre que muri\u00f3 tras ser prensado por la maquinaria de un cami\u00f3n de basura en Castell\u00f3n, Vicente D. G., empresario y <a href=\"https:\/\/www.laverdad.es\/nacional\/policia-confirma-hombre-hallado-muerto-contenedor-exmarido-20251021120732-ntrc.html\" target=\"_blank\" data-voc-vtm-id=\"in-text-traffic\" title=\"exmarido de la actual alcaldesa de Almassora\" rel=\"nofollow noopener\">exmarido de la actual alcaldesa de Almassora<\/a>, estaba vivo cuando fue arrojado al contenedor de basura en la madrugada del pasado domingo tras recibir una paliza, al parecer, en su propio domicilio, seg\u00fan se desprenden de las primeras investigaciones.<\/p>\n<p class=\"v-p\">La Polic\u00eda investiga si la v\u00edctima, que dirig\u00eda una empresa de gesti\u00f3n y servicios inform\u00e1ticos, fue agredida en su vivienda por un ajuste de cuentas relacionado con un asunto de drogas. Tras los golpes que recibi\u00f3, el hombre qued\u00f3 inconsciente y el autor o los autores de la paliza lo arrojaron a un contenedor de basura situado a la altura del n\u00famero 7 de la calle P\u00e9rez Gald\u00f3s de la ciudad de Castell\u00f3n.<\/p>\n<p class=\"v-p\">Cuando uno de los operarios del servicio de recogida de residuos vio lo que parec\u00eda una pierna dentro del cami\u00f3n de basura, avis\u00f3 de inmediato al conductor del veh\u00edculo para que detuviera el sistema de prensado, pero ya era demasiado tarde.<\/p>\n<p class=\"v-p\">La v\u00edctima todav\u00eda ten\u00eda un hilo de vida y respiraba con mucha dificultad, por lo que llamaron a la Polic\u00eda y al tel\u00e9fono de emergencias 112 para que acudieran con urgencia los bomberos y una ambulancia. Eran las cinco de la madrugada del domingo. Pocos minutos despu\u00e9s, la calle P\u00e9rez Gald\u00f3s se llen\u00f3 de veh\u00edculos de los servicios de emergencias, y un m\u00e9dico del Servicio de Ayuda M\u00e9dica Urgente (SAMU) certific\u00f3 el fallecimiento del hombre de 45 a\u00f1os.<\/p>\n<p class=\"v-p\">Tras ser rescatado por los bomberos, que tuvieron que meterse dentro del cami\u00f3n de basura para sacar el cuerpo, los agentes de la Polic\u00eda Cient\u00edfica y el forense de guardia examinaron el cad\u00e1ver y apreciaron lesiones compatibles con pu\u00f1etazos o golpes propinados con un objeto contundente.<\/p>\n<p class=\"v-p\">Despu\u00e9s del levantamiento del cuerpo y su traslado al Instituto de Medicina Legal de Castell\u00f3n, la Polic\u00eda realiz\u00f3 una minuciosa inspecci\u00f3n en la vivienda donde resid\u00eda la v\u00edctima, que se encuentra situada a escasos metros del contenedor donde apareci\u00f3 el cuerpo, seg\u00fan informa <a href=\"https:\/\/www.lasprovincias.es\/sucesos\/hombre-murio-camion-basura-castellon-recibio-paliza-20251021153447-nt.html\" title=\"www.lasprovincias.es\" data-voc-vtm-id=\"in-text-traffic\" data-mrf-link=\"www.lasprovincias.es\" rel=\"nofollow noopener\" target=\"_blank\">Las Provincias<\/a>.<\/p>\n<p class=\"v-p\">Muchos de los vecinos de la calle P\u00e9rez Gald\u00f3s se enteraron del tr\u00e1gico suceso por los medios de comunicaci\u00f3n. \u00abEsta zona es muy tranquilla. La calle est\u00e1 muy oscura por las noches. Las ramas de los \u00e1rboles tapan las farolas, y a esas horas (a las cinco de la madrugada del s\u00e1bado al domingo) no creo que hubiera nadie por la calle\u00bb, afirma una vecina.<\/p>\n<p class=\"v-p\">\u00abEl s\u00e1bado por la tarde y por la noche hab\u00eda mucha gente en el parque Ribalta por la actuaci\u00f3n de Pitingo, pero a partir de la una de la madrugada empezaron a irse\u00bb, a\u00f1ade la mujer.<\/p>\n<p>Reporta un error<\/p>\n","protected":false},"excerpt":{"rendered":"Martes, 21 de octubre 2025, 17:10 | Actualizado 17:31h. El hombre que muri\u00f3 tras ser prensado por la&hellip;\n","protected":false},"author":2,"featured_media":192779,"comment_status":"","ping_status":"","sticky":false,"template":"","format":"standard","meta":{"footnotes":""},"categories":[5],"tags":[18114,11544,17,18,385,25303,25,24,17520,13,14,11,19,20,9,10,15,16,11088,6382,23,53774,12,21,22,1852],"class_list":{"0":"post-192778","1":"post","2":"type-post","3":"status-publish","4":"format-standard","5":"has-post-thumbnail","7":"category-titulares","8":"tag-alcaldesa","9":"tag-almassora","10":"tag-breaking-news","11":"tag-breakingnews","12":"tag-casa","13":"tag-contenedor","14":"tag-es","15":"tag-espana","16":"tag-exmarido","17":"tag-featured-news","18":"tag-featurednews","19":"tag-headlines","20":"tag-latest-news","21":"tag-latestnews","22":"tag-news","23":"tag-noticias","24":"tag-noticias-destacadas","25":"tag-noticiasdestacadas","26":"tag-paliza","27":"tag-recibio","28":"tag-spain","29":"tag-tiraron","30":"tag-titulares","31":"tag-ultimas-noticias","32":"tag-ultimasnoticias","33":"tag-vivo"},"share_on_mastodon":{"url":"https:\/\/pubeurope.com\/@es\/115415427498566237","error":""},"_links":{"self":[{"href":"https:\/\/www.europesays.com\/es\/wp-json\/wp\/v2\/posts\/192778","targetHints":{"allow":["GET"]}}],"collection":[{"href":"https:\/\/www.europesays.com\/es\/wp-json\/wp\/v2\/posts"}],"about":[{"href":"https:\/\/www.europesays.com\/es\/wp-json\/wp\/v2\/types\/post"}],"author":[{"embeddable":true,"href":"https:\/\/www.europesays.com\/es\/wp-json\/wp\/v2\/users\/2"}],"replies":[{"embeddable":true,"href":"https:\/\/www.europesays.com\/es\/wp-json\/wp\/v2\/comments?post=192778"}],"version-history":[{"count":0,"href":"https:\/\/www.europesays.com\/es\/wp-json\/wp\/v2\/posts\/192778\/revisions"}],"wp:featuredmedia":[{"embeddable":true,"href":"https:\/\/www.europesays.com\/es\/wp-json\/wp\/v2\/media\/192779"}],"wp:attachment":[{"href":"https:\/\/www.europesays.com\/es\/wp-json\/wp\/v2\/media?parent=192778"}],"wp:term":[{"taxonomy":"category","embeddable":true,"href":"https:\/\/www.europesays.com\/es\/wp-json\/wp\/v2\/categories?post=192778"},{"taxonomy":"post_tag","embeddable":true,"href":"https:\/\/www.europesays.com\/es\/wp-json\/wp\/v2\/tags?post=192778"}],"curies":[{"name":"wp","href":"https:\/\/api.w.org\/{rel}","templated":true}]}}