{"id":192782,"date":"2025-10-22T02:26:12","date_gmt":"2025-10-22T02:26:12","guid":{"rendered":"https:\/\/www.europesays.com\/es\/192782\/"},"modified":"2025-10-22T02:26:12","modified_gmt":"2025-10-22T02:26:12","slug":"la-decision-que-tomo-alpine-con-pierre-gasly-para-el-comienzo-del-gran-premio-de-mexico","status":"publish","type":"post","link":"https:\/\/www.europesays.com\/es\/192782\/","title":{"rendered":"La decisi\u00f3n que tom\u00f3 Alpine con Pierre Gasly para el comienzo del Gran Premio de M\u00e9xico"},"content":{"rendered":"<p class=\"left paragraph font__body-regular\">La escuder\u00eda <b>Alpine<\/b> <b>reemplazar\u00e1 a Pierre Gasly en la primera pr\u00e1ctica del Gran Premio de M\u00e9xico<\/b>, que se correr\u00e1 este fin de semana. El franc\u00e9s le dejar\u00e1 su lugar al piloto estonio <a href=\"https:\/\/tn.com.ar\/deportes\/automovilismo\/2025\/01\/11\/quien-es-paul-aron-el-rival-de-franco-colapinto-en-la-formula-2-que-ahora-sera-su-companero-en-alpine\/\" target=\"_self\" rel=\"nofollow noopener\" title=\"https:\/\/tn.com.ar\/deportes\/automovilismo\/2025\/01\/11\/quien-es-paul-aron-el-rival-de-franco-colapinto-en-la-formula-2-que-ahora-sera-su-companero-en-alpine\/\"><b>Paul Aron<\/b><\/a>, para cumplir el reglamento que impone la <b>F\u00f3rmula 1<\/b> sobre los pilotos novatos, que deben subirse al auto al menos cuatro veces durante el Campeonato Mundial.<\/p>\n<p class=\"left paragraph font__body-regular\">Lee tambi\u00e9n: <a href=\"https:\/\/tn.com.ar\/deportes\/automovilismo\/2025\/10\/21\/segun-la-prensa-inglesa-briatore-puso-a-prueba-a-colapinto-con-una-orden-de-equipo-durante-el-gp-de-eeuu\/\" target=\"_self\" rel=\"nofollow noopener\" title=\"https:\/\/tn.com.ar\/deportes\/automovilismo\/2025\/10\/21\/segun-la-prensa-inglesa-briatore-puso-a-prueba-a-colapinto-con-una-orden-de-equipo-durante-el-gp-de-eeuu\/\"><b>Seg\u00fan la prensa inglesa, Briatore puso a prueba a Colapinto con una orden de equipo durante el GP de EE.UU.<\/b><\/a><\/p>\n<p class=\"left paragraph font__body-regular\">\u201cSeg\u00fan el Art\u00edculo 32.4c del Reglamento Deportivo de la FIA 2025, <b>cada equipo debe alinear a un piloto debutante en la primera sesi\u00f3n de entrenamientos libres en cuatro ocasiones<\/b> a lo largo de la temporada, es decir, dos por coche\u201d, record\u00f3 la escuder\u00eda tiempo atr\u00e1s, cuando Aron reemplaz\u00f3 a Colapinto en el Gran Premio de Monza.<\/p>\n<p><img decoding=\"async\" loading=\"lazy\" fetchpriority=\"low\" data-testid=\"loading-testid\" class=\"image content-image image_placeholder\" alt=\"El equipo franc\u00e9s llegar\u00e1 a M\u00e9xico en medio de un fuerte ruido interno despu\u00e9s la maniobra de sobrepaso de Colapinto a Gasly, que provoc\u00f3 un cimbronazo entre los popes del equipo. (Foto: X-@AlpineF1Team).\" width=\"767\" height=\"430\" src=\"https:\/\/www.europesays.com\/es\/wp-content\/uploads\/2025\/10\/el-equipo-frances-llegara-a-mexico-en-medio-de-un-fuerte-ruido-interno-despues-la-maniobra-de-sobrep.jpeg\"\/><\/p>\n<p>El equipo franc\u00e9s llegar\u00e1 a M\u00e9xico en medio de un fuerte ruido interno despu\u00e9s la maniobra de sobrepaso de Colapinto a Gasly, que provoc\u00f3 un cimbronazo entre los popes del equipo. (Foto: X-@AlpineF1Team).<\/p>\n<p class=\"left paragraph font__body-regular\">La novedad en el GP azteca fue oficilizada por el equipo Alpine, que vive horas de tensi\u00f3n interna despu\u00e9s de la pol\u00e9mica por el adelantamiento de Colapinto sobre el franc\u00e9s en el final de la carrera en Estados Unidos.<\/p>\n<p><img decoding=\"async\" loading=\"lazy\" fetchpriority=\"low\" data-testid=\"loading-testid\" class=\"image content-image image_placeholder\" alt=\"(X@AlpineF1Team).\" width=\"767\" height=\"762\" src=\"https:\/\/www.europesays.com\/es\/wp-content\/uploads\/2025\/10\/xalpinef1team-I6QJICKFMNGN7LYUF26AWS7FPQ.JPG\"\/><\/p>\n<p>(X@AlpineF1Team).<\/p>\n<p class=\"left paragraph font__body-regular\">El director del equipo, Steve Nielsen, admiti\u00f3 su decepci\u00f3n por la actitud del argentino al desobedecer la orden de mantener las posiciones en la vuelta 54 de 56 al Circuito de la Am\u00e9ricas.<\/p>\n<p>Qui\u00e9n es Paul Aron, el piloto que busca un lugar en la F\u00f3rmula 1<\/p>\n<p class=\"left paragraph font__body-regular\">Paul Aron naci\u00f3 el 4 de febrero de 2004 en Tall\u00edn, Estonia. A pesar de su corta edad, cuenta con una gran experiencia y pas\u00f3 por todas las m\u00e1ximas categor\u00edas del automovilismo. Su camino comenz\u00f3 en los Karts, donde <b>se consagr\u00f3 campe\u00f3n europeo con tan solo 13 a\u00f1os<\/b>.<\/p>\n<p class=\"left paragraph font__body-regular\">Luego pas\u00f3 a la F\u00f3rmula 4, F\u00f3rmula Renault y F\u00f3rmula Regional con muy buenos rendimientos. Esto le sirvi\u00f3 para ganarse un lugar en la F\u00f3rmula 3 donde estuvo tan solo un a\u00f1o y <b>en el 2023 peg\u00f3 el salto a la F\u00f3rmula 2 para correr en el equipo Hitech GP<\/b>. <b>All\u00ed fue rival de Franco Colapinto<\/b> y vivieron una apasionante rivalidad deportiva.<\/p>\n<p><img decoding=\"async\" loading=\"lazy\" fetchpriority=\"low\" data-testid=\"loading-testid\" class=\"image content-image image_placeholder\" alt=\"Paul Aron, piloto de reserva de Alpinbe que sue\u00f1a con un lugar en la F\u00f3rmula 1. (Foto: Web Alpine)\" width=\"767\" height=\"431\" src=\"https:\/\/www.europesays.com\/es\/wp-content\/uploads\/2025\/10\/paul-aron-piloto-de-reserva-de-alpinbe-que-suena-con-un-lugar-en-la-formula-1-foto-web-alpine-ETFRIP.jpeg\"\/><\/p>\n<p>Paul Aron, piloto de reserva de Alpinbe que sue\u00f1a con un lugar en la F\u00f3rmula 1. (Foto: Web Alpine)<\/p>\n<p class=\"paragraph font__body-regular\">Tras sus buenas actuaciones, este a\u00f1o fue confirmado como piloto de reserva de Alpine, donde aparece como gran competidor de la butaca de Franco Colapinto. <\/p>\n<p><b>Cu\u00e1ndo vuelve a correr Franco Colapinto: la agenda del GP de M\u00e9xico de la F\u00f3rmula 1<\/b><\/p>\n<p class=\"paragraph font__body-regular\"><b>Viernes 24 de octubre<\/b><\/p>\n<ul class=\"ul__list list\">\n<li class=\"list__item\"><b>Pr\u00e1cticas Libres 1<\/b>: 15:30<\/li>\n<li class=\"list__item\"><b>Pr\u00e1cticas Libres 2:\u00a0<\/b>19:00<\/li>\n<\/ul>\n<p class=\"paragraph font__body-regular\"><b>S\u00e1bado 25 de octubre<\/b><\/p>\n<ul class=\"ul__list list\">\n<li class=\"list__item\"><b>Pr\u00e1cticas Libres 3:<\/b>\u00a014:30<\/li>\n<li class=\"list__item\"><b>Clasificaci\u00f3n:<\/b>\u00a018:00<\/li>\n<\/ul>\n<p class=\"paragraph font__body-regular\"><b>Domingo 26 de octubre<\/b><\/p>\n","protected":false},"excerpt":{"rendered":"La escuder\u00eda Alpine reemplazar\u00e1 a Pierre Gasly en la primera pr\u00e1ctica del Gran Premio de M\u00e9xico, que se&hellip;\n","protected":false},"author":2,"featured_media":192783,"comment_status":"","ping_status":"","sticky":false,"template":"","format":"standard","meta":{"footnotes":""},"categories":[270],"tags":[1331,1763,168,25,24,306,271,272,1723,1330,23,167],"class_list":{"0":"post-192782","1":"post","2":"type-post","3":"status-publish","4":"format-standard","5":"has-post-thumbnail","7":"category-formula-1","8":"tag-alpine","9":"tag-automovilismo","10":"tag-deportes","11":"tag-es","12":"tag-espana","13":"tag-f1","14":"tag-formula-1","15":"tag-formula1","16":"tag-franco-colapinto","17":"tag-pierre-gasly","18":"tag-spain","19":"tag-sports"},"share_on_mastodon":{"url":"https:\/\/pubeurope.com\/@es\/115415455410643777","error":""},"_links":{"self":[{"href":"https:\/\/www.europesays.com\/es\/wp-json\/wp\/v2\/posts\/192782","targetHints":{"allow":["GET"]}}],"collection":[{"href":"https:\/\/www.europesays.com\/es\/wp-json\/wp\/v2\/posts"}],"about":[{"href":"https:\/\/www.europesays.com\/es\/wp-json\/wp\/v2\/types\/post"}],"author":[{"embeddable":true,"href":"https:\/\/www.europesays.com\/es\/wp-json\/wp\/v2\/users\/2"}],"replies":[{"embeddable":true,"href":"https:\/\/www.europesays.com\/es\/wp-json\/wp\/v2\/comments?post=192782"}],"version-history":[{"count":0,"href":"https:\/\/www.europesays.com\/es\/wp-json\/wp\/v2\/posts\/192782\/revisions"}],"wp:featuredmedia":[{"embeddable":true,"href":"https:\/\/www.europesays.com\/es\/wp-json\/wp\/v2\/media\/192783"}],"wp:attachment":[{"href":"https:\/\/www.europesays.com\/es\/wp-json\/wp\/v2\/media?parent=192782"}],"wp:term":[{"taxonomy":"category","embeddable":true,"href":"https:\/\/www.europesays.com\/es\/wp-json\/wp\/v2\/categories?post=192782"},{"taxonomy":"post_tag","embeddable":true,"href":"https:\/\/www.europesays.com\/es\/wp-json\/wp\/v2\/tags?post=192782"}],"curies":[{"name":"wp","href":"https:\/\/api.w.org\/{rel}","templated":true}]}}