{"id":192784,"date":"2025-10-22T02:27:09","date_gmt":"2025-10-22T02:27:09","guid":{"rendered":"https:\/\/www.europesays.com\/es\/192784\/"},"modified":"2025-10-22T02:27:09","modified_gmt":"2025-10-22T02:27:09","slug":"el-cb-gran-canaria-empieza-a-coger-calor-y-doblega-a-un-correoso-kk-spartak-83-93","status":"publish","type":"post","link":"https:\/\/www.europesays.com\/es\/192784\/","title":{"rendered":"El CB Gran Canaria empieza a coger calor y doblega a un correoso KK Spartak (83-93)"},"content":{"rendered":"<p class=\"ft-text ft-helper-closenews ft-helper-align-justify\"><strong>El <\/strong><a class=\"ft-link ft-link--decoration\" href=\"https:\/\/www.laprovincia.es\/cb-gran-canaria\/2025\/10\/19\/isaiah-wong-factor-diferencial-nuevo-122793723.html\" rel=\"nofollow noopener\" target=\"_blank\"><strong>Granca <\/strong><\/a><strong>despega<\/strong>. Al menos, <strong>sus sensaciones ya no son las del inicio de temporada<\/strong>. El Dreamland Gran Canaria sac\u00f3 adelante un dif\u00edcil duelo frente al <a class=\"ft-link ft-link--decoration\" href=\"https:\/\/www.laprovincia.es\/cb-gran-canaria\/2025\/10\/20\/subotica-territorio-inedito-cb-gran-122819730.html\" rel=\"nofollow noopener\" target=\"_blank\">KK Spartak Office Shoes<\/a>, lejos de la Isla, en el que se vio obligado a esforzarse. <strong>Con una actuaci\u00f3n un poquito irregular, pero s\u00f3lida<\/strong>, los de Jaka Lakovic <strong>ya lideran en solitario su grupo de la Champions<\/strong> y siguen su camino para encontrar su mejor versi\u00f3n.<\/p>\n<p class=\"ft-text ft-helper-align-justify\">Aunque los primeros compases del choque se desarrollaron con igualdad y con problemas para los amarillos ante la presencia en la zona de Shevon Thompson, que anot\u00f3 seis de los primeros ocho puntos de los serbios, <strong>el show de Nico Brussino se abri\u00f3 paso en la ciudad de Sub\u00f3tica<\/strong>; el argentino sali\u00f3 acertado, sumando 8 puntos de partida, y eso, sumado a una gran defensa exterior, elev\u00f3 el nivel del equipo visitante (8-15).<\/p>\n<p class=\"ft-text ft-helper-align-justify\"><strong>Sin Kuath, descartado para cumplir con los cupos, Pelos tuvo que jugar como p\u00edvot<\/strong>, una posici\u00f3n en la que no se encontr\u00f3 c\u00f3modo. Aun as\u00ed, ante la ausencia de Thompson en pista, el conjunto claretiano dio un paso al frente desde atr\u00e1s, algo que les ayud\u00f3 a correr y a fluir. No obstante, <strong>falt\u00f3 m\u00e1s br\u00edo en los minutos finales de ese primer cuarto para cerrarlo con mayor contundencia<\/strong> (17-23).<\/p>\n<p>Hanlan martillea, pero el Granca desplega su versi\u00f3n s\u00f3lida<\/p>\n<p class=\"ft-text ft-helper-align-justify\">De hecho, tras un triple de Vila en la reanudaci\u00f3n, <strong>el Gran Canaria entr\u00f3 en un peque\u00f1o colapso en el que Hanlan asumi\u00f3 las riendas del ataque del Spartak de Sub\u00f3tica<\/strong>, siendo protagonista de un parcial de 7-0 que provoc\u00f3 un tiempo muerto. Y el par\u00f3n surti\u00f3 un efecto casi inmediato, para alegr\u00eda de un Lakovic certero en su decisi\u00f3n.<\/p>\n<p class=\"ft-text ft-helper-align-justify\"><strong>Entre Brussino, Tobey y Braian Angola despertaron a los isle\u00f1os<\/strong> de su letargo ofensivo, mejorando tambi\u00e9n en la protecci\u00f3n de su aro. La mayor agresividad y actividad de la escuadra grancanaria dio sus frutos y consigui\u00f3 hacerse, por fin, con el dominio del partido (26-37).<\/p>\n<p class=\"ft-text ft-helper-align-justify\">Los buenos minutos del Granca se estaban saldando con \u00e9xito en ambos lados de la cancha. Como ya sucediese en Manresa, <strong>la escuadra isle\u00f1a entr\u00f3 en calor<\/strong> y se not\u00f3 en el lenguaje corporal de un equipo, el insular, que apret\u00f3 el acelerador. De ese modo, los buenos minutos de <strong>un Angola exquisito atr\u00e1s y \u00e1gil en ataque<\/strong> aportaron aire fresco, aunque Olivier Hanlan, con 13 puntos, evit\u00f3 una escapada m\u00e1s holgada (39-46).<\/p>\n<p>Titubeos con rescate por parte de Wong<\/p>\n<p class=\"ft-text ft-helper-align-justify\">La segunda mitad se abri\u00f3 con un matazo de Nico Brussino que no afect\u00f3 demasiado al cuadro serbio, ya que sigui\u00f3 en la l\u00ednea con la que hab\u00eda cerrado el primer tiempo. <strong>Nuevamente, el atasco amarillo les impidi\u00f3 volver a coger vuelo, mientras Hanlan no dejaba de martillear el aro<\/strong> con sus deslizamientos hacia la canasta. <strong>El canadiense estaba imparable<\/strong> y, cada vez que se iba hacia el aro, sacaba provecho.<\/p>\n<p class=\"ft-text ft-helper-align-justify\">Los problemas con las faltas de Mike Tobey y el irregular choque de Pierre Pelos llevaron a Lakovic a colocar a Labeyrie como cinco justo en un instante en el que el Spartak se acercaba de forma peligrosa (59-62). <strong>El partido cambi\u00f3 tras la buena imagen del Granca en gran parte del segundo periodo, dando paso a otra fase de duda<\/strong>; una de cal y otra de arena. Por esa raz\u00f3n, con los locales m\u00e1s enchufados, hab\u00eda que volver a encontrar firmeza, sobre todo, a nivel defensivo.<\/p>\n<p class=\"ft-text ft-helper-align-justify\">En ese momento, <strong>Isaiah Wong y Albicy, con su cl\u00e1sico liderazgo, tomaron el control de la situaci\u00f3n<\/strong> para comandar un mini parcial con el que el Gran Canaria sali\u00f3 airoso del atolladero y pudo respirar algo m\u00e1s tranquilo (62-72).<\/p>\n<p class=\"ft-text ft-helper-align-justify\">Sin embargo, esa calma no dur\u00f3 demasiado. Olivier Hanlan no par\u00f3 de incordiar y de sumar puntos para un Spartak subido a su lomo. La respuesta lleg\u00f3 gracias a Angola, el \u00fanico de los amarillos capaz de sumar. <strong>Lo cierto es que el Granca tom\u00f3 una serie de decisiones que no fueron del todo acertadas, y eso torpede\u00f3 su ritmo anotador, pero con el colombiano, m\u00e1s Albicy, hubo escape<\/strong> (70-82).<\/p>\n<p>Albicy domina el tempo y los amarillos cierran un choque complicado<\/p>\n<p class=\"ft-text ft-helper-align-justify\">Con el choque a\u00fan en el aire, varios errores en los tiros del Spartak, con alguna segunda oportunidad de por medio tras rebote ofensivo, mantuvieron a los amarillos con el control del tiempo. Y ah\u00ed, <strong>Albicy dijo basta<\/strong>, ejerciendo de estilete defensivo con una recuperaci\u00f3n clave, <strong>dando paso a un Brussino que, con un triple, hundi\u00f3 cualquier esperanza balc\u00e1nica (83-93)<\/strong>.<\/p>\n<p class=\"ft-text ft-helper-align-justify\"><strong>Lo cierto es que el Granca volvi\u00f3 a sentir incertidumbre, pero supo salir adelante<\/strong> para no dejar escapar un triunfo que puede ser vital para ganar este grupo H y<strong> evitar la disputa de una eliminatoria extra para clasificarse para el Round of 16<\/strong>. Con Brussino ya recuperado para la causa, Braian Angola desmelenado y la seguridad que da tener sobre el parquet a Albicy, <strong>el conjunto de Lakovic saca otro partido que tiene que servir de acicate para continuar con su crecimiento<\/strong>. Puede que sea pronto para catalogar esto como un despegue definitivo, aunque<strong> est\u00e1 claro que es el camino para elevar el suelo competitivo de los insulares<\/strong>.<\/p>\n<p data-close=\"closedContent\" class=\"subscribeHideForDisplay\">Suscr\u00edbete para seguir leyendo<\/p>\n","protected":false},"excerpt":{"rendered":"El Granca despega. Al menos, sus sensaciones ya no son las del inicio de temporada. El Dreamland Gran&hellip;\n","protected":false},"author":2,"featured_media":192785,"comment_status":"","ping_status":"","sticky":false,"template":"","format":"standard","meta":{"footnotes":""},"categories":[269],"tags":[299,298,20466,7221,2609,2425,21555,168,7954,25,24,3956,53775,23,167],"class_list":{"0":"post-192784","1":"post","2":"type-post","3":"status-publish","4":"format-standard","5":"has-post-thumbnail","7":"category-baloncesto","8":"tag-baloncesto","9":"tag-basketball","10":"tag-basketball-champions-league","11":"tag-canaria","12":"tag-cb","13":"tag-cb-gran-canaria","14":"tag-coger","15":"tag-deportes","16":"tag-empieza","17":"tag-es","18":"tag-espana","19":"tag-gran","20":"tag-jaka-lakovic","21":"tag-spain","22":"tag-sports"},"share_on_mastodon":{"url":"https:\/\/pubeurope.com\/@es\/115415459001861305","error":""},"_links":{"self":[{"href":"https:\/\/www.europesays.com\/es\/wp-json\/wp\/v2\/posts\/192784","targetHints":{"allow":["GET"]}}],"collection":[{"href":"https:\/\/www.europesays.com\/es\/wp-json\/wp\/v2\/posts"}],"about":[{"href":"https:\/\/www.europesays.com\/es\/wp-json\/wp\/v2\/types\/post"}],"author":[{"embeddable":true,"href":"https:\/\/www.europesays.com\/es\/wp-json\/wp\/v2\/users\/2"}],"replies":[{"embeddable":true,"href":"https:\/\/www.europesays.com\/es\/wp-json\/wp\/v2\/comments?post=192784"}],"version-history":[{"count":0,"href":"https:\/\/www.europesays.com\/es\/wp-json\/wp\/v2\/posts\/192784\/revisions"}],"wp:featuredmedia":[{"embeddable":true,"href":"https:\/\/www.europesays.com\/es\/wp-json\/wp\/v2\/media\/192785"}],"wp:attachment":[{"href":"https:\/\/www.europesays.com\/es\/wp-json\/wp\/v2\/media?parent=192784"}],"wp:term":[{"taxonomy":"category","embeddable":true,"href":"https:\/\/www.europesays.com\/es\/wp-json\/wp\/v2\/categories?post=192784"},{"taxonomy":"post_tag","embeddable":true,"href":"https:\/\/www.europesays.com\/es\/wp-json\/wp\/v2\/tags?post=192784"}],"curies":[{"name":"wp","href":"https:\/\/api.w.org\/{rel}","templated":true}]}}