{"id":192795,"date":"2025-10-22T02:35:17","date_gmt":"2025-10-22T02:35:17","guid":{"rendered":"https:\/\/www.europesays.com\/es\/192795\/"},"modified":"2025-10-22T02:35:17","modified_gmt":"2025-10-22T02:35:17","slug":"courtois-a-las-puertas-de-los-300-partidos-con-el-real-madrid-estoy-muy-orgulloso","status":"publish","type":"post","link":"https:\/\/www.europesays.com\/es\/192795\/","title":{"rendered":"Courtois, a las puertas de los 300 partidos con el Real Madrid: \u00abEstoy muy orgulloso\u00bb"},"content":{"rendered":"<p class=\"mb-4 text-lg md:leading-8 break-words\">Madrid, 21 oct (EFE).- Thibaut Courtois, portero belga del Real Madrid, alcanzar\u00e1 este mi\u00e9rcoles, si juega ante el Juventus, en la tercera jornada de la Liga de Campeones, su partido n\u00famero 300 con el equipo blanco, un logro del que est\u00e1 \u00abmuy orgulloso\u00bb.<\/p>\n<p class=\"mb-4 text-lg md:leading-8 break-words\">Super\u00f3 hace tiempo Courtois en el Real Madrid el n\u00famero de partidos que disput\u00f3 con el resto de clubes en los que ha jugado como profesional, 34 con el Genk, 154 oficiales con el Atl\u00e9tico de Madrid y 144 con el Chelsea.<\/p>\n<p class=\"mb-4 text-lg md:leading-8 break-words\">Con el equipo blanco acumula 299 y ante el Juventus se puede convertir en el cuadrag\u00e9simo s\u00e9ptimo jugador de la historia madridista que alcanza los 300.<\/p>\n<p class=\"mb-4 text-lg md:leading-8 break-words\">\u00abEstoy muy orgulloso de llegar a 300 partidos. Cuando era ni\u00f1o so\u00f1aba con jugar alg\u00fan partido en el Real Madrid y llegar a esta cantidad me hace sentir muy orgulloso\u00bb, subray\u00f3.<\/p>\n<p class=\"mb-4 text-lg md:leading-8 break-words\">Adem\u00e1s, \u00abnos enfrentamos a un grande de Europa. No lleva una racha buena \u00faltimamente, pero eso le hace m\u00e1s peligroso. Sabemos que la Juve tiene mucha calidad, tanto defensiva como ofensivamente, y tenemos que demostrar que estamos en el Bernab\u00e9u y jugar con intensidad para lograr un buen resultado\u00bb.<\/p>\n<p class=\"mb-4 text-lg md:leading-8 break-words\">Dudas sobre la &#8216;Ley Wenger&#8217;<\/p>\n<p class=\"mb-4 text-lg md:leading-8 break-words\">Courtois mostr\u00f3 dudas sobre la propuesta realizada por la FIFA para cambiar el reglamento con la denominada &#8216;Ley Wenger&#8217;, que afectar\u00eda al fuera de juego para que s\u00f3lo se considere que un jugador est\u00e1 en posici\u00f3n antirreglamentaria si todo su cuerpo est\u00e1 por delante del \u00faltimo defensor en el momento del pase.<\/p>\n<p class=\"mb-4 text-lg md:leading-8 break-words\">\u00abNo s\u00e9 si es el cambio m\u00e1s necesario que necesita el f\u00fatbol\u00bb, dijo Courtois.<\/p>\n<p class=\"mb-4 text-lg md:leading-8 break-words\">\u00abCreo que las p\u00e9rdidas de tiempo merecen ser estudiadas. A los porteros nos hacen los 8 segundos, pero luego en un saque de banda hay equipos que gastan 30 segundos. Para la fluidez de los partidos se pueden cambiar antes otras cosas\u00bb, reflexion\u00f3.<\/p>\n<p class=\"mb-4 text-lg md:leading-8 break-words\">\u00abEstoy de acuerdo en que estar un mil\u00edmetro en fuera de juego no te beneficia para meter un gol, pero, \u00bfqu\u00e9 va a ser lo siguiente?. No s\u00e9 c\u00f3mo el VAR va a coger el &#8216;frame&#8217; exacto. Va a ser complicado. Habr\u00e1 equipos que ahora meten la l\u00ednea mas adelantada si ven que el delantero gana ventaja en espacios, la llevar\u00e1n m\u00e1s atr\u00e1s. No s\u00e9 si habr\u00e1 m\u00e1s goles porque cambiemos de norma. \u00bfD\u00f3nde pones el l\u00edmite? Es muy dif\u00edcil de buscar\u00bb, se\u00f1al\u00f3.<\/p>\n<p class=\"mb-4 text-lg md:leading-8 break-words\">(c) Agencia EFE<\/p>\n","protected":false},"excerpt":{"rendered":"Madrid, 21 oct (EFE).- Thibaut Courtois, portero belga del Real Madrid, alcanzar\u00e1 este mi\u00e9rcoles, si juega ante el&hellip;\n","protected":false},"author":2,"featured_media":192796,"comment_status":"","ping_status":"","sticky":false,"template":"","format":"standard","meta":{"footnotes":""},"categories":[93],"tags":[168,995,8305,25,24,2313,53777,205,3048,23,167,4833],"class_list":{"0":"post-192795","1":"post","2":"type-post","3":"status-publish","4":"format-standard","5":"has-post-thumbnail","7":"category-deportes","8":"tag-deportes","9":"tag-efe","10":"tag-el-equipo","11":"tag-es","12":"tag-espana","13":"tag-fuera-de-juego","14":"tag-ley-wenger","15":"tag-madrid","16":"tag-real-madrid","17":"tag-spain","18":"tag-sports","19":"tag-thibaut-courtois"},"share_on_mastodon":{"url":"https:\/\/pubeurope.com\/@es\/115415490441006734","error":""},"_links":{"self":[{"href":"https:\/\/www.europesays.com\/es\/wp-json\/wp\/v2\/posts\/192795","targetHints":{"allow":["GET"]}}],"collection":[{"href":"https:\/\/www.europesays.com\/es\/wp-json\/wp\/v2\/posts"}],"about":[{"href":"https:\/\/www.europesays.com\/es\/wp-json\/wp\/v2\/types\/post"}],"author":[{"embeddable":true,"href":"https:\/\/www.europesays.com\/es\/wp-json\/wp\/v2\/users\/2"}],"replies":[{"embeddable":true,"href":"https:\/\/www.europesays.com\/es\/wp-json\/wp\/v2\/comments?post=192795"}],"version-history":[{"count":0,"href":"https:\/\/www.europesays.com\/es\/wp-json\/wp\/v2\/posts\/192795\/revisions"}],"wp:featuredmedia":[{"embeddable":true,"href":"https:\/\/www.europesays.com\/es\/wp-json\/wp\/v2\/media\/192796"}],"wp:attachment":[{"href":"https:\/\/www.europesays.com\/es\/wp-json\/wp\/v2\/media?parent=192795"}],"wp:term":[{"taxonomy":"category","embeddable":true,"href":"https:\/\/www.europesays.com\/es\/wp-json\/wp\/v2\/categories?post=192795"},{"taxonomy":"post_tag","embeddable":true,"href":"https:\/\/www.europesays.com\/es\/wp-json\/wp\/v2\/tags?post=192795"}],"curies":[{"name":"wp","href":"https:\/\/api.w.org\/{rel}","templated":true}]}}