{"id":192812,"date":"2025-10-22T02:52:18","date_gmt":"2025-10-22T02:52:18","guid":{"rendered":"https:\/\/www.europesays.com\/es\/192812\/"},"modified":"2025-10-22T02:52:18","modified_gmt":"2025-10-22T02:52:18","slug":"patricia-manterola-del-hit-que-el-ritmo-no-pare-a-cantarle-al-desamor-la-unica-manera-de-salir-de-una-relacion-toxica-es-ver-por-ti","status":"publish","type":"post","link":"https:\/\/www.europesays.com\/es\/192812\/","title":{"rendered":"Patricia Manterola, del hit Que el ritmo no pare a cantarle al desamor: \u00abLa \u00fanica manera de salir de una relaci\u00f3n t\u00f3xica es ver por ti\u00bb"},"content":{"rendered":"<p class=\"ue-c-article__paragraph\">Es de 2000 encender la televisi\u00f3n en un d\u00eda gris y encontarte con la imponente sensualidad y alegr\u00eda de hits que eran una oda al nuevo siglo. <strong>Patricia Manterola <\/strong>(53) fue una de las pioneras en lanzar su grito de \u00e1nimo, colorido y sencillo, al otro lado de la pantalla. <strong>\u00ab\u00a1Que el ritmo no pare, no pare, no!\u00bb,<\/strong> cantaba la mexicana que conquist\u00f3 el mundo con un mensaje al que nunca ha puesto punto final.<\/p>\n<p class=\"ue-c-article__paragraph\">Dos d\u00e9cadas despu\u00e9s, Patricia Manterola no ha detenido el ritmo. \u00abEn mi caso, <strong>el ritmo ha bajado de velocidad,<\/strong> pero sigue ah\u00ed. M\u00e1s potente que nunca. El ritmo no debe parar, porque no debes dejar de so\u00f1ar, de crear ni de ver c\u00f3mo puedes <strong>ser mejor persona. <\/strong>No puedes dejar de agradecer todos los d\u00edas por estar aqu\u00ed\u00bb, cuenta a LOC la artista.<\/p>\n<p class=\"ue-c-article__paragraph\">Estos d\u00edas, la cantante se encuentra en Madrid promocionando <strong>su single, <\/strong><strong>L\u00e1grima Azul.<\/strong> Un canto al desamor, pero tambi\u00e9n al arco\u00edris que puede salir tras el tormento amoroso. <strong>\u00abEs una letra muy personal,<\/strong> que habla de los momentos de la vida en los que pisas fondo\u00bb, explica. \u00abPero si yo no hubiera visto esa \u00faltima &#8216;l\u00e1grima azul&#8217;, no hubiera dicho que &#8216;hoy me levanto y seco mi llanto&#8217; y no hubiera tenido esa fortaleza de irme, no tendr\u00eda nada de lo que tengo: que<strong> es un esposo y una familia maravillosa\u00bb,<\/strong> contin\u00faa.<\/p>\n<p class=\"ue-c-article__paragraph\">Desde hace diez a\u00f1os, Patricia est\u00e1 casada con <strong>el actor californiano Forrest Kolb<\/strong> y son padres de tres hijos. El mayor, <strong>Lucca, tiene 13 a\u00f1os<\/strong> y los mellizos Mateo y Alesso, 12. Viven todos juntos en Los \u00c1ngeles y son una de las parejas m\u00e1s queridas del panorama latinoamericano. Tanto es as\u00ed que a muchos fans les preocup\u00f3 que este nuevo tema fuese el anuncio de una separaci\u00f3n. Nada que ver, porque <strong>su canci\u00f3n habla en pasado<\/strong>&#8230; Y en futuro.<\/p>\n<p class=\"ue-c-article__paragraph\">\u00abFue una catarsis de momentos que pasaron en mi vida. <strong>Pas\u00e9 por un divorcio <\/strong>y luego por otras relaciones\u00bb, aclara. \u00abMucha gente me est\u00e1 escribiendo que <strong>est\u00e1 pasando por una ruptura <\/strong>y mi canci\u00f3n le est\u00e1 ayudando a salir adelante. Cr\u00e9anme que cuando <strong>Dios cierra una puerta, abre 20.<\/strong> Aunque sientas que te quieres morir, cuando tienes esa fortaleza de ver por ti, Dios te entrega lo que realmente es para ti. La \u00fanica manera de salir de una relaci\u00f3n t\u00f3xica es ver por ti y decir:<strong> &#8216;Yo valgo m\u00e1s y quiero m\u00e1s'\u00bb.<\/strong><\/p>\n<p class=\"ue-c-article__paragraph\">Adem\u00e1s de una familia y un p\u00fablico fiel que la escucha desde su etapa en la banda Garibaldi, Patricia Manterola tiene ahora muchos proyectos que ya est\u00e1n empezando a dar sus frutos. El videoclip de L\u00e1grima Azul ya ha superado los <strong>dos millones y medio de visitas<\/strong> en tan solo unos d\u00edas, pero tiene m\u00e1s ritmos y letras que entregar.<\/p>\n<p class=\"ue-c-article__paragraph\">En enero de 2025, sac\u00f3 junto al cantante Omar Chaparro <strong>el sencillo <\/strong><strong>Me Quedar\u00e9 Por Siempre<\/strong>, una balada rom\u00e1ntica con sabor a M\u00e9xico. \u00abMi esencia es sacar m\u00fasica que conecte. Me dej\u00e9 influenciar por los g\u00e9neros que quer\u00eda la gente: <strong>lo urbano, la cumbia, lo mexicano&#8230;<\/strong> Empec\u00e9 a fusionar el pop con los g\u00e9neros que la gente estaba pidiendo\u00bb.<\/p>\n<p class=\"ue-c-article__paragraph\">Y contin\u00faa: \u00abA finales del a\u00f1o pasado me di cuenta de que extra\u00f1aba el pop que que fue de mis inicios, <strong>el pop que me dio a conocer con<\/strong><strong> Ni\u00f1a bonita<\/strong> o Que el ritmo no pare\u00bb, explica. \u00abEntonces conoc\u00ed a David Santiesteban en Panam\u00e1 y le dije que <strong>quer\u00eda hacer m\u00fasica con \u00e9l,<\/strong> porque lo admiro y es un gran ser humano\u00bb.<\/p>\n<p class=\"ue-c-article__paragraph\">David Santiesteban es <strong>uno de los compositores m\u00e1s prestigiosos<\/strong> de la actualidad. Ha escrito \u00e9xitos para artistas como <a href=\"https:\/\/www.elmundo.es\/loc\/famosos\/2025\/07\/11\/6870dd60e9cf4abc0a8b4592.html\" rel=\"nofollow noopener\" target=\"_blank\">Aitana,<\/a><a href=\"https:\/\/www.elmundo.es\/loc\/famosos\/2022\/08\/03\/62e921b5fc6c8390608b45cd.html\" rel=\"nofollow noopener\" target=\"_blank\">Luis Fonsi<\/a> o <a href=\"https:\/\/www.elmundo.es\/loc\/famosos\/2024\/10\/01\/66fbb956e9cf4abf618b458f.html\" rel=\"nofollow noopener\" target=\"_blank\">David Bisbal<\/a>. L\u00e1grima Azul est\u00e1 siguiendo el camino del triunfo, pero para ella lo importante es<strong> crear algo que tenga valor.<\/strong><\/p>\n<p><img decoding=\"async\" width=\"682\" height=\"455\" class=\"ue-c-article__image lazyload\" alt=\"Patricia Manterola durante una sesi\u00f3n fotogr\u00e1fica en Madrid\" loading=\"lazy\" src=\"https:\/\/www.europesays.com\/es\/wp-content\/uploads\/2025\/10\/17610458345076.jpg\"\/><\/p>\n<p>Patricia Manterola durante una sesi\u00f3n fotogr\u00e1fica en MadridSERGIO GONZ\u00c1LEZ VALERO<\/p>\n<p class=\"ue-c-article__paragraph\">\u00abHay canciones que para m\u00ed son importantes, como Canci\u00f3n para levantarte, que a lo mejor no es tan conocida y que a lo mejor <strong>toc\u00f3 la vida de un par de personas nada m\u00e1s\u00bb,<\/strong> sostiene. \u00abPero cada canci\u00f3n me la he gozado de manera diferente y <strong>hoy por hoy mi coraz\u00f3n estalla de gratitud\u00bb. <\/strong><\/p>\n<p class=\"ue-c-article__paragraph\">No solo de m\u00fasica ha vivido Patricia Manterola. Protagonista de telenovelas de \u00e9xito como <strong>Gente Bien<\/strong><strong> o <\/strong><strong>Apuesta por un amor,<\/strong> ha salido en pel\u00edculas, series y presentado programas. No le cierra las puertas a nada que pueda <strong>coexistir con la maternidad<\/strong>.<\/p>\n<p class=\"ue-c-article__paragraph\">\u00abPara m\u00ed meterme una telenovela ser\u00eda imposible en este momento. Porque<strong> no quiero descuidar a mis hijos.<\/strong> La m\u00fasica s\u00ed me permite estar con ellos. Tambi\u00e9n he hecho pel\u00edculas y series que me han tomado solo<strong> dos o cinco semanas<\/strong> hasta terminar una temporada. Si llega alg\u00fan proyecto de esas caracter\u00edsticas, feliz lo har\u00e9. <strong>Ser actriz me apasiona\u00bb<\/strong>, indica.<\/p>\n<p class=\"ue-c-article__paragraph\">Sin embargo, la hora de preguntarle cu\u00e1l es su d\u00eda perfecto, Patricia se sale del foco. <strong>\u00abMe gusta estar en casa con mis hijos, descalza<\/strong> y sin maquillarme. Gozarme el d\u00eda con ellos\u00bb, expresa. Aunque les dedica m\u00e1s bien el tiempo de descanso, tambi\u00e9n quiere estar con ellos en su pr\u00f3xima gira: \u00abCuando salgan de la escuela<strong> quiero irme con ellos y mi esposo. <\/strong>Mi carrera profesional se ha tenido que acoplar a los tiempos de mi familia\u00bb.<\/p>\n<p class=\"ue-c-article__paragraph\">A parte de sus ni\u00f1os, Patricia cuida de los otros beb\u00e9s de la casa.<strong> \u00abTengo dos perritos, Enzo y Bela\u00bb, <\/strong>dice al ser preguntada. La raz\u00f3n por la que sale este tema es porque, el pasado domingo 19 de octubre, actu\u00f3 en la Perrot\u00f3n, la <strong>marat\u00f3n solidaria contra el abandono animal <\/strong>celebrada en Madrid. Es una causa que le mueve.<\/p>\n<p class=\"ue-c-article__paragraph\"><strong>\u00abMe llen\u00f3 de entusiasmo<\/strong>, porque siempre me ha gustado involucrarme con causas donde podamos <strong>darle voz a los m\u00e1s necesitados.<\/strong> En este caso, los animalitos, que <strong>no tienen una propia voz<\/strong>, sino que necesitan la nuestra para crear conciencia sobre la adopci\u00f3n y el cuidado que requieren\u00bb, reivindica. \u00abLos perros son angelitos que<strong> nos vienen a dar amor incondicional <\/strong>y que lo \u00fanico que merecen es que sean tratados con con ese respeto y <strong>ese cari\u00f1o que se merecen\u00bb,<\/strong> concluye.<\/p>\n","protected":false},"excerpt":{"rendered":"Es de 2000 encender la televisi\u00f3n en un d\u00eda gris y encontarte con la imponente sensualidad y alegr\u00eda&hellip;\n","protected":false},"author":2,"featured_media":192813,"comment_status":"","ping_status":"","sticky":false,"template":"","format":"standard","meta":{"footnotes":""},"categories":[174],"tags":[255,146,147,25,24,256,721,720,185,23],"class_list":{"0":"post-192812","1":"post","2":"type-post","3":"status-publish","4":"format-standard","5":"has-post-thumbnail","7":"category-famosos","8":"tag-celebrities","9":"tag-entertainment","10":"tag-entretenimiento","11":"tag-es","12":"tag-espana","13":"tag-famosos","14":"tag-loc","15":"tag-loc-famosos","16":"tag-musica","17":"tag-spain"},"share_on_mastodon":{"url":"https:\/\/pubeurope.com\/@es\/115415557319902187","error":""},"_links":{"self":[{"href":"https:\/\/www.europesays.com\/es\/wp-json\/wp\/v2\/posts\/192812","targetHints":{"allow":["GET"]}}],"collection":[{"href":"https:\/\/www.europesays.com\/es\/wp-json\/wp\/v2\/posts"}],"about":[{"href":"https:\/\/www.europesays.com\/es\/wp-json\/wp\/v2\/types\/post"}],"author":[{"embeddable":true,"href":"https:\/\/www.europesays.com\/es\/wp-json\/wp\/v2\/users\/2"}],"replies":[{"embeddable":true,"href":"https:\/\/www.europesays.com\/es\/wp-json\/wp\/v2\/comments?post=192812"}],"version-history":[{"count":0,"href":"https:\/\/www.europesays.com\/es\/wp-json\/wp\/v2\/posts\/192812\/revisions"}],"wp:featuredmedia":[{"embeddable":true,"href":"https:\/\/www.europesays.com\/es\/wp-json\/wp\/v2\/media\/192813"}],"wp:attachment":[{"href":"https:\/\/www.europesays.com\/es\/wp-json\/wp\/v2\/media?parent=192812"}],"wp:term":[{"taxonomy":"category","embeddable":true,"href":"https:\/\/www.europesays.com\/es\/wp-json\/wp\/v2\/categories?post=192812"},{"taxonomy":"post_tag","embeddable":true,"href":"https:\/\/www.europesays.com\/es\/wp-json\/wp\/v2\/tags?post=192812"}],"curies":[{"name":"wp","href":"https:\/\/api.w.org\/{rel}","templated":true}]}}