{"id":192864,"date":"2025-10-22T03:30:09","date_gmt":"2025-10-22T03:30:09","guid":{"rendered":"https:\/\/www.europesays.com\/es\/192864\/"},"modified":"2025-10-22T03:30:09","modified_gmt":"2025-10-22T03:30:09","slug":"bruno-aloi-se-despide-de-su-pena-en-espana-2","status":"publish","type":"post","link":"https:\/\/www.europesays.com\/es\/192864\/","title":{"rendered":"Bruno Aloi se despide de su pe\u00f1a en Espa\u00f1a"},"content":{"rendered":"<p>La <strong>pe\u00f1a taurina<\/strong> de <strong>Bruno Aloi<\/strong> en <strong>Espa\u00f1a<\/strong> organiz\u00f3 un encuentro en la finca <strong>\u201cCampos Taurinos\u201d<\/strong>, localizada en la provincia de <strong>Guadalajara<\/strong>, al que asistieron unas <strong>80 personas<\/strong> para <strong>despedirlo<\/strong> antes de su regreso a <strong>M\u00e9xico<\/strong>, donde el pr\u00f3ximo <strong>s\u00e1bado 1 de noviembre<\/strong> torear\u00e1 en <strong>Juriquilla<\/strong> la <strong>\u00faltima novillada<\/strong> de su carrera, previo a la <strong>alternativa<\/strong> que tomar\u00e1 en <strong>Aguascalientes<\/strong>.<\/p>\n<p class=\"has-blue-ova-color has-white-background-color has-text-color has-background\"><strong>TE PUEDE INTERESAR: <a href=\"https:\/\/ovaciones.com\/gibran-araige-fuera-de-seleccion-mexicana-javier-aguirre-habria-pedido-el-cambio-por-mauricio-imay\/\" rel=\"nofollow noopener\" target=\"_blank\">Gibran Araige fuera de Selecci\u00f3n Mexicana: Javier Aguirre habr\u00eda pedido el cambio por Mauricio Imay<\/a><\/strong><\/p>\n<p>En este evento, <strong>Bruno<\/strong> tore\u00f3 un <strong>novillo<\/strong> que le permiti\u00f3 gustarse, y en todo momento estuvo alentado por los <strong>pe\u00f1istas<\/strong> y otros <strong>seguidores<\/strong>, la mayor\u00eda de ellos <strong>aficionados espa\u00f1oles<\/strong>, entre los que tambi\u00e9n hab\u00eda varios <strong>amigos mexicanos<\/strong>.<\/p>\n<p>Posteriormente, se dio suelta a dos <strong>becerras<\/strong> en las que <strong>Aloi<\/strong> estuvo ayudando a aquellos que salieron al ruedo, d\u00e1ndoles <strong>consejos<\/strong> y hasta toreando con ellos al <strong>alim\u00f3n<\/strong>, lo que gener\u00f3 un gran <strong>entusiasmo<\/strong> y result\u00f3 muy <strong>divertido<\/strong>. Al terminar la <strong>comida<\/strong>, les dirigi\u00f3 un sincero <strong>mensaje de agradecimiento<\/strong>, sobre todo tras el <strong>apoyo recibido<\/strong> en aquellos momentos m\u00e1s <strong>dif\u00edciles<\/strong>, y antes de partir recibi\u00f3 los <strong>parabienes<\/strong> de la gente para la <strong>nueva etapa<\/strong> que comenzar\u00e1 en breve.<\/p>\n<p><strong>Bruno<\/strong> llegar\u00e1 a <strong>M\u00e9xico<\/strong> este <strong>mi\u00e9rcoles<\/strong> y en las siguientes semanas acudir\u00e1 a distintas <strong>ganader\u00edas<\/strong>, pues ya tiene invitaciones para <strong>tentar<\/strong>, previo a la <strong>novillada<\/strong> de <strong>Juriquilla<\/strong> en la que va a sostener un interesante <strong>mano a mano<\/strong> con <strong>Andr\u00e9s Garc\u00eda<\/strong>, con seis <strong>novillos<\/strong> de la <strong>ganader\u00eda de Sant\u00edn<\/strong>.<\/p>\n<p>Tres semanas despu\u00e9s, el <strong>s\u00e1bado 22 de noviembre<\/strong>, recibir\u00e1 la <strong>alternativa<\/strong> en la <strong>Monumental de Aguascalientes<\/strong> de manos de <strong>Andr\u00e9s Roca Rey<\/strong>, y ante el testimonio de <strong>Luis David<\/strong>, con una <strong>corrida<\/strong> de la <strong>ganader\u00eda de Villacarmela<\/strong>.<\/p>\n","protected":false},"excerpt":{"rendered":"La pe\u00f1a taurina de Bruno Aloi en Espa\u00f1a organiz\u00f3 un encuentro en la finca \u201cCampos Taurinos\u201d, localizada en&hellip;\n","protected":false},"author":2,"featured_media":192865,"comment_status":"","ping_status":"","sticky":false,"template":"","format":"standard","meta":{"footnotes":""},"categories":[277],"tags":[373,168,25,24,23,167,374],"class_list":{"0":"post-192864","1":"post","2":"type-post","3":"status-publish","4":"format-standard","5":"has-post-thumbnail","7":"category-toreo","8":"tag-bullfighting","9":"tag-deportes","10":"tag-es","11":"tag-espana","12":"tag-spain","13":"tag-sports","14":"tag-toreo"},"share_on_mastodon":{"url":"https:\/\/pubeurope.com\/@es\/115415706676991571","error":""},"_links":{"self":[{"href":"https:\/\/www.europesays.com\/es\/wp-json\/wp\/v2\/posts\/192864","targetHints":{"allow":["GET"]}}],"collection":[{"href":"https:\/\/www.europesays.com\/es\/wp-json\/wp\/v2\/posts"}],"about":[{"href":"https:\/\/www.europesays.com\/es\/wp-json\/wp\/v2\/types\/post"}],"author":[{"embeddable":true,"href":"https:\/\/www.europesays.com\/es\/wp-json\/wp\/v2\/users\/2"}],"replies":[{"embeddable":true,"href":"https:\/\/www.europesays.com\/es\/wp-json\/wp\/v2\/comments?post=192864"}],"version-history":[{"count":0,"href":"https:\/\/www.europesays.com\/es\/wp-json\/wp\/v2\/posts\/192864\/revisions"}],"wp:featuredmedia":[{"embeddable":true,"href":"https:\/\/www.europesays.com\/es\/wp-json\/wp\/v2\/media\/192865"}],"wp:attachment":[{"href":"https:\/\/www.europesays.com\/es\/wp-json\/wp\/v2\/media?parent=192864"}],"wp:term":[{"taxonomy":"category","embeddable":true,"href":"https:\/\/www.europesays.com\/es\/wp-json\/wp\/v2\/categories?post=192864"},{"taxonomy":"post_tag","embeddable":true,"href":"https:\/\/www.europesays.com\/es\/wp-json\/wp\/v2\/tags?post=192864"}],"curies":[{"name":"wp","href":"https:\/\/api.w.org\/{rel}","templated":true}]}}