{"id":192868,"date":"2025-10-22T03:37:08","date_gmt":"2025-10-22T03:37:08","guid":{"rendered":"https:\/\/www.europesays.com\/es\/192868\/"},"modified":"2025-10-22T03:37:08","modified_gmt":"2025-10-22T03:37:08","slug":"laliga-confirma-la-cancelacion-del-villarreal-fc-barcelona-en-miami","status":"publish","type":"post","link":"https:\/\/www.europesays.com\/es\/192868\/","title":{"rendered":"LaLiga confirma la cancelaci\u00f3n del Villarreal-FC Barcelona en Miami"},"content":{"rendered":"<p>\n        LaLiga ha confirmado este martes que<strong> &#8216;Relevent&#8217;, la promotora del partido entre el Villarreal CF y el FC Barcelona de LaLiga EA Sports 2025-2026 en Miami (Estados Unidos), ha decidido cancelar<\/strong> este encuentro \u00abdebido a la incertidumbre generada en Espa\u00f1a durante las \u00faltimas semanas\u00bb.\n<\/p>\n<p class=\"article-body__text \">\n        \u00abLaLiga informa de que, tras conversaciones con la promotora del Partido Oficial de LaLiga en Miami, esta ha comunicado su decisi\u00f3n de cancelar la organizaci\u00f3n del evento <strong>debido a la incertidumbre generada en Espa\u00f1a durante las \u00faltimas semanas<\/strong>\u00ab, se\u00f1al\u00f3 el organismo en un comunicado.\n<\/p>\n<p class=\"article-body__text \">\n        La patronal de clubes lament\u00f3 \u00abprofundamente que este proyecto, que <strong>representaba una oportunidad hist\u00f3rica e inigualable<\/strong> para la internacionalizaci\u00f3n del f\u00fatbol espa\u00f1ol, no pueda seguir adelante\u00bb, despu\u00e9s de lo acontecido por el par\u00f3n de 15 segundos de los equipos al inicio de los partidos durante el fin de semana, decretado por el sindicato AFE, o la <strong>disconformidad del Gobierno<\/strong>.\n<\/p>\n<p class=\"article-body__text \">\n        \u00abLa celebraci\u00f3n de un partido oficial fuera de nuestras fronteras habr\u00eda supuesto un paso decisivo en la expansi\u00f3n global de nuestra competici\u00f3n, reforzando la presencia internacional de los clubes, el posicionamiento de los jugadores y la marca del f\u00fatbol espa\u00f1ol en un mercado estrat\u00e9gico como es Estados Unidos\u00bb, a\u00f1adi\u00f3.\n<\/p>\n<p class=\"article-body__text \">\n        A juicio de LaLiga, \u00abel proyecto <strong>cumpl\u00eda plenamente con la reglamentaci\u00f3n federativa y no afectaba a la integridad de la competici\u00f3n<\/strong>, tal y como han ratificado las instituciones competentes que velan por su cumplimiento, las cuales se opon\u00edan por otras circunstancias\u00bb.\n<\/p>\n<p class=\"article-body__text \">\n        \u00abEn un contexto de creciente competitividad global, donde ligas como la Premier League o competiciones como la UEFA Champions League contin\u00faan aumentando su alcance y capacidad de generar recursos, iniciativas como esta son esenciales para <strong>garantizar la sostenibilidad y el crecimiento<\/strong> del f\u00fatbol espa\u00f1ol\u00bb, abunda.\n<\/p>\n<p class=\"article-body__text \">\n        Para LaLiga, \u00abrenunciar a este tipo de oportunidades <strong>dificulta la generaci\u00f3n de nuevos ingresos, limita la capacidad de los clubes para invertir y competir,<\/strong> y reduce la proyecci\u00f3n internacional de todo el ecosistema futbol\u00edstico nacional\u00bb.\n<\/p>\n<p class=\"article-body__text \">\n        Finalmente, LaLiga agradece a los clubes \u00absu disposici\u00f3n y colaboraci\u00f3n en este proyecto, as\u00ed como su compromiso constante con el crecimiento de la competici\u00f3n. Seguiremos trabajando, como siempre, para llevar el f\u00fatbol espa\u00f1ol a todos los rincones del mundo, defendiendo una visi\u00f3n abierta, moderna y competitiva que beneficie a clubes, jugadores y aficionados\u00bb.\n<\/p>\n<p class=\"article-body__text \">\n        Esta es la <strong>segunda vez que el intento de LaLiga de llevar un partido a Estados Unidos se ve frenado, ahora principalmente por el rechazo de la Asociaci\u00f3n de Futbolistas Espa\u00f1oles<\/strong> (AFE) y hace a\u00f1os, tras el acuerdo de la patronal con la firma Relevent, promotora del choque en 2018, por la oposici\u00f3n de la Federaci\u00f3n.\n<\/p>\n<p class=\"article-body__text \">\n        <strong>LaLiga y la RFEF fueron a juicio hace cinco a\u00f1os por la negativa de la segunda a autorizar la celebraci\u00f3n tambi\u00e9n en Estados Unidos del partido Girona-Barcelona<\/strong> de la temporada 2018-2019, litigio que se resolvi\u00f3 en contra de la patronal primero en un juzgado de lo mercantil de Madrid, despu\u00e9s en la Audiencia Provincial y luego en el Tribunal Supremo.\n<\/p>\n<p class=\"article-body__text \">\n        En marzo de 2020 el juzgado de lo Mercantil n\u00famero 12 de Madrid fall\u00f3 en contra de la pretensi\u00f3n de LaLiga y su recurso de apelaci\u00f3n fue rechazado despu\u00e9s por la Audiencia Provincial en diciembre de 2021 y por el Tribunal Supremo en septiembre de 2024.\n<\/p>\n<p class=\"article-body__text \">\n        En aquel litigio la RFEF argument\u00f3 en defensa de su postura en contra la posici\u00f3n tambi\u00e9n de la FIFA en ese sentido y el principio de que general de que los partidos oficiales de una competici\u00f3n nacional regular deb\u00edan disputarse en el territorio de la misma asociaci\u00f3n nacional, por lo que no autoriz\u00f3 el traslado.\n<\/p>\n<p class=\"article-body__text \">\n        La FIFA hace un a\u00f1o decidi\u00f3 introducir cambios en el Reglamento de Partidos Internacionales en lo relativo a la autorizaci\u00f3n de partidos fuera del territorio de la federaci\u00f3n correspondiente, teniendo en cuenta posibles consecuencias en el equilibrio de la competitividad, incluidos los intereses de los otros equipos de la competici\u00f3n.\n<\/p>\n<p class=\"article-body__text \">\n        Tambi\u00e9n posibles trastornos para equipos del pa\u00eds donde se jugar\u00e1 el partidos, la seguridad de aficionados y futbolistas y factores que afecten a la integridad del encuentro o a la seguridad y bienestar de aficionados, futbolistas y personal.<\/p>\n","protected":false},"excerpt":{"rendered":"LaLiga ha confirmado este martes que &#8216;Relevent&#8217;, la promotora del partido entre el Villarreal CF y el FC&hellip;\n","protected":false},"author":2,"featured_media":192869,"comment_status":"","ping_status":"","sticky":false,"template":"","format":"standard","meta":{"footnotes":""},"categories":[268],"tags":[3306,1779,168,25,24,16485,280,282,288,281,23,167,10560],"class_list":{"0":"post-192868","1":"post","2":"type-post","3":"status-publish","4":"format-standard","5":"has-post-thumbnail","7":"category-futbol","8":"tag-cancelacion","9":"tag-confirma","10":"tag-deportes","11":"tag-es","12":"tag-espana","13":"tag-fc","14":"tag-football","15":"tag-futbol","16":"tag-laliga","17":"tag-soccer","18":"tag-spain","19":"tag-sports","20":"tag-villarreal"},"share_on_mastodon":{"url":"https:\/\/pubeurope.com\/@es\/115415734505662348","error":""},"_links":{"self":[{"href":"https:\/\/www.europesays.com\/es\/wp-json\/wp\/v2\/posts\/192868","targetHints":{"allow":["GET"]}}],"collection":[{"href":"https:\/\/www.europesays.com\/es\/wp-json\/wp\/v2\/posts"}],"about":[{"href":"https:\/\/www.europesays.com\/es\/wp-json\/wp\/v2\/types\/post"}],"author":[{"embeddable":true,"href":"https:\/\/www.europesays.com\/es\/wp-json\/wp\/v2\/users\/2"}],"replies":[{"embeddable":true,"href":"https:\/\/www.europesays.com\/es\/wp-json\/wp\/v2\/comments?post=192868"}],"version-history":[{"count":0,"href":"https:\/\/www.europesays.com\/es\/wp-json\/wp\/v2\/posts\/192868\/revisions"}],"wp:featuredmedia":[{"embeddable":true,"href":"https:\/\/www.europesays.com\/es\/wp-json\/wp\/v2\/media\/192869"}],"wp:attachment":[{"href":"https:\/\/www.europesays.com\/es\/wp-json\/wp\/v2\/media?parent=192868"}],"wp:term":[{"taxonomy":"category","embeddable":true,"href":"https:\/\/www.europesays.com\/es\/wp-json\/wp\/v2\/categories?post=192868"},{"taxonomy":"post_tag","embeddable":true,"href":"https:\/\/www.europesays.com\/es\/wp-json\/wp\/v2\/tags?post=192868"}],"curies":[{"name":"wp","href":"https:\/\/api.w.org\/{rel}","templated":true}]}}