{"id":192874,"date":"2025-10-22T03:41:13","date_gmt":"2025-10-22T03:41:13","guid":{"rendered":"https:\/\/www.europesays.com\/es\/192874\/"},"modified":"2025-10-22T03:41:13","modified_gmt":"2025-10-22T03:41:13","slug":"rtve-emite-un-especial-con-xabier-fortes-sobre-fosas-del-franquismo-con-el-estreno-del-documental-a-flor-de-tierra","status":"publish","type":"post","link":"https:\/\/www.europesays.com\/es\/192874\/","title":{"rendered":"RTVE emite un especial con Xabier Fortes sobre fosas del franquismo con el estreno del documental &#8216;A flor de tierra&#8217;"},"content":{"rendered":"<p class=\"article-text\">\n        <strong>RTVE <\/strong>ha puesto en marcha un proyecto multimedia llamado &#8216;El pa\u00eds de las 6.000 fosas&#8217;, incluyendo por primera vez un mapa de las <strong>exhumaciones del franquismo y la Guerra Civil<\/strong>. La intenci\u00f3n es que la poblaci\u00f3n pueda conocer a las v\u00edctimas y sus historias; iniciativa acompa\u00f1ada por el estreno del documental <strong>A flor de tierra<\/strong>, con emisi\u00f3n en simulcast a trav\u00e9s de <strong>La 2<\/strong> y <strong>Canal 24 horas<\/strong>.\n    <\/p>\n<p>    <a href=\"https:\/\/www.eldiario.es\/vertele\/series\/rtve-promociona-estreno-ena-serie-vinculo-robo-louvre-creadores-ironizan-ninos-fuman_1_12701686.html\" data-mrf-recirculation=\"saber-mas\" data-dl-event=\"saber-mas\" rel=\"nofollow noopener\" target=\"_blank\"><\/p>\n<p class=\"know-more__title\">RTVE promociona el estreno de &#8216;Ena&#8217;, serie con v\u00ednculo al robo del Louvre, y sus creadores ironizan: \u00abLos ni\u00f1os ya fuman\u00bb<\/p>\n<p>            <img decoding=\"async\" class=\"lazy\" loading=\"lazy\" data-src=\"https:\/\/static.eldiario.es\/clip\/1eec8bcb-24f3-426a-b2cc-a2bdbe5e96d8_16-9-aspect-ratio_default_0.jpg\" src=\"data:image\/svg+xml,%3Csvg xmlns=\" http:=\"\" viewbox=\"0 0 880 495\" alt=\"RTVE promociona el estreno de 'Ena', serie con v\u00ednculo al robo del Louvre, y sus creadores ironizan: &quot;Los ni\u00f1os ya fuman&quot;\"\/><\/p>\n<p>                        <\/a><\/p>\n<p class=\"article-text\">\n        La emisi\u00f3n de esta producci\u00f3n, prevista para el martes 21 de octubre, est\u00e1 incluida en el <strong>especial <\/strong><strong>La noche en 24h. Las fosas del franquismo<\/strong>, con el periodista <strong>Xabier Fortes<\/strong> al frente. Este documental, dirigido por \u00c1ngela Gallardo y realizado por el equipo de V\u00eddeo y Audio Digital de RTVE Noticias, expone los testimonios de distintos ciudadanos para que los espectadores hagan un ejercicio de memoria hist\u00f3rica.\n    <\/p>\n<p class=\"article-text\">\n        <strong>Josefina Campos<\/strong> aparece en escena mientras camina por una arboleda que rodea la Tejer\u00eda de Monreal. Ese lugar ha cambiado mucho desde el a\u00f1o <strong>1978<\/strong>, momento en el que lleg\u00f3 acompa\u00f1ada de algunos vecinos de otros pueblos navarros para <strong>desenterrar los restos de su t\u00edo<\/strong>. En octubre de 1936 lo sacaron de la c\u00e1rcel de Tafalla para acabar con su vida. <strong>Luc\u00eda Moreno<\/strong>, Felipe Mar\u00edn, <strong>Rold\u00e1n Jimeno<\/strong>,<strong> Amelia Resano<\/strong> y <strong>Benito Salvatierra<\/strong> tambi\u00e9n se prestan a verbalizar las atrocidades cometidas por el r\u00e9gimen.\n    <\/p>\n<p class=\"article-text\">\n        Sin embargo, el punto de partida se ubica un a\u00f1o antes en Marcilla. All\u00ed, una conversaci\u00f3n entre un vecino y el cura del pueblo se tradujo en la primera exhumaci\u00f3n de la Transici\u00f3n en Navarra. El padre de <strong>Felipe Mart\u00edn<\/strong> particip\u00f3 en aquella iniciativa que \u00fanicamente respond\u00eda a una intenci\u00f3n:<strong> encontrar a sus hermanos<\/strong>, asesinados durante la Guerra Civil. De hecho, el documental asegura que su familia fue una de las m\u00e1s masacradas en el conflicto.\n    <\/p>\n<p>    <a href=\"https:\/\/www.eldiario.es\/vertele\/videos\/trailers-y-avances\/netflix-lanza-primer-trailer-cuco-cristal-nueva-serie-alex-garcia-basada-novela-javier-castillo_7_12699968.html\" data-mrf-recirculation=\"saber-mas-abajo\" data-dl-event=\"saber-mas-abajo\" rel=\"nofollow noopener\" target=\"_blank\"><\/p>\n<p class=\"know-more__title\">Netflix lanza el primer tr\u00e1iler de &#8216;El cuco de cristal&#8217;, su nueva serie con \u00c1lex Garc\u00eda basada en la novela de Javier Castillo<\/p>\n<p>            <img decoding=\"async\" class=\"lazy\" loading=\"lazy\" data-src=\"https:\/\/static.eldiario.es\/clip\/bb2744ea-101b-4112-a022-cba95f5b7095_16-9-aspect-ratio_default_0.jpg\" src=\"data:image\/svg+xml,%3Csvg xmlns=\" http:=\"\" viewbox=\"0 0 880 495\" alt=\"Netflix lanza el primer tr\u00e1iler de 'El cuco de cristal', su nueva serie con \u00c1lex Garc\u00eda basada en la novela de Javier Castillo\"\/><\/p>\n<p>                        <\/a><\/p>\n<p>            <img decoding=\"async\" class=\"lazy\" loading=\"lazy\" data-src=\"https:\/\/static.eldiario.es\/clip\/16113e16-4d52-4599-be52-91554f6a355e_16-9-discover-aspect-ratio_default_0.jpg\" src=\"data:image\/svg+xml,%3Csvg xmlns=\" http:=\"\" viewbox=\"0 0 1200 675\" alt=\"RTVE estrena el documental 'A flor de tierra'\"\/><\/p>\n<p>    As\u00ed es el especial &#8216;Las fosas del franquismo&#8217;<\/p>\n<p class=\"article-text\">\n        Como se ha mencionado previamente, el documental se emitir\u00e1 en simulcast y dentro de un especial informativo. Fortes capitanea esta entrega, acompa\u00f1ado por <strong>perdiostas <\/strong>como Javier Garc\u00eda Vila, Jes\u00fas Mara\u00f1a, Natalia Junquera y Ainhoa Mart\u00ednez Hoyos. Adem\u00e1s, el programa cuenta con varias <strong>entrevistas a expertos e historiadores<\/strong>. La intenci\u00f3n es poner en contexto datos oficiales como los ofrecidos por el Ministerio de la Presidencia: en 2011 se contabilizaron casi <strong>2.500 fosas <\/strong>y en torno a <strong>57.000 v\u00edctimas<\/strong>.\n    <\/p>\n","protected":false},"excerpt":{"rendered":"RTVE ha puesto en marcha un proyecto multimedia llamado &#8216;El pa\u00eds de las 6.000 fosas&#8217;, incluyendo por primera&hellip;\n","protected":false},"author":2,"featured_media":192875,"comment_status":"","ping_status":"","sticky":false,"template":"","format":"standard","meta":{"footnotes":""},"categories":[171],"tags":[6084,8170,146,147,25,24,12608,1055,25986,24265,53807,1470,518,23,1934,214,21118],"class_list":{"0":"post-192874","1":"post","2":"type-post","3":"status-publish","4":"format-standard","5":"has-post-thumbnail","7":"category-tv","8":"tag-documental","9":"tag-emite","10":"tag-entertainment","11":"tag-entretenimiento","12":"tag-es","13":"tag-espana","14":"tag-especial","15":"tag-estreno","16":"tag-flor","17":"tag-fortes","18":"tag-fosas","19":"tag-franquismo","20":"tag-rtve","21":"tag-spain","22":"tag-tierra","23":"tag-tv","24":"tag-xabier"},"share_on_mastodon":{"url":"https:\/\/pubeurope.com\/@es\/115415750081423782","error":""},"_links":{"self":[{"href":"https:\/\/www.europesays.com\/es\/wp-json\/wp\/v2\/posts\/192874","targetHints":{"allow":["GET"]}}],"collection":[{"href":"https:\/\/www.europesays.com\/es\/wp-json\/wp\/v2\/posts"}],"about":[{"href":"https:\/\/www.europesays.com\/es\/wp-json\/wp\/v2\/types\/post"}],"author":[{"embeddable":true,"href":"https:\/\/www.europesays.com\/es\/wp-json\/wp\/v2\/users\/2"}],"replies":[{"embeddable":true,"href":"https:\/\/www.europesays.com\/es\/wp-json\/wp\/v2\/comments?post=192874"}],"version-history":[{"count":0,"href":"https:\/\/www.europesays.com\/es\/wp-json\/wp\/v2\/posts\/192874\/revisions"}],"wp:featuredmedia":[{"embeddable":true,"href":"https:\/\/www.europesays.com\/es\/wp-json\/wp\/v2\/media\/192875"}],"wp:attachment":[{"href":"https:\/\/www.europesays.com\/es\/wp-json\/wp\/v2\/media?parent=192874"}],"wp:term":[{"taxonomy":"category","embeddable":true,"href":"https:\/\/www.europesays.com\/es\/wp-json\/wp\/v2\/categories?post=192874"},{"taxonomy":"post_tag","embeddable":true,"href":"https:\/\/www.europesays.com\/es\/wp-json\/wp\/v2\/tags?post=192874"}],"curies":[{"name":"wp","href":"https:\/\/api.w.org\/{rel}","templated":true}]}}