{"id":192911,"date":"2025-10-22T04:08:16","date_gmt":"2025-10-22T04:08:16","guid":{"rendered":"https:\/\/www.europesays.com\/es\/192911\/"},"modified":"2025-10-22T04:08:16","modified_gmt":"2025-10-22T04:08:16","slug":"llevo-meses-sin-ver-a-mi-padre-trabajando-en-condiciones-fatales-y-cargo-con-mi-madre","status":"publish","type":"post","link":"https:\/\/www.europesays.com\/es\/192911\/","title":{"rendered":"\u00abLlevo meses sin ver a mi padre, trabajando en condiciones fatales y cargo con mi madre\u00bb"},"content":{"rendered":"<p style=\"\">La faceta medi\u00e1tica de <a href=\"https:\/\/www.abc.es\/deportes\/futbol\/dani-guiza-goleador-inagotable-mantiene-hambre-futbol-20250809194951-nt.html\" title=\"www.abc.es\" data-voc-vtm-id=\"in-text-traffic\" data-mrf-link=\"www.abc.es\" rel=\"nofollow noopener\" target=\"_blank\">Dani\u202fG\u00fciza<\/a> (Jerez de la Frontera, 1980) no solo ha estado ligada a su carrera como futbolista. Y es que la vida personal del gaditano ha copado la portadas de las revistas del coraz\u00f3n en diferentes momentos, sobre todo a ra\u00edz  &#8230; de sus <strong>relaciones sentimentales<\/strong>. <\/p>\n<p class=\"voc-p\" style=\"\">De hecho, hace unos d\u00edas, G\u00fciza asegur\u00f3 en una entrevista con Josep Pedrerol que<strong> lo \u00abpeor\u00bb que ha hecho en su vida es \u00abestar en el mundo del coraz\u00f3n\u00bb.<\/strong> \u00abEso me ech\u00f3 del mundial de f\u00fatbol. Me cerr\u00f3 muchas puertas, sobre todo en el Barcelona\u00bb, asegur\u00f3. <\/p>\n<p class=\"voc-p\" style=\"\">G\u00fciza es padre de <strong>tres hijos <\/strong>de diferentes parejas. <strong>Cristian<\/strong>, su primog\u00e9nito, naci\u00f3 fruto de su relaci\u00f3n con Roc\u00edo Aranda. Despu\u00e9s lleg\u00f3 <strong>Daniel<\/strong>, el mediano, de su medi\u00e1tico noviazgo con <strong>Nuria Berm\u00fadez. <\/strong>En cuanto a la peque\u00f1a, Eva, naci\u00f3 hace cuatro a\u00f1os de su matrimonio con Roc\u00edo Herrera.<\/p>\n<p class=\"voc-p\" style=\"\">La faceta como padre del futbolista ha sido muy cuestionada en distintas ocasiones, sobre todo a ra\u00edz de que su hijo <strong>Cristian <\/strong>denunciara p\u00fablicamente <strong>sentirse abandonado<\/strong> por \u00e9l. Lo hizo hace tres a\u00f1os en &#8216;S\u00e1lvame&#8217;, donde asegur\u00f3 que no ten\u00edan apenas relaci\u00f3n: \u00abLos perros de mi padre viven mejor que yo\u00bb.<\/p>\n<p><img decoding=\"async\" loading=\"lazy\" src=\"https:\/\/www.europesays.com\/es\/wp-content\/uploads\/2025\/10\/dani-guiza-k3a--760x427@diario_abc.jpeg\" class=\"voc-img\" width=\"760\" height=\"427\" alt=\"Cristi\u00e1n en 'S\u00e1lvame' en 2022\" data-voc-vtm-id=\"in-text-traffic\"\/><\/p>\n<p>Cristi\u00e1n en &#8216;S\u00e1lvame&#8217; en 2022<\/p>\n<p>TELECINCO<\/p>\n<p class=\"voc-p\" style=\"\">El llamamiento de Cristian hizo que su padre reaccionara y llamara en directo para tenderle la mano: \u00abHabremos tenido fallos como todos los padres, pero el<strong> camino que t\u00fa llevas no es el que yo quiero que lleves<\/strong>. Te abrimos las puertas, pero ya sabes el camino que tienes que llevar\u00bb, dijo el futbolista, dando a entender que no estaba de acuerdo con el estilo de vida de su hijo.<\/p>\n<p class=\"voc-p\" style=\"\">En los \u00faltimos tres a\u00f1os, se desconoc\u00eda si Cristian hab\u00eda conseguido retomar el contacto con su padre y c\u00f3mo se encontraba en la actualidad. Hasta este domingo, cuando el hijo de G\u00fciza<strong> reapareci\u00f3 en el programa de Telecinco &#8216;Fiesta&#8217;<\/strong> para hablar sobre su relaci\u00f3n con el futbolista.<\/p>\n<p>\nLa relaci\u00f3n actual de Cristian con Dani G\u00fciza\n<\/p>\n<p class=\"voc-p\" style=\"\">Cristian, ya con 22 a\u00f1os, cont\u00f3 en el programa que sus padres se separaron cuando \u00e9l ten\u00eda solo tres a\u00f1os. Entonces, el primog\u00e9nito de G\u00fciza <strong>se fue a vivir con su madre<\/strong>, mientras manten\u00eda una \u00abbuena\u00bb relaci\u00f3n con el futbolista: \u00abSiempre se hizo cargo, nos ve\u00edamos en vacaciones&#8230;\u00bb. <\/p>\n<p class=\"voc-p\" style=\"\">Sin embargo, todo cambi\u00f3 cuando cumpli\u00f3<strong> 18 a\u00f1os<\/strong>: \u00abMe fui a estudiar una carrera a Madrid y ah\u00ed ya not\u00e9 que estaba m\u00e1s distante. Todav\u00eda qued\u00e1bamos para comer, pero <strong>note algo m\u00e1s distante la relaci\u00f3n<\/strong>\u00bb.<\/p>\n<p><img decoding=\"async\" loading=\"lazy\" src=\"https:\/\/www.europesays.com\/es\/wp-content\/uploads\/2025\/10\/cristian-hijo-guiza-k3a--760x427@diario_abc.jpg\" class=\"voc-img\" width=\"760\" height=\"427\" alt=\"Cristina, hijo de Dani G\u00fciza, este domingo en 'Fiesta'\" data-voc-vtm-id=\"in-text-traffic\"\/><\/p>\n<p>Cristina, hijo de Dani G\u00fciza, este domingo en &#8216;Fiesta&#8217;<\/p>\n<p>TELECINCO<\/p>\n<p class=\"voc-p\" style=\"\">Cristi\u00e1n asegur\u00f3 en &#8216;Fiesta&#8217; que, a d\u00eda de hoy, lleva \u00ab<strong>cuatro meses sin ver a su padre\u00bb. \u00abNo mantenemos un contacto<\/strong>como el que ten\u00edamos. La \u00faltima vez que fui a verlo fue en la Feria de Sanl\u00facar de Barrameda. Fui a hacerle una visita porque tengo una hermana peque\u00f1a y ten\u00eda muchas ganas de verlos\u00bb, conto el primog\u00e9nito de G\u00fciza.<\/p>\n<p class=\"voc-p\" style=\"\">El hijo del futbolista not\u00f3 entonces \u00abdistante\u00bb a su padre. \u00abPuede ser que se haya sentido <strong>da\u00f1ado por las cosas que he hecho en el pasado<\/strong>\u00bb, explic\u00f3, en referencia a que hablara en televisi\u00f3n sobre la relaci\u00f3n de ambos: \u00abContar las cosas, simplemente decir la verdad y hacerlo p\u00fablico\u00bb.<\/p>\n<p>\nDani G\u00fciza responde a su hijo: \u00abQue trabaje m\u00e1s\u00bb\n<\/p>\n<p class=\"voc-p\" style=\"\">Una reportera de &#8216;Fiesta&#8217; pudo hablar con G\u00fciza, quien al saber que su hijo iba al programa, pregunt\u00f3: \u00ab\u00bfQu\u00e9 hijo? \u00bf<strong>El que siempre habla, <\/strong>no?\u00bb, lo que evidenci\u00f3 su enfado. El futbolista asegur\u00f3 que tiene una buena relaci\u00f3n con su hijo, \u00abcomo cualquier padre\u00bb.<\/p>\n<p class=\"voc-p\" style=\"\">No obstante, admiti\u00f3 que hace cuatro meses que no ve a Cristian: \u00abLe <strong>echo de menos<\/strong>, siempre se echa de menos a un hijo\u00bb. A continuaci\u00f3n, lanz\u00f3 un dardo a su primog\u00e9nito: \u00abPero <strong>que trabaje m\u00e1s<\/strong>\u00bb.<\/p>\n<p class=\"voc-p\" style=\"\">Al conocer las palabras de su padre, Cristian asegur\u00f3 sentirse dolido. \u00abDesde que me vine a Madrid, siempre le dije que iba a trabajar. Llevo trabajando much\u00edsimo, en<strong> condiciones fatales<\/strong>. He estado trabajando en un chiringuito de El Palmar y <strong>durmiendo en una furgoneta sin aire<\/strong>\u00bb.<\/p>\n<p class=\"voc-p\" style=\"\">Adem\u00e1s, Cristian asegur\u00f3 que <strong>vive con su madre, a quien tiene que ayudar econ\u00f3micamente<\/strong>: \u00abNo dependo solo de m\u00ed, tengo una responsabilidad encima m\u00eda que <strong>cargo conmigo<\/strong>\u00bb.<\/p>\n<p class=\"voc-p\" style=\"\">Tras estas palabras, fue la madre de Cristian quien intervino en el programa. \u00abLa realidad la sabemos muy poquitas personas. Mi hijo sabe perfectamente lo que es vivir en un mundo y en otro. Que siga siendo as\u00ed de <strong>humilde<\/strong>. Mientras la vida me d\u00e9 salud, no le va a faltar un plato de comida. Es un trabajador como nadie\u00bb, asegur\u00f3 Roc\u00edo Herrera sobre su hijo, que reconoci\u00f3 \u00abha tenido una <strong>adolescencia dif\u00edcil, <\/strong>pero ha demostrado que est\u00e1 trabajando\u00bb.<\/p>\n","protected":false},"excerpt":{"rendered":"La faceta medi\u00e1tica de Dani\u202fG\u00fciza (Jerez de la Frontera, 1980) no solo ha estado ligada a su carrera&hellip;\n","protected":false},"author":2,"featured_media":192912,"comment_status":"","ping_status":"","sticky":false,"template":"","format":"standard","meta":{"footnotes":""},"categories":[93],"tags":[8675,1996,168,53813,25,24,693,10349,11346,53812,4596,30,39,5977,23,167],"class_list":{"0":"post-192911","1":"post","2":"type-post","3":"status-publish","4":"format-standard","5":"has-post-thumbnail","7":"category-deportes","8":"tag-cristian","9":"tag-dani","10":"tag-deportes","11":"tag-durmiendo","12":"tag-es","13":"tag-espana","14":"tag-estado","15":"tag-furgoneta","16":"tag-futbolista","17":"tag-guiza","18":"tag-habla","19":"tag-hijo","20":"tag-padre","21":"tag-relacion","22":"tag-spain","23":"tag-sports"},"share_on_mastodon":{"url":"https:\/\/pubeurope.com\/@es\/115415856336118057","error":""},"_links":{"self":[{"href":"https:\/\/www.europesays.com\/es\/wp-json\/wp\/v2\/posts\/192911","targetHints":{"allow":["GET"]}}],"collection":[{"href":"https:\/\/www.europesays.com\/es\/wp-json\/wp\/v2\/posts"}],"about":[{"href":"https:\/\/www.europesays.com\/es\/wp-json\/wp\/v2\/types\/post"}],"author":[{"embeddable":true,"href":"https:\/\/www.europesays.com\/es\/wp-json\/wp\/v2\/users\/2"}],"replies":[{"embeddable":true,"href":"https:\/\/www.europesays.com\/es\/wp-json\/wp\/v2\/comments?post=192911"}],"version-history":[{"count":0,"href":"https:\/\/www.europesays.com\/es\/wp-json\/wp\/v2\/posts\/192911\/revisions"}],"wp:featuredmedia":[{"embeddable":true,"href":"https:\/\/www.europesays.com\/es\/wp-json\/wp\/v2\/media\/192912"}],"wp:attachment":[{"href":"https:\/\/www.europesays.com\/es\/wp-json\/wp\/v2\/media?parent=192911"}],"wp:term":[{"taxonomy":"category","embeddable":true,"href":"https:\/\/www.europesays.com\/es\/wp-json\/wp\/v2\/categories?post=192911"},{"taxonomy":"post_tag","embeddable":true,"href":"https:\/\/www.europesays.com\/es\/wp-json\/wp\/v2\/tags?post=192911"}],"curies":[{"name":"wp","href":"https:\/\/api.w.org\/{rel}","templated":true}]}}