{"id":192915,"date":"2025-10-22T04:12:11","date_gmt":"2025-10-22T04:12:11","guid":{"rendered":"https:\/\/www.europesays.com\/es\/192915\/"},"modified":"2025-10-22T04:12:11","modified_gmt":"2025-10-22T04:12:11","slug":"warner-bros-discovery-dice-que-esta-abierta-a-su-venta-y-sus-acciones-se-disparan-economia-nacional-e-internacional","status":"publish","type":"post","link":"https:\/\/www.europesays.com\/es\/192915\/","title":{"rendered":"Warner Bros Discovery dice que est\u00e1 abierta a su venta y sus acciones se disparan | Econom\u00eda nacional e internacional"},"content":{"rendered":"<p class=\"\">El grupo de televisi\u00f3n y entretenimiento Warner Bros Discovery ha anunciado que ha comenzado a considerar diversos escenarios de acuerdos, incluida la venta de todo o parte del negocio, con distintas empresas, despu\u00e9s de <a href=\"https:\/\/elpais.com\/economia\/2025-09-11\/paramount-skydance-la-compania-del-hijo-de-larry-ellison-prepara-una-oferta-para-comprar-warner-bros.html\" target=\"_self\" rel=\"nofollow noopener\" title=\"https:\/\/elpais.com\/economia\/2025-09-11\/paramount-skydance-la-compania-del-hijo-de-larry-ellison-prepara-una-oferta-para-comprar-warner-bros.html\">recibir muestras de inter\u00e9s no solicitado<\/a>. Las acciones suben casi un 10% en Nueva York.<\/p>\n<p class=\"\">El consejo de administraci\u00f3n del grupo evaluar\u00e1 una amplia gama de opciones estrat\u00e9gicas, incluyendo la de continuar con la separaci\u00f3n planificada de la compa\u00f1\u00eda para mediados de 2026. Tambi\u00e9n estudia la posibilidad de una operaci\u00f3n para la totalidad de la compa\u00f1\u00eda o acuerdos separados para sus unidades Warner Bros y Discovery Global, seg\u00fan inform\u00f3 Warner Bros en un comunicado.<\/p>\n<p class=\"\">A principios de este a\u00f1o, Warner Bros anunci\u00f3 planes para dividirse en dos negocios, uno centrado en televisi\u00f3n por cable y el otro en streaming y estudios de producci\u00f3n. Esta medida busca separar su divisi\u00f3n de streaming, que incluye HBO Max y muestra un r\u00e1pido crecimiento, de las cadenas de cable como TNT y CNN, cuyas operaciones van en declive. \u201cTras recibir el inter\u00e9s de m\u00faltiples partes, hemos iniciado una revisi\u00f3n exhaustiva de alternativas estrat\u00e9gicas para identificar la mejor manera de aprovechar al m\u00e1ximo el valor de nuestros activos\u201d, declar\u00f3 el consejero delegado, David Zaslav, en el comunicado.<\/p>\n<p class=\"\">Paramount Skydance, la compa\u00f1\u00eda de cine y televisi\u00f3n dirigida por <a href=\"https:\/\/elpais.com\/opinion\/2025-09-25\/vuelve-larry-ellison.html\" target=\"_self\" rel=\"nofollow noopener\" title=\"https:\/\/elpais.com\/opinion\/2025-09-25\/vuelve-larry-ellison.html\">el magnate David Ellison<\/a>, ha estado preparando una oferta por Warner Bros, seg\u00fan inform\u00f3 Bloomberg, pero su propuesta inicial de adquisici\u00f3n fue rechazada por ser demasiado baja. Paramount tambi\u00e9n ha discutido la adquisici\u00f3n de Warner Bros con la firma de capital riesgo Apollo Global Management, seg\u00fan fuentes cercanas a las negociaciones. El grupo inversor controla Legendary Entertainment, propietaria de varias franquicias de Warner Bros.<\/p>\n<p class=\"\">Warner Bros sigue creyendo que la separaci\u00f3n planificada \u201ccrear\u00e1 un valor atractivo\u201d, declar\u00f3 Samuel Di Piazza, presidente del consejo de administraci\u00f3n, en el comunicado. \u201cDicho esto, determinamos que tomar estas medidas para ampliar nuestro alcance beneficia a los accionistas\u201d. <\/p>\n<p class=\"\">Ellison busca entrar en la compa\u00f1\u00eda antes de una posible escisi\u00f3n de Warner Bros, mientras que Zaslav ha dejado claro que puede obtener una prima considerable por sus negocios de streaming y estudios una vez que se separen de los canales de cable.<\/p>\n<p class=\"\">Los analistas han mencionado con frecuencia a grandes empresas tecnol\u00f3gicas como Netflix o Apple como posibles compradores interesados, al menos, en el negocio del streaming. Warner Bros \u201cse cre\u00f3 mediante fusiones y adquisiciones y espera salir de ella mediante fusiones y adquisiciones\u201d, declar\u00f3 Ross Benes, analista de Emarketer, en una nota. \u201cLas \u00faltimas fusiones asociadas con Warner han erosionado el valor para los accionistas y han provocado despidos. Sin embargo, las cadenas de televisi\u00f3n, el estudio y el servicio de streaming de la compa\u00f1\u00eda seguir\u00edan teniendo valor para el comprador adecuado\u201d. <\/p>\n<p class=\"\">Warner Bros afirm\u00f3 que no hay una fecha l\u00edmite ni un calendario definitivo para la finalizaci\u00f3n del proceso de revisi\u00f3n de alternativas estrat\u00e9gicas. Allen &amp; Co, JPMorgan Chase &amp; Co. y Evercore act\u00faan como asesores financieros de Warner Bros.<\/p>\n","protected":false},"excerpt":{"rendered":"El grupo de televisi\u00f3n y entretenimiento Warner Bros Discovery ha anunciado que ha comenzado a considerar diversos escenarios&hellip;\n","protected":false},"author":2,"featured_media":192916,"comment_status":"","ping_status":"","sticky":false,"template":"","format":"standard","meta":{"footnotes":""},"categories":[80],"tags":[82,53814,95,94,25,24,2164,42030,19568,16428,23,807,37559],"class_list":{"0":"post-192915","1":"post","2":"type-post","3":"status-publish","4":"format-standard","5":"has-post-thumbnail","7":"category-economia","8":"tag-business","9":"tag-discovery-max","10":"tag-economia","11":"tag-economy","12":"tag-es","13":"tag-espana","14":"tag-medios-comunicacion","15":"tag-medios-comunicacion-internacionales","16":"tag-paramount","17":"tag-plataformas-digitales","18":"tag-spain","19":"tag-television","20":"tag-warner-bros"},"share_on_mastodon":{"url":"https:\/\/pubeurope.com\/@es\/115415872029032027","error":""},"_links":{"self":[{"href":"https:\/\/www.europesays.com\/es\/wp-json\/wp\/v2\/posts\/192915","targetHints":{"allow":["GET"]}}],"collection":[{"href":"https:\/\/www.europesays.com\/es\/wp-json\/wp\/v2\/posts"}],"about":[{"href":"https:\/\/www.europesays.com\/es\/wp-json\/wp\/v2\/types\/post"}],"author":[{"embeddable":true,"href":"https:\/\/www.europesays.com\/es\/wp-json\/wp\/v2\/users\/2"}],"replies":[{"embeddable":true,"href":"https:\/\/www.europesays.com\/es\/wp-json\/wp\/v2\/comments?post=192915"}],"version-history":[{"count":0,"href":"https:\/\/www.europesays.com\/es\/wp-json\/wp\/v2\/posts\/192915\/revisions"}],"wp:featuredmedia":[{"embeddable":true,"href":"https:\/\/www.europesays.com\/es\/wp-json\/wp\/v2\/media\/192916"}],"wp:attachment":[{"href":"https:\/\/www.europesays.com\/es\/wp-json\/wp\/v2\/media?parent=192915"}],"wp:term":[{"taxonomy":"category","embeddable":true,"href":"https:\/\/www.europesays.com\/es\/wp-json\/wp\/v2\/categories?post=192915"},{"taxonomy":"post_tag","embeddable":true,"href":"https:\/\/www.europesays.com\/es\/wp-json\/wp\/v2\/tags?post=192915"}],"curies":[{"name":"wp","href":"https:\/\/api.w.org\/{rel}","templated":true}]}}