{"id":192919,"date":"2025-10-22T04:14:09","date_gmt":"2025-10-22T04:14:09","guid":{"rendered":"https:\/\/www.europesays.com\/es\/192919\/"},"modified":"2025-10-22T04:14:09","modified_gmt":"2025-10-22T04:14:09","slug":"genova-consensuo-con-los-gobiernos-del-pp-el-plante-a-la-peticion-de-sanidad-sobre-los-cribados-de-cancer-espana","status":"publish","type":"post","link":"https:\/\/www.europesays.com\/es\/192919\/","title":{"rendered":"G\u00e9nova consensu\u00f3 con los gobiernos del PP el plante a la petici\u00f3n de Sanidad sobre los cribados de c\u00e1ncer | Espa\u00f1a"},"content":{"rendered":"<p class=\"\">Despu\u00e9s de la crisis <a href=\"https:\/\/elpais.com\/sociedad\/2025-10-21\/las-mujeres-afectadas-por-los-cribados-piden-a-la-fiscalia-que-investigue-la-desaparicion-de-historiales-medicos.html\" target=\"_self\" rel=\"nofollow noopener\" title=\"https:\/\/elpais.com\/sociedad\/2025-10-21\/las-mujeres-afectadas-por-los-cribados-piden-a-la-fiscalia-que-investigue-la-desaparicion-de-historiales-medicos.html\">por los cribados de c\u00e1ncer de mama en Andaluc\u00eda<\/a>, el PP no quiere m\u00e1s problemas en un asunto delicad\u00edsimo y que ha empa\u00f1ado la gesti\u00f3n de uno de sus Gobiernos de mayor peso. Los populares llevan coordin\u00e1ndose desde que estall\u00f3 el esc\u00e1ndalo, revisando sus sistemas de detecci\u00f3n del c\u00e1ncer, y ahora las comunidades del PP han consensuado con G\u00e9nova el plante a la petici\u00f3n del Ministerio de Sanidad de que le faciliten informaci\u00f3n sobre<a href=\"https:\/\/elpais.com\/sociedad\/2025-10-17\/los-fallos-del-cribado-que-acabaron-en-muerte-el-cancer-mata-a-la-gente-a-borbotones-en-andalucia-pero-no-hay-medios.html\" target=\"_self\" rel=\"nofollow noopener\" title=\"https:\/\/elpais.com\/sociedad\/2025-10-17\/los-fallos-del-cribado-que-acabaron-en-muerte-el-cancer-mata-a-la-gente-a-borbotones-en-andalucia-pero-no-hay-medios.html\"> los cribados de c\u00e1ncer de mama, c\u00e9rvix<\/a> y colorrectal en sus territorios. Con distintos argumentos y matices entre s\u00ed, los Gobiernos auton\u00f3micos del PP se oponen a enviar a Sanidad la informaci\u00f3n que se les pide, ante la sospecha del Ministerio de que ocultan datos \u201cmalos\u201d. La negativa del PP tiene una relevante excepci\u00f3n, Andaluc\u00eda, la comunidad donde surgi\u00f3 todo, que se ha desmarcado y ha reclamado que se re\u00fana el Consejo Interterritorial de Salud garantizando que actuar\u00e1 con total transparencia con el Gobierno. <\/p>\n<p>M\u00e1s informaci\u00f3n<\/p>\n<p class=\"\">Las cartas que la mayor\u00eda de consejeros de Sanidad del PP han remitido a la ministra de Sanidad, M\u00f3nica Garc\u00eda, de Sumar, le comunican que no le enviar\u00e1n <a href=\"https:\/\/elpais.com\/sociedad\/2025-10-21\/monica-garcia-acusa-a-las-comunidades-del-pp-de-ocultar-los-datos-de-los-cribados-porque-son-malos-y-muestran-su-incompetencia.html\" target=\"_self\" rel=\"nofollow noopener\" title=\"https:\/\/elpais.com\/sociedad\/2025-10-21\/monica-garcia-acusa-a-las-comunidades-del-pp-de-ocultar-los-datos-de-los-cribados-porque-son-malos-y-muestran-su-incompetencia.html\">los datos que les reclama, y le reprochan la iniciativa<\/a>. \u201cEn ausencia de una obligaci\u00f3n legal o acuerdo formal (&#8230;) esta conseller\u00eda no considera procedente remitir la informaci\u00f3n solicitada en los t\u00e9rminos planteados\u201d, escribe, por ejemplo, la Comunidad Valenciana. \u201cNo vamos a colaborar en una iniciativa que, lejos de contribuir a la mejora y el fortalecimiento de los programas de cribado, parece responder \u00fanicamente a una estrategia de confrontaci\u00f3n pol\u00edtica y a una maniobra destinada a distraer la atenci\u00f3n p\u00fablica de las graves carencias en la gesti\u00f3n sanitaria del propio Ministerio\u201d, abunda el consejero en su misiva a la ministra. <\/p>\n<p class=\"\">La consejera de La Rioja, Mar\u00eda Mart\u00edn de Balde\u00f3n, reprocha tambi\u00e9n a M\u00f3nica Garc\u00eda su \u201coportunismo pol\u00edtico\u201d. \u201cLa preocupaci\u00f3n por la salud de las mujeres, y en general de todos los ciudadanos, requiere de una actitud m\u00e1s seria y responsable que no obedezca a cuestiones de oportunismo pol\u00edtico como lamentablemente estamos viendo en muchas de las acciones que se impulsan desde el Ministerio que diriges\u201d, escribe la consejera a la ministra de Sanidad, a la que tutea en su carta. <\/p>\n<p class=\"\">La dirigente riojana se escuda para no remitir la informaci\u00f3n al argumento de que no est\u00e1 listo el sistema inform\u00e1tico para hacerlo, una idea que repiten varias comunidades del PP. \u201cComo bien conoces\u201d, remacha, \u201cno se ha terminado de desarrollar la plataforma inform\u00e1tica que lo permite, as\u00ed como no se ha finalizado la revisi\u00f3n del documento de consenso del sistema de informaci\u00f3n del programa poblacional de cribado de c\u00e1ncer del Sistema Nacional de Salud\u201d. <\/p>\n<p class=\"\">Pero otros Gobiernos, como el de Madrid, son m\u00e1s expl\u00edcitos en su plante, reconociendo <a href=\"https:\/\/elpais.com\/sociedad\/2025-10-21\/monica-garcia-acusa-a-las-comunidades-del-pp-de-ocultar-los-datos-de-los-cribados-porque-son-malos-y-muestran-su-incompetencia.html\" target=\"_self\" rel=\"nofollow noopener\" title=\"https:\/\/elpais.com\/sociedad\/2025-10-21\/monica-garcia-acusa-a-las-comunidades-del-pp-de-ocultar-los-datos-de-los-cribados-porque-son-malos-y-muestran-su-incompetencia.html\">que no remiten los datos a Sanidad<\/a> no porque no est\u00e9 lista una plataforma inform\u00e1tica, sino sencillamente porque creen que Garc\u00eda los usar\u00e1 en su contra. La consejera de Sanidad de Madrid, F\u00e1tima Matute, admiti\u00f3 este martes que no facilitar\u00e1 la informaci\u00f3n sobre los cribados al Ministerio porque no quiere que \u201cse manipule de forma absolutamente torticera\u201d esos datos. Matute lleg\u00f3 a recriminar a M\u00f3nica Garc\u00eda que adopte desde el Ministerio el papel de \u201ccandidata\u201d al Gobierno regional para \u201catacar\u201d la gesti\u00f3n de las comunidades aut\u00f3nomas. <\/p>\n<p class=\"\">Las autonom\u00edas del PP consensuaron su posici\u00f3n junto con G\u00e9nova, pero el Gobierno andaluz, donde se origin\u00f3 el esc\u00e1ndalo<a href=\"https:\/\/elpais.com\/sociedad\/2025-10-17\/los-fallos-del-cribado-que-acabaron-en-muerte-el-cancer-mata-a-la-gente-a-borbotones-en-andalucia-pero-no-hay-medios.html\" target=\"_self\" rel=\"nofollow noopener\" title=\"https:\/\/elpais.com\/sociedad\/2025-10-17\/los-fallos-del-cribado-que-acabaron-en-muerte-el-cancer-mata-a-la-gente-a-borbotones-en-andalucia-pero-no-hay-medios.html\"> de los fallos en los cribados del c\u00e1ncer de mama<\/a>, se ha desmarcado del plante. El reci\u00e9n elegido consejero andaluz de Sanidad, Antonio Sanz, que accedi\u00f3 al cargo tras la dimisi\u00f3n de la anterior consejera por la crisis, ha propuesto, en cambio, que se re\u00fana de forma extraordinaria el Consejo Interterritorial de Salud. <\/p>\n<p class=\"\">Andaluc\u00eda quiere convocar al \u00f3rgano de coordinaci\u00f3n del Gobierno con las comunidades aut\u00f3nomas para analizar la situaci\u00f3n de los programas de detecci\u00f3n de c\u00e1ncer en todos los territorios, m\u00e1s all\u00e1 del suyo. \u201cEn ning\u00fan caso nos negamos a ofrecer informaci\u00f3n\u201d, remacha adem\u00e1s el consejero andaluz en su carta, en la que reafirma su compromiso de \u201ccolaborar estrechamente con el Ministerio de Sanidad\u201d. El tono de Andaluc\u00eda con el Ministerio es el m\u00e1s suave de todas las autonom\u00edas del PP. <\/p>\n<p class=\"\">Otras comunidades gobernadas por el PP, como Baleares, tambi\u00e9n modulan la respuesta al Gobierno y sostienen que no se niegan a entregar los datos a Sanidad, pero piden que se ponga a punto antes el sistema inform\u00e1tico para hacerlo. Otras, como Arag\u00f3n, no han contestado todav\u00eda al Ministerio. <\/p>\n<p class=\"\">G\u00e9nova, que niega directrices a las autonom\u00edas del PP, sostiene que cada una tiene \u201cla potestad y la autonom\u00eda de incluir los cambios que considere en la carta\u201d. <\/p>\n<p class=\"\">El Gobierno cree, por su parte, que las comunidades del PP se niegan a remitirle los datos de los cribados porque estos no son buenos. \u201cLas comunidades que dicen que no nos van a dar los datos, claramente lo que nos est\u00e1n diciendo es que nos quieren ocultar datos que previsiblemente son malos\u201d,<a href=\"https:\/\/elpais.com\/sociedad\/2025-10-21\/monica-garcia-acusa-a-las-comunidades-del-pp-de-ocultar-los-datos-de-los-cribados-porque-son-malos-y-muestran-su-incompetencia.html\" target=\"_self\" rel=\"nofollow noopener\" title=\"https:\/\/elpais.com\/sociedad\/2025-10-21\/monica-garcia-acusa-a-las-comunidades-del-pp-de-ocultar-los-datos-de-los-cribados-porque-son-malos-y-muestran-su-incompetencia.html\"> sostuvo este martes la ministra de Sanidad en TVE.<\/a> \u201cNosotros, como ministerio, no estamos fiscalizando nada. Estamos dando transparencia a un problema que surgi\u00f3 inicialmente en la Andaluc\u00eda del se\u00f1or Moreno Bonilla, que ha creado una alarma social y una desconfianza hacia todos los programas de cribado\u201d, enfatiz\u00f3 Garc\u00eda, que insisti\u00f3 en que han pedido los datos para \u201cdar tranquilidad\u201d a la ciudadan\u00eda. La Asociaci\u00f3n Espa\u00f1ola contra el C\u00e1ncer (AECC) pidi\u00f3 este martes \u201cconsenso y compromiso\u201d a todos los responsables pol\u00edticos en torno a los datos de los cribados de c\u00e1ncer. <\/p>\n<p class=\"\">El del cribado del c\u00e1ncer no es el \u00fanico conflicto del Gobierno con las comunidades del PP en materia sanitaria. Garc\u00eda mantiene otro abierto con la Comunidad de Madrid por su rechazo a crear el registro de objetores al aborto que reclama la ley. Como en este caso, la ministra de Sanidad ha advertido a las autonom\u00edas populares de que el Ejecutivo utilizar\u00e1 todas las \u201cherramientas legales y administrativas\u201d a su alcance para reclamarles los datos. <\/p>\n","protected":false},"excerpt":{"rendered":"Despu\u00e9s de la crisis por los cribados de c\u00e1ncer de mama en Andaluc\u00eda, el PP no quiere m\u00e1s&hellip;\n","protected":false},"author":2,"featured_media":192920,"comment_status":"","ping_status":"","sticky":false,"template":"","format":"standard","meta":{"footnotes":""},"categories":[8],"tags":[259,4499,17,18,1066,6322,25,24,13,14,11,9739,19,20,205,18571,9,10,15,16,956,1811,23,12,21,22],"class_list":{"0":"post-192919","1":"post","2":"type-post","3":"status-publish","4":"format-standard","5":"has-post-thumbnail","7":"category-espana","8":"tag-andalucia","9":"tag-aragon","10":"tag-breaking-news","11":"tag-breakingnews","12":"tag-cancer","13":"tag-comunidades-autonomas","14":"tag-es","15":"tag-espana","16":"tag-featured-news","17":"tag-featurednews","18":"tag-headlines","19":"tag-la-rioja","20":"tag-latest-news","21":"tag-latestnews","22":"tag-madrid","23":"tag-monica-garcia-gomez","24":"tag-news","25":"tag-noticias","26":"tag-noticias-destacadas","27":"tag-noticiasdestacadas","28":"tag-pp","29":"tag-sanidad","30":"tag-spain","31":"tag-titulares","32":"tag-ultimas-noticias","33":"tag-ultimasnoticias"},"share_on_mastodon":{"url":"https:\/\/pubeurope.com\/@es\/115415879846460733","error":""},"_links":{"self":[{"href":"https:\/\/www.europesays.com\/es\/wp-json\/wp\/v2\/posts\/192919","targetHints":{"allow":["GET"]}}],"collection":[{"href":"https:\/\/www.europesays.com\/es\/wp-json\/wp\/v2\/posts"}],"about":[{"href":"https:\/\/www.europesays.com\/es\/wp-json\/wp\/v2\/types\/post"}],"author":[{"embeddable":true,"href":"https:\/\/www.europesays.com\/es\/wp-json\/wp\/v2\/users\/2"}],"replies":[{"embeddable":true,"href":"https:\/\/www.europesays.com\/es\/wp-json\/wp\/v2\/comments?post=192919"}],"version-history":[{"count":0,"href":"https:\/\/www.europesays.com\/es\/wp-json\/wp\/v2\/posts\/192919\/revisions"}],"wp:featuredmedia":[{"embeddable":true,"href":"https:\/\/www.europesays.com\/es\/wp-json\/wp\/v2\/media\/192920"}],"wp:attachment":[{"href":"https:\/\/www.europesays.com\/es\/wp-json\/wp\/v2\/media?parent=192919"}],"wp:term":[{"taxonomy":"category","embeddable":true,"href":"https:\/\/www.europesays.com\/es\/wp-json\/wp\/v2\/categories?post=192919"},{"taxonomy":"post_tag","embeddable":true,"href":"https:\/\/www.europesays.com\/es\/wp-json\/wp\/v2\/tags?post=192919"}],"curies":[{"name":"wp","href":"https:\/\/api.w.org\/{rel}","templated":true}]}}