{"id":192924,"date":"2025-10-22T04:17:09","date_gmt":"2025-10-22T04:17:09","guid":{"rendered":"https:\/\/www.europesays.com\/es\/192924\/"},"modified":"2025-10-22T04:17:09","modified_gmt":"2025-10-22T04:17:09","slug":"guillermo-hermoso-de-mendoza-inicia-su-temporada-mexicana-2025-2026","status":"publish","type":"post","link":"https:\/\/www.europesays.com\/es\/192924\/","title":{"rendered":"Guillermo Hermoso de Mendoza inicia su temporada mexicana 2025-2026"},"content":{"rendered":"<p>El <strong>rejoneador espa\u00f1ol Guillermo Hermoso de Mendoza<\/strong> iniciar\u00e1 su <strong>temporada mexicana 2025-2026<\/strong>, luego de culminar una <strong>exitosa campa\u00f1a<\/strong> en los <strong>ruedos europeos<\/strong>. Durante su <strong>gira por el viejo continente<\/strong>, el joven estell\u00e9s sum\u00f3 <strong>29 corridas de toros<\/strong>, en las que consigui\u00f3 <strong>49 orejas<\/strong> y <strong>5 rabos<\/strong>, resultados que confirman su <strong>posici\u00f3n como una de las principales figuras del rejoneo contempor\u00e1neo<\/strong>.<\/p>\n<p class=\"has-blue-ova-color has-white-background-color has-text-color has-background\"><strong>TE PUEDE INTERESAR: <a href=\"https:\/\/ovaciones.com\/cruz-azul-deja-escapar-el-triunfo-ante-necaxa-y-baja-al-tercer-lugar-de-la-liga-mx\/\" rel=\"nofollow noopener\" target=\"_blank\">Cruz Azul deja escapar el triunfo ante Necaxa y baja al tercer lugar de la Liga MX<\/a><\/strong><\/p>\n<p>Hijo del reconocido maestro <strong>Pablo Hermoso de Mendoza<\/strong>, <strong>Guillermo<\/strong> ha forjado un <strong>estilo propio<\/strong> que combina el <strong>clasicismo<\/strong> heredado de su padre con una <strong>expresi\u00f3n m\u00e1s actual y din\u00e1mica del toreo a caballo<\/strong>. A su corta edad, ha logrado <strong>consolidarse como un referente de la nueva generaci\u00f3n de rejoneadores<\/strong>, destacando por su <strong>t\u00e9cnica depurada<\/strong>, su <strong>dominio del caballo<\/strong> y la <strong>elegancia de su toreo<\/strong>.<\/p>\n<p>La <strong>temporada mexicana<\/strong> de <strong>Guillermo Hermoso de Mendoza<\/strong> contempla <strong>actuaciones<\/strong> en las <strong>principales plazas de toros del pa\u00eds<\/strong>, entre ellas <strong>San Luis Potos\u00ed, Tlaxcala, Monterrey, Ciudad Ju\u00e1rez, Guadalajara, San Miguel de Allende y M\u00e9rida<\/strong>, adem\u00e1s de otras <strong>localidades<\/strong> que se ir\u00e1n incorporando conforme avance la <strong>campa\u00f1a<\/strong>.<\/p>\n<p>El <strong>rejoneador navarro<\/strong> tiene previsto cumplir alrededor de <strong>40 compromisos taurinos<\/strong> a lo largo de la <strong>temporada<\/strong>, que se desarrollar\u00e1 entre los meses de <strong>noviembre de 2025 y mayo de 2026<\/strong>. Con ello, reafirma su <strong>compromiso con la afici\u00f3n mexicana<\/strong>, una de las m\u00e1s <strong>entusiastas y conocedoras del toreo a caballo<\/strong>, y consolida una <strong>relaci\u00f3n art\u00edstica y emocional<\/strong> que se ha fortalecido a lo largo de los a\u00f1os.<\/p>\n<p><strong>M\u00e9xico<\/strong> ha sido un <strong>escenario clave<\/strong> en la <strong>trayectoria de Hermoso de Mendoza<\/strong>, no solo por la <strong>respuesta del p\u00fablico<\/strong> sino tambi\u00e9n por el <strong>nivel de exigencia de sus plazas<\/strong>. En diversas ocasiones, el <strong>rejoneador<\/strong> ha manifestado su <strong>aprecio por el pa\u00eds y su afici\u00f3n<\/strong>, se\u00f1alando que cada <strong>presentaci\u00f3n en territorio mexicano<\/strong> representa un <strong>reto<\/strong> y una <strong>oportunidad para crecer profesionalmente<\/strong>.<\/p>\n<p>La <strong>temporada 2025-2026<\/strong> marcar\u00e1 una <strong>nueva etapa en su carrera<\/strong>, en la que buscar\u00e1 <strong>continuar su evoluci\u00f3n art\u00edstica<\/strong> y <strong>ampliar su legado dentro del rejoneo<\/strong>. La <strong>gira<\/strong> tambi\u00e9n servir\u00e1 para <strong>presentar nuevas montas<\/strong> y exhibir la <strong>madurez t\u00e9cnica<\/strong> que ha adquirido tras su <strong>experiencia en los cosos europeos<\/strong>.<\/p>\n","protected":false},"excerpt":{"rendered":"El rejoneador espa\u00f1ol Guillermo Hermoso de Mendoza iniciar\u00e1 su temporada mexicana 2025-2026, luego de culminar una exitosa campa\u00f1a&hellip;\n","protected":false},"author":2,"featured_media":192925,"comment_status":"","ping_status":"","sticky":false,"template":"","format":"standard","meta":{"footnotes":""},"categories":[277],"tags":[373,168,25,24,23,167,374],"class_list":{"0":"post-192924","1":"post","2":"type-post","3":"status-publish","4":"format-standard","5":"has-post-thumbnail","7":"category-toreo","8":"tag-bullfighting","9":"tag-deportes","10":"tag-es","11":"tag-espana","12":"tag-spain","13":"tag-sports","14":"tag-toreo"},"share_on_mastodon":{"url":"https:\/\/pubeurope.com\/@es\/115415891483213892","error":""},"_links":{"self":[{"href":"https:\/\/www.europesays.com\/es\/wp-json\/wp\/v2\/posts\/192924","targetHints":{"allow":["GET"]}}],"collection":[{"href":"https:\/\/www.europesays.com\/es\/wp-json\/wp\/v2\/posts"}],"about":[{"href":"https:\/\/www.europesays.com\/es\/wp-json\/wp\/v2\/types\/post"}],"author":[{"embeddable":true,"href":"https:\/\/www.europesays.com\/es\/wp-json\/wp\/v2\/users\/2"}],"replies":[{"embeddable":true,"href":"https:\/\/www.europesays.com\/es\/wp-json\/wp\/v2\/comments?post=192924"}],"version-history":[{"count":0,"href":"https:\/\/www.europesays.com\/es\/wp-json\/wp\/v2\/posts\/192924\/revisions"}],"wp:featuredmedia":[{"embeddable":true,"href":"https:\/\/www.europesays.com\/es\/wp-json\/wp\/v2\/media\/192925"}],"wp:attachment":[{"href":"https:\/\/www.europesays.com\/es\/wp-json\/wp\/v2\/media?parent=192924"}],"wp:term":[{"taxonomy":"category","embeddable":true,"href":"https:\/\/www.europesays.com\/es\/wp-json\/wp\/v2\/categories?post=192924"},{"taxonomy":"post_tag","embeddable":true,"href":"https:\/\/www.europesays.com\/es\/wp-json\/wp\/v2\/tags?post=192924"}],"curies":[{"name":"wp","href":"https:\/\/api.w.org\/{rel}","templated":true}]}}