{"id":192936,"date":"2025-10-22T04:27:10","date_gmt":"2025-10-22T04:27:10","guid":{"rendered":"https:\/\/www.europesays.com\/es\/192936\/"},"modified":"2025-10-22T04:27:10","modified_gmt":"2025-10-22T04:27:10","slug":"libro-sobre-conxo-lleno-al-recordar-los-anos-del-conxo-independiente","status":"publish","type":"post","link":"https:\/\/www.europesays.com\/es\/192936\/","title":{"rendered":"LIBRO SOBRE CONXO | Lleno al recordar los a\u00f1os del Conxo independiente"},"content":{"rendered":"<p class=\"ft-text\"><strong>El ayer late bien fuerte y en presente al hablar de uno de los barrios m\u00e1s se\u00f1eros de <\/strong><a class=\"ft-link ft-link--decoration\" href=\"https:\/\/www.elcorreogallego.es\/santiago\/\" rel=\"nofollow noopener\" target=\"_blank\"><strong>Santiago<\/strong><\/a><strong>, uno que fue tierra vecina de Compostela (entre 1835 y 1925) antes de ser zona anexionada.<\/strong> La presentaci\u00f3n del libro Historia do antigo concello de Conxo, dej\u00f3 peque\u00f1o este martes el sal\u00f3n del centro sociocultural Aurelio Aguirre. Esa obra coral coordinada por el historiador Rafael Garc\u00eda Ferreira, se publica gracias al Consorcio de Santiago y Alvarellos Editora, como parte de la Biblioteca de Divulgaci\u00f3n del Consorcio.<\/p>\n<p>Grupo de trabajo<\/p>\n<p class=\"ft-text\"><strong>Al acto de ayer acudi\u00f3 la alcaldesa, Goretti Sanmart\u00edn, que destac\u00f3 que este volumen colectivo permite \u00abque a xente garde a memoria\u00bb, dijo sobre la labor hecha por especialistas<\/strong> como Francisco Alonso Toucido, Conchi L\u00f3pez S\u00e1nchez, Alfonso Iglesias Amor\u00edn, Noelia Vali\u00f1o V\u00e1zquez, Ana P\u00e9rez Varela, Encarna Otero Cepeda, Miguel Cabo Villaverde, Daniel Lanero T\u00e1boas y Antonio M\u00edguez Macho. Parte de esa autor\u00eda grupal se debe a la labor de integrantes del Centro de Investigaci\u00f3n Interuniversitario das Paisaxes Atl\u00e1nticas Culturais (Cispac), integrado en el Sistema Universitario de Galicia.<\/p>\n<p class=\"ft-text\"><strong>El libro agrupa nuevos trabajos de investigaci\u00f3n e incluye 50 fotograf\u00edas y varios tipos de documentaci\u00f3n hist\u00f3rica.<\/strong> Entre otros datos, el libro indica que Conxo com concello \u00abnunca tivo un asentamento propio para a casa consistorial e a s\u00faa ubicaci\u00f3n variou\u00bb.<\/p>\n<p><img decoding=\"async\" src=\"https:\/\/www.europesays.com\/es\/wp-content\/uploads\/2025\/10\/31572500-9a1f-4207-9472-14c050e01f4f_alta-libre-aspect-ratio_default_0.jpg\" width=\"1200\" height=\"675\" alt=\"Otra vista del centro Aurelio Aguirre donde se present\u00f3 este libro sobre Conxo.\" class=\"ft-helper-img-rd\" loading=\"lazy\" hasdataaida=\"true\"\/><\/p>\n<p class=\"ft-helper-fontColor-quaternary ft-helper-fontSize-body-S ft-helper-spacer-t-xxs\">Otra vista del centro Aurelio Aguirre donde se present\u00f3 este libro sobre Conxo.  \/ Jes\u00fas Prieto \/ Jes\u00c3\u00bas Prieto<\/p>\n<p>M\u00e1s asistentes <\/p>\n<p class=\"ft-text\"><strong>La presentaci\u00f3n tuvo adem\u00e1s la presencia de Jos\u00e9 Antonio Dom\u00ednguez Varela y Juan Conde Roa, gerente y responsable de publicaciones de Consorcio, respectivamente; Henrique Alvarellos, editor<\/strong>; ediles como Mar\u00eda Baleato, Xan Duro, Jos\u00e9 Ram\u00f3n de la Fuente o Mercedes Ros\u00f3n (no adscrita), el ex concejal <a class=\"ft-link ft-link--decoration\" href=\"https:\/\/www.elcorreogallego.es\/santiago\/2024\/10\/31\/luis-pasin-une-santiago-argentina-110938740.html\" rel=\"nofollow noopener\" target=\"_blank\">Luis Pas\u00edn,<\/a> representantes del colectivo vecinal Conxo Aberto como Juan Jes\u00fas Santos Villaverde y Eva Armental Luaces; y activistas socioculturales compostelanos como Carlos Delgado, presidente de la asociaci\u00f3n cultural Rocha Forte, el escritor Lito Vila Baleato, o Carlos Abell\u00e1n Ruiz, presidente de la Asociaci\u00f3n Compostelana de Amigos do Ferrocarril y de la secci\u00f3n espa\u00f1ola de la Asociaci\u00f3n Europea de Ferroviarios (AEC), entre m\u00e1s asistentes.<\/p>\n<p><img decoding=\"async\" src=\"https:\/\/www.europesays.com\/es\/wp-content\/uploads\/2025\/10\/0455fe9a-bc9f-4aff-93cb-0930adafcc32_alta-libre-aspect-ratio_default_0.jpg\" width=\"1200\" height=\"675\" alt=\"Visto del lleno en la presentaci\u00f3n del libro 'Historia do antigo concello de Conxo'\" class=\"ft-helper-img-rd\" loading=\"lazy\" hasdataaida=\"true\"\/><\/p>\n<p class=\"ft-helper-fontColor-quaternary ft-helper-fontSize-body-S ft-helper-spacer-t-xxs\">Visto del lleno en la presentaci\u00f3n del libro &#8216;Historia do antigo concello de Conxo&#8217;  \/ Jes\u00fas Prieto \/ Jes\u00c3\u00bas Prieto<\/p>\n<p>Temas que trata<\/p>\n<p class=\"ft-text\"><strong>Este volumen se suma a un oto\u00f1o lleno de <\/strong><a class=\"ft-link ft-link--decoration\" href=\"https:\/\/www.elcorreogallego.es\/tags\/libros\/\" rel=\"nofollow noopener\" target=\"_blank\"><strong>libros<\/strong><\/a><strong> en Compostela, este en concreto consta de 206 p\u00e1ginas (15,5 x 23 cms.) y cuesta 19,90 euros. Su contenido alude al Banquete de Conxo de 1856, a los movimientos obreros de 1898, <\/strong>a la creaci\u00f3n de la primera l\u00ednea ferroviaria gallega (de Cornes a Carril) y a la iglesia y el conjunto monumental de Santa Mar\u00eda a Real de Conxo&#8230;, aparte de ofrecer apartados sobre el asociacionismo de la \u00e9poca y el papel de las mujeres en aquel concello de Conxo independiente entre 1835 y 1925, un pasado ahora revivido gracias a este volumen que aporta contexto hist\u00f3rico porque \u00abSantiago non se entende sen Conxo\u00bb, subray\u00f3 la alcaldesa.<\/p>\n<p class=\"ft-text\"><a class=\"ft-link ft-link--decoration\" href=\"https:\/\/alvarelloseditora.gal\/wp-content\/uploads\/2025\/09\/Ler-primeiras-paxinas-Historia-antigo-concello-Conxo.pdf\" target=\"_blank\" rel=\"nofollow noopener\">Descargar un fragmento del libro &#8216;Historia do antigo concello de Conxo&#8217;<\/a><\/p>\n","protected":false},"excerpt":{"rendered":"El ayer late bien fuerte y en presente al hablar de uno de los barrios m\u00e1s se\u00f1eros de&hellip;\n","protected":false},"author":2,"featured_media":192937,"comment_status":"","ping_status":"","sticky":false,"template":"","format":"standard","meta":{"footnotes":""},"categories":[172],"tags":[988,224,53829,209,146,147,25,24,701,225,5586,15443,2450,23],"class_list":{"0":"post-192936","1":"post","2":"type-post","3":"status-publish","4":"format-standard","5":"has-post-thumbnail","7":"category-libros","8":"tag-anos","9":"tag-books","10":"tag-conxo","11":"tag-cultura","12":"tag-entertainment","13":"tag-entretenimiento","14":"tag-es","15":"tag-espana","16":"tag-independiente","17":"tag-libros","18":"tag-lleno","19":"tag-recordar","20":"tag-santiago","21":"tag-spain"},"share_on_mastodon":{"url":"https:\/\/pubeurope.com\/@es\/115415931143578119","error":""},"_links":{"self":[{"href":"https:\/\/www.europesays.com\/es\/wp-json\/wp\/v2\/posts\/192936","targetHints":{"allow":["GET"]}}],"collection":[{"href":"https:\/\/www.europesays.com\/es\/wp-json\/wp\/v2\/posts"}],"about":[{"href":"https:\/\/www.europesays.com\/es\/wp-json\/wp\/v2\/types\/post"}],"author":[{"embeddable":true,"href":"https:\/\/www.europesays.com\/es\/wp-json\/wp\/v2\/users\/2"}],"replies":[{"embeddable":true,"href":"https:\/\/www.europesays.com\/es\/wp-json\/wp\/v2\/comments?post=192936"}],"version-history":[{"count":0,"href":"https:\/\/www.europesays.com\/es\/wp-json\/wp\/v2\/posts\/192936\/revisions"}],"wp:featuredmedia":[{"embeddable":true,"href":"https:\/\/www.europesays.com\/es\/wp-json\/wp\/v2\/media\/192937"}],"wp:attachment":[{"href":"https:\/\/www.europesays.com\/es\/wp-json\/wp\/v2\/media?parent=192936"}],"wp:term":[{"taxonomy":"category","embeddable":true,"href":"https:\/\/www.europesays.com\/es\/wp-json\/wp\/v2\/categories?post=192936"},{"taxonomy":"post_tag","embeddable":true,"href":"https:\/\/www.europesays.com\/es\/wp-json\/wp\/v2\/tags?post=192936"}],"curies":[{"name":"wp","href":"https:\/\/api.w.org\/{rel}","templated":true}]}}