{"id":192954,"date":"2025-10-22T04:38:16","date_gmt":"2025-10-22T04:38:16","guid":{"rendered":"https:\/\/www.europesays.com\/es\/192954\/"},"modified":"2025-10-22T04:38:16","modified_gmt":"2025-10-22T04:38:16","slug":"los-privilegios-de-nicolas-sarkozy-en-la-carcel-celda-individual-visitas-de-carla-bruni-tres-veces-por-semana-y-telefono","status":"publish","type":"post","link":"https:\/\/www.europesays.com\/es\/192954\/","title":{"rendered":"Los privilegios de Nicolas Sarkozy en la c\u00e1rcel: celda individual, visitas de Carla Bruni tres veces por semana y tel\u00e9fono"},"content":{"rendered":"<p><img alt=\"Nicolas Sarkozy y su esposa,\" class=\"global-image\" decoding=\"async\" fetchpriority=\"high\" height=\"3772\" loading=\"eager\" src=\"https:\/\/www.europesays.com\/es\/wp-content\/uploads\/2025\/10\/XVJ65QNHPFDRZG7T3EOUOQUHGY.JPG\" width=\"5658\"\/>Nicolas Sarkozy y su esposa, Carla Bruni-Sarkozy, el d\u00eda de su entrada en prisi\u00f3n (REUTERS\/Benoit Tessier)<\/p>\n<p class=\"paragraph\">El expresidente de <b>Francia<\/b>, <b>Nicolas Sarkozy<\/b>, ha ingresado este martes, 21 de octubre, en la <a rel=\"noopener noreferrer nofollow\" href=\"https:\/\/www.infobae.com\/america\/mundo\/2025\/10\/21\/asi-es-la-sante-la-prision-de-paris-en-la-que-cumple-condena-sarkozy-como-es-el-sector-de-los-vulnerables-donde-fue-destinado-el-ex-presidente\/\" target=\"_blank\" title=\"https:\/\/www.infobae.com\/america\/mundo\/2025\/10\/21\/asi-es-la-sante-la-prision-de-paris-en-la-que-cumple-condena-sarkozy-como-es-el-sector-de-los-vulnerables-donde-fue-destinado-el-ex-presidente\/\">prisi\u00f3n de La Sant\u00e9<\/a>, ubicada en el centro de <b>Par\u00eds<\/b>. Le Monde y Le Parisien detallaron que periodistas y reporteros gr\u00e1ficos procedentes de distintos pa\u00edses se dieron cita desde temprano tanto ante la residencia del exmandatario como a las puertas del centro penitenciario, con el objetivo de documentar la imagen hist\u00f3rica del primer presidente de la <b>V Rep\u00fablica Francesa<\/b> que <a rel=\"noopener noreferrer nofollow\" href=\"https:\/\/www.infobae.com\/espana\/2025\/10\/21\/la-emotiva-carta-de-despedida-de-carla-bruni-a-nicolas-sarkozy-antes-de-su-entrada-en-prision-la-historia-de-amor-de-la-cantante-y-el-expresidente\/\" target=\"_self\" title=\"https:\/\/www.infobae.com\/espana\/2025\/10\/21\/la-emotiva-carta-de-despedida-de-carla-bruni-a-nicolas-sarkozy-antes-de-su-entrada-en-prision-la-historia-de-amor-de-la-cantante-y-el-expresidente\/\">entra en la c\u00e1rcel<\/a>.<\/p>\n<p class=\"paragraph\">Sarkozy, quien ocup\u00f3 la presidencia entre 2007 y 2012, cumple una condena de un a\u00f1o de prisi\u00f3n efectiva, tal como estableci\u00f3 recientemente el Tribunal de Casaci\u00f3n tras el fallo por los <b>delitos de corrupci\u00f3n y tr\u00e1fico de influencias<\/b> en el denominado \u201ccaso de las escuchas\u201d. Diversos medios, entre ellos Le Monde, han subrayado que el antiguo jefe de Estado se encuentra <b>apartado del resto de internos<\/b>, dentro de un m\u00f3dulo especial dise\u00f1ado para reclusos de alto perfil o con necesidades espec\u00edficas de seguridad.<\/p>\n<p><img alt=\"Nicolas Sarkozy (REUTERS\/Sarah Meyssonnier)\" class=\"global-image\" decoding=\"async\" fetchpriority=\"low\" height=\"1602\" loading=\"lazy\" src=\"https:\/\/www.europesays.com\/es\/wp-content\/uploads\/2025\/10\/U242ELT2ERH63IH4JXJPQ22GJI.JPG\" width=\"2400\"\/>Nicolas Sarkozy (REUTERS\/Sarah Meyssonnier)<\/p>\n<p class=\"paragraph\">Seg\u00fan public\u00f3 Le Parisien, Nicolas Sarkozy ocupa una celda individual que dispone de <b>ducha privada<\/b>, <b>escritorio, televisor y una l\u00ednea telef\u00f3nica<\/b> sometida a controles estrictos. \u201cEl m\u00f3dulo en el que se encuentra, destinado a reclusos de alto perfil o con necesidades de seguridad espec\u00edficas, cuenta con vigilancia permanente y un r\u00e9gimen de movimientos restringido, pero ofrece mayor privacidad y confort que el de los presos ordinarios\u201d, explican fuentes penitenciarias citadas por el diario. Estas condiciones, consideradas <b>excepcionales en el sistema penitenciario franc\u00e9s<\/b>, removieron el debate p\u00fablico sobre la existencia de privilegios para los l\u00edderes pol\u00edticos.<\/p>\n<p class=\"paragraph\">El entorno pr\u00f3ximo de Sarkozy defendi\u00f3 su ubicaci\u00f3n y r\u00e9gimen carcelario especial como una \u201cmedida de seguridad l\u00f3gica\u201d, aduciendo la notoriedad p\u00fablica del expresidente y los posibles riesgos que acarrear\u00eda su convivencia con otros reclusos. Algunos sectores pol\u00edticos y parte de la opini\u00f3n p\u00fablica han interpretado, en contraste, que el trato recibido por Sarkozy confirma la existencia de <b>beneficios exclusivos para exdirigentes <\/b>dentro del sistema judicial franc\u00e9s, seg\u00fan reflej\u00f3 Le Monde.<\/p>\n<p><img alt=\"Nicolas Sarkozy y su esposa,\" class=\"global-image\" decoding=\"async\" fetchpriority=\"low\" height=\"1798\" loading=\"lazy\" src=\"https:\/\/www.europesays.com\/es\/wp-content\/uploads\/2025\/10\/U45MUZHCGJHKPKAVAZFQ4EQU7E.JPG\" width=\"2621\"\/>Nicolas Sarkozy y su esposa, Carla Bruni-Sarkozy, el d\u00eda de su entrada en prisi\u00f3n (REUTERS\/Sarah Meyssonnier)<\/p>\n<p class=\"paragraph\">A diferencia de la mayor\u00eda de los internos, Sarkozy <b>no comparte ni duchas ni espacios comunes<\/b>. Dispone de un espacio privado destinado a actividad f\u00edsica y puede recibir correspondencia y visitas tres veces por semana, incluyendo las de su esposa <b>Carla Bruni<\/b> y las de su equipo legal, seg\u00fan especifica la cobertura de Le Parisien. El resto de los aproximadamente 700 reclusos de La Sant\u00e9 suelen afrontar <b>condiciones de vida m\u00e1s estrictas<\/b>, con celdas colectivas y servicios b\u00e1sicos compartidos, debido a la saturaci\u00f3n cr\u00f3nica en las prisiones francesas, aunque el recinto fue renovado en 2019 para adecuarse a est\u00e1ndares europeos de derechos humanos.<\/p>\n<p class=\"paragraph\">El propio expresidente mantiene su posici\u00f3n y <b>contin\u00faa sosteniendo \u201csu inocencia\u201d<\/b>. Adem\u00e1s, ha anunciado la presentaci\u00f3n de un <b>recurso ante el Tribunal Europeo de Derechos Humanos<\/b>. Ha reiterado sus cr\u00edticas hacia el <a rel=\"noopener noreferrer nofollow\" href=\"https:\/\/www.infobae.com\/economist\/2025\/10\/21\/nicolas-sarkozy-el-primer-expresidente-frances-encarcelado-desde-el-mariscal-petain\/\" target=\"_blank\" title=\"https:\/\/www.infobae.com\/economist\/2025\/10\/21\/nicolas-sarkozy-el-primer-expresidente-frances-encarcelado-desde-el-mariscal-petain\/\">proceso judicial que lo llev\u00f3 a prisi\u00f3n<\/a>, afirmando que es v\u00edctima de una \u201cpersecuci\u00f3n judicial sin precedentes motivada por razones pol\u00edticas\u201d, seg\u00fan recogieron Le Monde y Le Parisien.<\/p>\n","protected":false},"excerpt":{"rendered":"Nicolas Sarkozy y su esposa, Carla Bruni-Sarkozy, el d\u00eda de su entrada en prisi\u00f3n (REUTERS\/Benoit Tessier) El expresidente&hellip;\n","protected":false},"author":2,"featured_media":192955,"comment_status":"","ping_status":"","sticky":false,"template":"","format":"standard","meta":{"footnotes":""},"categories":[5],"tags":[17,18,11892,45640,25,24,406,13,14,5638,11,19,20,17067,9,10,15,16,23,12,21,22],"class_list":{"0":"post-192954","1":"post","2":"type-post","3":"status-publish","4":"format-standard","5":"has-post-thumbnail","7":"category-titulares","8":"tag-breaking-news","9":"tag-breakingnews","10":"tag-crime","11":"tag-domestic-politics","12":"tag-es","13":"tag-espana","14":"tag-europe","15":"tag-featured-news","16":"tag-featurednews","17":"tag-government-politics","18":"tag-headlines","19":"tag-latest-news","20":"tag-latestnews","21":"tag-law-enforcement","22":"tag-news","23":"tag-noticias","24":"tag-noticias-destacadas","25":"tag-noticiasdestacadas","26":"tag-spain","27":"tag-titulares","28":"tag-ultimas-noticias","29":"tag-ultimasnoticias"},"share_on_mastodon":{"url":"https:\/\/pubeurope.com\/@es\/115415974318467677","error":""},"_links":{"self":[{"href":"https:\/\/www.europesays.com\/es\/wp-json\/wp\/v2\/posts\/192954","targetHints":{"allow":["GET"]}}],"collection":[{"href":"https:\/\/www.europesays.com\/es\/wp-json\/wp\/v2\/posts"}],"about":[{"href":"https:\/\/www.europesays.com\/es\/wp-json\/wp\/v2\/types\/post"}],"author":[{"embeddable":true,"href":"https:\/\/www.europesays.com\/es\/wp-json\/wp\/v2\/users\/2"}],"replies":[{"embeddable":true,"href":"https:\/\/www.europesays.com\/es\/wp-json\/wp\/v2\/comments?post=192954"}],"version-history":[{"count":0,"href":"https:\/\/www.europesays.com\/es\/wp-json\/wp\/v2\/posts\/192954\/revisions"}],"wp:featuredmedia":[{"embeddable":true,"href":"https:\/\/www.europesays.com\/es\/wp-json\/wp\/v2\/media\/192955"}],"wp:attachment":[{"href":"https:\/\/www.europesays.com\/es\/wp-json\/wp\/v2\/media?parent=192954"}],"wp:term":[{"taxonomy":"category","embeddable":true,"href":"https:\/\/www.europesays.com\/es\/wp-json\/wp\/v2\/categories?post=192954"},{"taxonomy":"post_tag","embeddable":true,"href":"https:\/\/www.europesays.com\/es\/wp-json\/wp\/v2\/tags?post=192954"}],"curies":[{"name":"wp","href":"https:\/\/api.w.org\/{rel}","templated":true}]}}