{"id":192957,"date":"2025-10-22T04:40:13","date_gmt":"2025-10-22T04:40:13","guid":{"rendered":"https:\/\/www.europesays.com\/es\/192957\/"},"modified":"2025-10-22T04:40:13","modified_gmt":"2025-10-22T04:40:13","slug":"el-debate-sobre-la-tauromaquia-una-batalla-cultural-y-politica-que-divide-a-la-izquierda-cultura","status":"publish","type":"post","link":"https:\/\/www.europesays.com\/es\/192957\/","title":{"rendered":"El debate sobre la tauromaquia, una batalla cultural y pol\u00edtica que divide a la izquierda | Cultura"},"content":{"rendered":"<p class=\"\">El debate ni se pudo celebrar. Pero, casi dos semanas despu\u00e9s, a\u00fan se habla de ello. Y lo que queda. <a href=\"https:\/\/elpais.com\/cultura\/2025-10-07\/el-congreso-rechaza-debatir-la-derogacion-de-la-proteccion-cultural-a-los-toros-con-la-abstencion-decisiva-del-psoe.html\" target=\"_self\" rel=\"nofollow noopener\" title=\"https:\/\/elpais.com\/cultura\/2025-10-07\/el-congreso-rechaza-debatir-la-derogacion-de-la-proteccion-cultural-a-los-toros-con-la-abstencion-decisiva-del-psoe.html\">El martes 7 de octubre el Congreso rechaz\u00f3 la toma en consideraci\u00f3n<\/a> de una Iniciativa Legislativa Popular (ILP) para retirarle la protecci\u00f3n cultural nacional a la tauromaquia. Es decir, los diputados <a href=\"https:\/\/elpais.com\/cultura\/2025-10-07\/el-congreso-rechaza-debatir-la-derogacion-de-la-proteccion-cultural-a-los-toros-con-la-abstencion-decisiva-del-psoe.html\" target=\"_self\" rel=\"nofollow noopener\" title=\"https:\/\/elpais.com\/cultura\/2025-10-07\/el-congreso-rechaza-debatir-la-derogacion-de-la-proteccion-cultural-a-los-toros-con-la-abstencion-decisiva-del-psoe.html\">prefirieron tumbar el asunto sin discutirlo siquiera, <\/a>con la abstenci\u00f3n decisiva del principal partido de Gobierno, el PSOE. Y, de paso, hicieron o\u00eddos sordos a 664.777 voces ciudadanas, tantas como las firmas que avalaban la propuesta. En la sede de la democracia, la conversaci\u00f3n sobre las corridas de toros fue vetada. Ni el Parlamento, sin embargo, puede impedir que contin\u00fae en la calle. <\/p>\n<p>M\u00e1s informaci\u00f3n<\/p>\n<p class=\"\">Toda una <a href=\"https:\/\/elpais.com\/cultura\/el-toro-por-los-cuernos\/2025-10-10\/sorpresa-mayuscula-la-tauromaquia-seguira-siendo-patrimonio-cultural-de-espana.html\" target=\"_self\" rel=\"nofollow noopener\" title=\"https:\/\/elpais.com\/cultura\/el-toro-por-los-cuernos\/2025-10-10\/sorpresa-mayuscula-la-tauromaquia-seguira-siendo-patrimonio-cultural-de-espana.html\">alegr\u00eda para la derecha y el sector taurino<\/a>, que ha salido reforzado de una encrucijada cr\u00edtica. \u201cHemos pasado de estar proscritos por casi todos a ir con m\u00e1s ilusi\u00f3n\u201d, resume Sabino Guti\u00e9rrez Ba\u00f1ares, expresidente del club taurino <a href=\"https:\/\/www.clubcocherito.com\/\" target=\"_self\" rel=\"nofollow noopener\" title=\"https:\/\/www.clubcocherito.com\/\">Cocherito de Bilbao<\/a>, el m\u00e1s importante de Espa\u00f1a. \u201c\u00bfQui\u00e9nes son ellos para decidir qu\u00e9 es cultura y qu\u00e9 no es? El animalismo quiere la cancelaci\u00f3n de todo lo que no les guste\u00bb, ataca Antonio Ba\u00f1uelos, presidente de la Real Uni\u00f3n de Criadores de Toros de Lidia. <\/p>\n<p><img decoding=\"auto\" class=\"_re lazyload a_m-h\" height=\"276\"  width=\"414\"  src=\"https:\/\/www.europesays.com\/es\/wp-content\/uploads\/2025\/10\/DE2JI56QBRDCNCZPYOJ4UDX4FI.jpg\" loading=\"lazy\"\/>Morante de la Puebla, en el festejo taurino de la Feria de Oto\u00f1o celebradoen la plaza de Las Ventas, en el que se retir\u00f3.Borja S\u00e1nchez-Trillo (EFE)<\/p>\n<p class=\"\">Su alivio se mezcla con<a href=\"https:\/\/elpais.com\/cultura\/2025-10-14\/pedro-sanchez-reconoce-que-la-tauromaquia-no-es-un-tema-resuelto-dentro-del-psoe.html\" target=\"_self\" rel=\"nofollow noopener\" title=\"https:\/\/elpais.com\/cultura\/2025-10-14\/pedro-sanchez-reconoce-que-la-tauromaquia-no-es-un-tema-resuelto-dentro-del-psoe.html\"> la indignaci\u00f3n de la Comisi\u00f3n Promotora de la ILP,<\/a> que vio ninguneado en una tarde el esfuerzo de meses y denuncia la \u201ctraici\u00f3n\u201d de los socialistas; o con la promesa del socio minoritario del Ejecutivo, Sumar, de no \u201cperdonar\u201d lo sucedido y resucitar la iniciativa. <a href=\"https:\/\/elpais.com\/cultura\/2025-10-14\/pedro-sanchez-reconoce-que-la-tauromaquia-no-es-un-tema-resuelto-dentro-del-psoe.html\" target=\"_self\" rel=\"nofollow noopener\" title=\"https:\/\/elpais.com\/cultura\/2025-10-14\/pedro-sanchez-reconoce-que-la-tauromaquia-no-es-un-tema-resuelto-dentro-del-psoe.html\">Hasta el presidente, Pedro S\u00e1nchez, se vio obligado a intervenir:<\/a> reconoci\u00f3 la semana pasada en una entrevista que \u201cno es un tema resuelto en el PSOE\u201d. <\/p>\n<p class=\"\">En realidad, confirm\u00f3 una evidencia. O, m\u00e1s bien, dos: <a href=\"https:\/\/elpais.com\/cultura\/2025-10-07\/el-congreso-rechaza-debatir-la-derogacion-de-la-proteccion-cultural-a-los-toros-con-la-abstencion-decisiva-del-psoe.html\" target=\"_self\" rel=\"nofollow noopener\" title=\"https:\/\/elpais.com\/cultura\/2025-10-07\/el-congreso-rechaza-debatir-la-derogacion-de-la-proteccion-cultural-a-los-toros-con-la-abstencion-decisiva-del-psoe.html\">tambi\u00e9n queda claro que el asunto se antoja complejo y enredado<\/a>. Toca a Goya y Lorca, al raciocinio y las entra\u00f1as. Donde unos denuncian crueldad, verg\u00fcenza y subvenciones infladas, otros ven \u00e9pica, orgullo identitario y resistencia. El domingo 12 de octubre, pocos d\u00edas despu\u00e9s de la votaci\u00f3n de la ILP, el <a href=\"https:\/\/elpais.com\/cultura\/2025-10-13\/morante-de-la-puebla-el-artista-misterioso.html\" target=\"_self\" rel=\"nofollow noopener\" title=\"https:\/\/elpais.com\/cultura\/2025-10-13\/morante-de-la-puebla-el-artista-misterioso.html\">torero Jos\u00e9 Antonio Morante de la Puebla<\/a> dedic\u00f3 su inesperada retirada de los ruedos a Santiago Abascal, l\u00edder de la formaci\u00f3n extremista Vox: \u201cPor todo lo que haces por nosotros. Viva Espa\u00f1a\u201d. El bando animalista va ganando fuerza: <a href=\"https:\/\/elpais.com\/clima-y-medio-ambiente\/2025-02-27\/siete-de-cada-diez-espanoles-rechazan-las-corridas-de-toros.html\" target=\"_self\" rel=\"nofollow noopener\" title=\"https:\/\/elpais.com\/clima-y-medio-ambiente\/2025-02-27\/siete-de-cada-diez-espanoles-rechazan-las-corridas-de-toros.html\">el 77% de la poblaci\u00f3n rechaza las corridas de toros<\/a>, seg\u00fan un informe publicado en febrero por la Fundaci\u00f3n BBVA. Perdi\u00f3, aun as\u00ed, ante otro movimiento al alza: la presunta defensa del alma espa\u00f1ola. <\/p>\n<p class=\"\">Juan Antonio Carrillo Donaire se aventura por un terreno menos explorado: el que est\u00e1 entre las dos trincheras. Catedr\u00e1tico de Derecho Administrativo en la Universidad de Sevilla y aficionado a los espect\u00e1culos, matiza: \u201c<a href=\"https:\/\/elpais.com\/cultura\/2025-10-07\/el-congreso-rechaza-debatir-la-derogacion-de-la-proteccion-cultural-a-los-toros-con-la-abstencion-decisiva-del-psoe.html\" target=\"_self\" rel=\"nofollow noopener\" title=\"https:\/\/elpais.com\/cultura\/2025-10-07\/el-congreso-rechaza-debatir-la-derogacion-de-la-proteccion-cultural-a-los-toros-con-la-abstencion-decisiva-del-psoe.html\">Lo peor que le ha pasado a la fiesta es ese escoramiento<\/a> hacia posiciones pol\u00edticas enfrentadas. Desde el propio mundo taurino hay un enfoque pernicioso. La estrategia de protecci\u00f3n es err\u00f3nea: no creo que sea patrimonio nacional, sino una manifestaci\u00f3n cultural concreta arraigada en ciertos territorios. No hay identificaci\u00f3n en un c\u00e1ntabro o un gallego, que puede vivir todo esto incluso como una agresi\u00f3n\u201d. <\/p>\n<p><img decoding=\"auto\" class=\"_re lazyload a_m-h\" height=\"276\"  width=\"414\"  src=\"https:\/\/www.europesays.com\/es\/wp-content\/uploads\/2025\/10\/1761108012_854_NWNVBGHDDVHH3DDI4IC7YI4QPQ.jpg\" loading=\"lazy\"\/>Miembros de la comisi\u00f3n promotora de la ILP &#8216;No es mi cultura&#8217;, ante el Congreso de los Diputados, el pasado mes de febrero.J.J. Guill\u00e9n Efe<\/p>\n<p class=\"\"><a href=\"https:\/\/www.cultura.gob.es\/dam\/jcr:f6d9b66a-ac72-4d89-8986-7f6c6e94aaa5\/encuesta-de-habitos-y-practicas-cultures-en-espana-2024-2025.pdf\" target=\"_self\" rel=\"nofollow noopener\" title=\"https:\/\/www.cultura.gob.es\/dam\/jcr:f6d9b66a-ac72-4d89-8986-7f6c6e94aaa5\/encuesta-de-habitos-y-practicas-cultures-en-espana-2024-2025.pdf\">La Encuesta de H\u00e1bitos y Pr\u00e1cticas publicada el 8 de octubre por el Ministerio de Cultura<\/a> aporta cifras a este argumento. La asistencia al menos una vez al a\u00f1o a espect\u00e1culos taurinos sigue en el 8% \u2015un 5,9% a corridas de toros, novillos o rejones\u2015, igual que antes de la pandemia. Se dispara, sin embargo, al 30% en Navarra o La Rioja. Y las franjas de edad m\u00e1s aficionadas se encuentran entre 45 y 64 a\u00f1os y, sobre todo, entre 15 y 24. Pese a que <a href=\"https:\/\/elpais.com\/tag\/onu_organizacion_naciones_unidas\/a\" rel=\"nofollow noopener\" target=\"_blank\">el Comit\u00e9 de los Derechos de los Ni\u00f1os de la ONU<\/a> recomend\u00f3 a Espa\u00f1a prohibir la asistencia a menores de 18, el acceso se sigue permitiendo a partir de 14 a\u00f1os. <\/p>\n<p class=\"\">La tauromaquia resulta <a href=\"https:\/\/www.cultura.gob.es\/dam\/jcr:f6d9b66a-ac72-4d89-8986-7f6c6e94aaa5\/encuesta-de-habitos-y-practicas-cultures-en-espana-2024-2025.pdf\" target=\"_self\" rel=\"nofollow noopener\" title=\"https:\/\/www.cultura.gob.es\/dam\/jcr:f6d9b66a-ac72-4d89-8986-7f6c6e94aaa5\/encuesta-de-habitos-y-practicas-cultures-en-espana-2024-2025.pdf\">la actividad cultural que m\u00e1s rechazo genera<\/a>: un 68% afirma que le interesa entre 0 y 2, un porcentaje que supera el 80% en Catalu\u00f1a, Galicia o Canarias. Aunque, en el extremo opuesto, el fragmento de poblaci\u00f3n que le otorga un inter\u00e9s m\u00e1ximo es el 6,4% a nivel nacional, pero casi el doble en Castilla-La Mancha, Castilla y Le\u00f3n o Extremadura. Algo parecido ocurre con los festejos: en 2023 hubo 1.474, m\u00e1s que antes de la pandemia. La aplastante mayor\u00eda, eso s\u00ed, se concentr\u00f3 entre Madrid, Castilla-La Mancha, Castilla y Le\u00f3n y Andaluc\u00eda. \u201cEs minoritaria, pero existe, y donde tiene arraigo tampoco es tan minoritaria\u201d, apunta Guti\u00e9rrez Ba\u00f1ares. Por eso <a href=\"https:\/\/elpais.com\/cultura\/2025-10-14\/pedro-sanchez-reconoce-que-la-tauromaquia-no-es-un-tema-resuelto-dentro-del-psoe.html\" target=\"_self\" rel=\"nofollow noopener\" title=\"https:\/\/elpais.com\/cultura\/2025-10-14\/pedro-sanchez-reconoce-que-la-tauromaquia-no-es-un-tema-resuelto-dentro-del-psoe.html\">la abstenci\u00f3n del PSOE tambi\u00e9n se ha explicado en clave regional<\/a>: por el temor al coste que habr\u00eda supuesto en las elecciones de 2026 en Andaluc\u00eda un s\u00ed a la ILP. Y eso que solo se votaba la toma en consideraci\u00f3n: a la iniciativa le hubiese quedado por delante un recorrido parlamentario incierto, dif\u00edcil y contra reloj. <\/p>\n<p class=\"\">Pese a tanta diversidad geogr\u00e1fica, hace 12 a\u00f1os, el entonces Gobierno conservador del PP prefiri\u00f3 blindar la tauromaquia a nivel estatal \u2015con otra sonada abstenci\u00f3n del PSOE\u2015 a trav\u00e9s de la ley 18\/2013, a\u00fan en vigor. Establece que \u201cforma parte del patrimonio cultural digno de protecci\u00f3n en todo el territorio nacional\u201d. <a href=\"https:\/\/www.boe.es\/buscar\/act.php?id=BOE-A-2013-11837\" rel=\"nofollow noopener\" title=\"https:\/\/www.boe.es\/buscar\/act.php?id=BOE-A-2013-11837\" target=\"_blank\">Y<\/a> que \u201clos poderes p\u00fablicos garantizar\u00e1n su conservaci\u00f3n y promover\u00e1n su enriquecimiento\u201d. <a href=\"https:\/\/elpais.com\/cultura\/2025-10-07\/el-congreso-rechaza-debatir-la-derogacion-de-la-proteccion-cultural-a-los-toros-con-la-abstencion-decisiva-del-psoe.html\" rel=\"nofollow noopener\" title=\"https:\/\/elpais.com\/cultura\/2025-10-07\/el-congreso-rechaza-debatir-la-derogacion-de-la-proteccion-cultural-a-los-toros-con-la-abstencion-decisiva-del-psoe.html\" target=\"_blank\">La ILP reci\u00e9n descartada pretend\u00eda derogar esa normativa, por un doble motivo<\/a>: el maltrato animal y la devoluci\u00f3n de competencias a las comunidades aut\u00f3nomas. Su idea era que cada poder local decida si quiere prohibir, mantener o fomentar las corridas de toros. \u201cCreo que va a ser el punto de llegada a la larga\u201d, agrega Carillo Donaire. <\/p>\n<p><img decoding=\"auto\" class=\"_re lazyload a_m-h\" height=\"277\"  width=\"414\"  src=\"https:\/\/www.europesays.com\/es\/wp-content\/uploads\/2025\/10\/NVWJZVHOKBIRZBFQ6AXIICD43M.jpg\" loading=\"lazy\"\/>El octavo y \u00faltimo encierro de los Sanfermines de 2025. Daniel Fern\u00e1ndez (EFE)<\/p>\n<p class=\"\">A\u00efda Gasc\u00f3n, miembro de la Comisi\u00f3n Promotora de la ILP, promete seguir luchando por ello. Tienen agendadas reuniones con Sumar y otros partidos que les apoyaron, para estudiar los pr\u00f3ximos pasos. \u201cLos primeros d\u00edas fueron duros. Nos sentimos decepcionados y traicionados por el PSOE. Y por el funcionamiento de la pol\u00edtica: muchas ILP ni siquiera llegan al debate, tampoco una tan respaldada como la nuestra. Es un insulto a la ciudadan\u00eda. Adem\u00e1s, por ley se compensan los gastos del proceso hasta 300.000 euros, que es lo que les va a costar al Congreso y a todos, sin que se haya ni tramitado\u201d, lamenta. De las 154 ILP presentadas desde 1984, solo dos fueron avaladas por el Congreso, con modificaciones, y otras dos quedaron incorporadas en otras normas. Precisamente la ley 18\/2013, de protecci\u00f3n del toreo, vino impulsada por otra iniciativa popular, que puso en marcha <a href=\"https:\/\/elpais.com\/politica\/2012\/03\/22\/actualidad\/1332420896_634433.html\" rel=\"nofollow noopener\" target=\"_blank\">la Federaci\u00f3n de Entidades Taurinas de Catalu\u00f1a<\/a> en 2012.<\/p>\n<p class=\"\">Dos a\u00f1os antes, Catalu\u00f1a hab\u00eda abolido las corridas de toros en su territorio \u2015ah\u00ed los socialistas se dividieron: tres a favor de la prohibici\u00f3n, 32 en contra\u2015. La medida, sin embargo, <a href=\"https:\/\/elpais.com\/politica\/2016\/11\/08\/actualidad\/1478630543_939368.html\" target=\"_self\" rel=\"nofollow noopener\" title=\"https:\/\/elpais.com\/politica\/2016\/11\/08\/actualidad\/1478630543_939368.html\">fue anulada por el Tribunal Constitucional <\/a>en 2016, porque entretanto el Gobierno del PP hab\u00eda aprobado justamente la ley que reconoc\u00eda protecci\u00f3n nacional a la tauromaquia. <a href=\"https:\/\/elpais.com\/cultura\/2018\/12\/20\/actualidad\/1545328247_885103.html\" target=\"_self\" rel=\"nofollow noopener\" title=\"https:\/\/elpais.com\/cultura\/2018\/12\/20\/actualidad\/1545328247_885103.html\">Y la corte neg\u00f3 su visto bueno tambi\u00e9n cuando Baleares<\/a> \u2015con el impulso a favor del PSOE\u2015 modific\u00f3 los espect\u00e1culos en 2017, para evitar la muerte del animal: no se pod\u00edan cambiar las caracter\u00edsticas centrales de un fen\u00f3meno blindado por el Estado. <\/p>\n<p class=\"\">De ah\u00ed que empezara a brotar el movimiento para derogar la ley 18\/2013, <a href=\"https:\/\/elpais.com\/cultura\/2025-10-07\/el-congreso-rechaza-debatir-la-derogacion-de-la-proteccion-cultural-a-los-toros-con-la-abstencion-decisiva-del-psoe.html\" target=\"_self\" rel=\"nofollow noopener\" title=\"https:\/\/elpais.com\/cultura\/2025-10-07\/el-congreso-rechaza-debatir-la-derogacion-de-la-proteccion-cultural-a-los-toros-con-la-abstencion-decisiva-del-psoe.html\">naufragado ahora ante el primer escollo parlamentario. P<\/a>ese al respaldo de toda la izquierda, y del nacionalismo vasco, catal\u00e1n y gallego. Y con el rechazo de PP, Vox y Uni\u00f3n del Pueblo Navarro, motivado entre otras cosas por la fiesta de los sanfermines. \u201cLo consideramos una censura, la tauromaquia no tiene ideolog\u00eda. M\u00e1s de un 60% de los municipios, de todos los colores pol\u00edticos, desarrolla festejos\u201d, declaraba antes de la votaci\u00f3n Mar\u00eda Soledad Cruz Guzm\u00e1n Garc\u00eda, portavoz popular contra de la ILP. <a href=\"https:\/\/elpais.com\/cultura\/2025-10-14\/pedro-sanchez-reconoce-que-la-tauromaquia-no-es-un-tema-resuelto-dentro-del-psoe.html\" target=\"_self\" rel=\"nofollow noopener\" title=\"https:\/\/elpais.com\/cultura\/2025-10-14\/pedro-sanchez-reconoce-que-la-tauromaquia-no-es-un-tema-resuelto-dentro-del-psoe.html\">El \u00fanico partido dividido, as\u00ed, result\u00f3 ser el PSOE. Pudo dejar libertad de voto. <\/a>En su lugar, opt\u00f3 por un \u201cni\u201d. <\/p>\n<p><img decoding=\"auto\" class=\"_re lazyload a_m-h\" height=\"290\"  width=\"414\"  src=\"https:\/\/www.europesays.com\/es\/wp-content\/uploads\/2025\/10\/1761108013_964_DMLXB3HGTBOC5OB5OCOW5LN4QU.jpg\" loading=\"lazy\"\/>El diputado de Sumar Nahuel Gonz\u00e1lez muestra una foto de un toro en una corrida en su intervenci\u00f3n en el Congreso de los Diputados.Eduardo Parra (Europa Press)<\/p>\n<p class=\"\"><a href=\"https:\/\/elpais.com\/cultura\/2025-10-14\/pedro-sanchez-reconoce-que-la-tauromaquia-no-es-un-tema-resuelto-dentro-del-psoe.html\" target=\"_self\" rel=\"nofollow noopener\" title=\"https:\/\/elpais.com\/cultura\/2025-10-14\/pedro-sanchez-reconoce-que-la-tauromaquia-no-es-un-tema-resuelto-dentro-del-psoe.html\">S\u00e1nchez lo motiv\u00f3 as\u00ed: \u201cHay militantes que est\u00e1n a favor, otros que est\u00e1n en contra, como la sociedad espa\u00f1ola\u201d<\/a>. Y record\u00f3 que su Ejecutivo reforz\u00f3 por ley la protecci\u00f3n legal a los animales, lo que, por otro lado, deja a los toros como llamativa excepci\u00f3n. El partido minoritario del Gobierno, Sumar, siempre lo tuvo m\u00e1s claro: <a href=\"https:\/\/elpais.com\/cultura\/2024-05-03\/el-ministerio-de-cultura-elimina-el-premio-nacional-de-tauromaquia.html\" target=\"_self\" rel=\"nofollow noopener\" title=\"https:\/\/elpais.com\/cultura\/2024-05-03\/el-ministerio-de-cultura-elimina-el-premio-nacional-de-tauromaquia.html\">su portavoz y ministro de Cultura, Ernest Urtasun, cancel\u00f3 el a\u00f1o pasado el Premio Nacional de Tauromaquia<\/a>, que se entregaba desde 2013, con dotaci\u00f3n de 30.000 euros. Y Nahuel Gonz\u00e1lez, portavoz de Sumar en este \u00e1mbito, sostiene ahora: \u201cEl brutal bloqueo del PSOE est\u00e1 teniendo una repercusi\u00f3n medi\u00e1tica enorme, hasta el punto de que el propio presidente se ha visto obligado \u2014de forma torpe y a la defensiva\u2014 a intentar justificar lo injustificable. Entre los socialistas percib\u00ed que la decisi\u00f3n no la tomaban ellos, sino barones auton\u00f3micos, Ferraz [la sede central], poderes de fuera. Esa abstenci\u00f3n les humill\u00f3, les oblig\u00f3 a desdecirse p\u00fablicamente de algo que su grupo parlamentario ya hab\u00eda apoyado. Por parte de los diputados animalistas del PSOE vi una tristeza absoluta. Este es un punto de inflexi\u00f3n que no vamos a perdonar\u201d. <\/p>\n<p class=\"\">El fil\u00f3sofo Jos\u00e9 Ortega y Gasset sostuvo que era \u201cimposible comprender\u201d la historia de Espa\u00f1a sin conocer la del toreo. Dif\u00edcil decir si la frase a\u00fan vale. Lo cierto es que supone una anomal\u00eda: Francia, donde hay mucha afici\u00f3n en el sur del pa\u00eds y algunas ferias importantes, y Portugal, donde en la mayor\u00eda de los lugares no se mata a los toros, son los otros dos pa\u00edses en Europa que admiten las corridas. Al otro lado del oc\u00e9ano tambi\u00e9n quedan M\u00e9xico o Per\u00fa, mientras <a href=\"https:\/\/elpais.com\/america-colombia\/2024-05-28\/el-congreso-colombiano-aprueba-la-prohibicion-de-las-corridas-de-toros.html\" target=\"_self\" rel=\"nofollow noopener\" title=\"https:\/\/elpais.com\/america-colombia\/2024-05-28\/el-congreso-colombiano-aprueba-la-prohibicion-de-las-corridas-de-toros.html\">que Colombia las acaba de prohibir<\/a>. Ninguno, eso s\u00ed, las vive como Espa\u00f1a. Por eso Carrillo Donaire invita a mirar hacia el exterior: \u201cEn Francia ves a alcaldes comunistas yendo a los toros. No hay politizaci\u00f3n porque el punto de partida es otro, se protegen desde el derecho de las minor\u00edas, frente a un sentimiento mayoritario contrario. Est\u00e1 claro que hoy la cultura dominante es el animalismo. Pero, para una persona que se ha criado en ese mundo, abolirlo significa atacar a sus creencias\u201d. <\/p>\n<p class=\"\">En el Congreso, a falta del debate, las intervenciones previas a la votaci\u00f3n ofrecieron m\u00e1s pistas. <a href=\"https:\/\/elpais.com\/cultura\/2025-09-23\/la-propuesta-popular-contra-la-tauromaquia-empieza-un-complicado-tramite-en-el-congreso-que-el-psoe-tendra-que-resolver.html\" rel=\"nofollow noopener\" title=\"https:\/\/elpais.com\/cultura\/2025-09-23\/la-propuesta-popular-contra-la-tauromaquia-empieza-un-complicado-tramite-en-el-congreso-que-el-psoe-tendra-que-resolver.html\" target=\"_blank\">Unos citaron a Benito P\u00e9rez Gald\u00f3s, Clara Campoamor<\/a> o la carta en la que la antrop\u00f3loga Jane Goodall escribi\u00f3: \u201cSi fuera un toro no querr\u00eda formar parte de este espect\u00e1culo\u201d.<a href=\"https:\/\/elpais.com\/cultura\/2025-09-23\/la-propuesta-popular-contra-la-tauromaquia-empieza-un-complicado-tramite-en-el-congreso-que-el-psoe-tendra-que-resolver.html\" rel=\"nofollow noopener\" title=\"https:\/\/elpais.com\/cultura\/2025-09-23\/la-propuesta-popular-contra-la-tauromaquia-empieza-un-complicado-tramite-en-el-congreso-que-el-psoe-tendra-que-resolver.html\" target=\"_blank\"> Otros movilizaron a Picasso<\/a>, Goya, Hemingway o una de las frases m\u00e1s citadas de Garc\u00eda Lorca, sobre la tauromaquia como \u201cla fiesta m\u00e1s culta del mundo\u201d. Cuando Gonz\u00e1lez, de Sumar, afirm\u00f3 desde la tribuna que \u201cel llamado toro bravo no es una especie salvaje ni en peligro de extinci\u00f3n, sino una raza ganadera domesticada creada por el ser humano\u201d, el diputado de Vox Joaqu\u00edn Robles L\u00f3pez le interrumpi\u00f3 a gritos. \u201cEl toro bravo posee un instinto natural de lucha que hace que su comportamiento sea en muchas ocasiones impredecible. Su manejo en el campo requiere de gran preparaci\u00f3n y conocimiento. Es una raza aut\u00f3ctona singular, la raza de razas, y si no hubiera festejos taurinos desaparecer\u00eda\u201d, responde el presidente de la Real Uni\u00f3n de Criadores de Toros de Lidia.<\/p>\n<p><img decoding=\"auto\" class=\"_re lazyload a_m-h\" height=\"276\"  width=\"414\"  src=\"https:\/\/www.europesays.com\/es\/wp-content\/uploads\/2025\/10\/W4CH7OGWUJIOHC4BZEB6YOYLOY.jpg\" loading=\"lazy\"\/>Morante de la Puebla, en el centro, el pasado 11 de octubre en la inauguraci\u00f3n de la estatua de Anto\u00f1ete frente a la puerta grande de Las Ventas.<br \/>\nDaniel Gonz\u00e1lez (EFE)<\/p>\n<p class=\"\">En el debate parlamentario, la ganader\u00eda brill\u00f3 por su ausencia. Y eso que, sin ella, no habr\u00eda tauromaquia: la organizaci\u00f3n que preside Ba\u00f1uelos cuenta con 342 empresas afiliadas. Y estima en Espa\u00f1a 61.800 vacas reproductoras y un censo total de la raza de lidia de 148.013 animales. \u201cLas m\u00e1s de 900 ganader\u00edas de bravo que se distribuyen entre Espa\u00f1a, Francia y Portugal ocupan m\u00e1s de 500.000 hect\u00e1reas y generan m\u00e1s de 14.000 empleos directos en la llamada Espa\u00f1a Vac\u00eda\u201d, presume Ba\u00f1uelos. Su relevancia pone a todos de acuerdo: hasta el sue\u00f1o de Sumar de un pa\u00eds sin corridas de toros prev\u00e9 un plan de transici\u00f3n para garantizar el trabajo de esas familias. \u201cLos costes de producci\u00f3n del toro bravo oscilan entre los 5.000 y los 6.000 euros aproximados. La de lidia es la raza que dispone de mayor extensificaci\u00f3n para el desarrollo de su crianza. El beneficio, cuando lo hay, es muy reducido. Estamos aqu\u00ed por la afici\u00f3n y amor que tenemos al toro bravo\u201d, reivindica Ba\u00f1uelos. <\/p>\n<p class=\"\">De todos modos, Sabino Gonz\u00e1lez expresa dudas sobre los enfrentamientos pol\u00edticos m\u00e1s vistosos: \u201cMe da la sensaci\u00f3n de que hay bastante incoherencia y una cierta pose hacia el exterior, o hacia el posible colectivo de votantes. En poblaciones peque\u00f1as donde hay tradici\u00f3n sigue habiendo festejos taurinos y la corporaci\u00f3n municipal a veces <a href=\"https:\/\/elpais.com\/cultura\/2025-10-07\/el-congreso-rechaza-debatir-la-derogacion-de-la-proteccion-cultural-a-los-toros-con-la-abstencion-decisiva-del-psoe.html\" target=\"_self\" rel=\"nofollow noopener\" title=\"https:\/\/elpais.com\/cultura\/2025-10-07\/el-congreso-rechaza-debatir-la-derogacion-de-la-proteccion-cultural-a-los-toros-con-la-abstencion-decisiva-del-psoe.html\">es de Bildu [que vot\u00f3 a favor de la ILP]<\/a>, como en Azpeitia\u201d. Pamplona tambi\u00e9n cuenta con un alcalde del partido independentista vasco. Y, a la vez, con un indiscutible apego a la tauromaquia, como muestran cada a\u00f1o los encierros de San Ferm\u00edn. Hoy la derecha ha forjado una alianza a golpes de respaldo p\u00fablico y subvenciones con la tauromaquia, que le rinde pleites\u00eda en sus plazas. Pero hace cuatro d\u00e9cadas fascinaban a la Movida, de alma contracultural y progresista. Y Anto\u00f1ete hizo historia del toreo desde la izquierda: por la mano que usaba, pero tambi\u00e9n por su ideolog\u00eda. <a href=\"https:\/\/elpais.com\/cultura\/2025-10-12\/inaugurado-el-monumento-a-antonete-en-la-explanada-de-las-ventas.html\" target=\"_self\" rel=\"nofollow noopener\" title=\"https:\/\/elpais.com\/cultura\/2025-10-12\/inaugurado-el-monumento-a-antonete-en-la-explanada-de-las-ventas.html\">Hace unos d\u00edas, le dedicaron un monumento<\/a> en la madrile\u00f1a plaza de la Ventas. El encargado de desvelarlo fue Morante de la Puebla, uno de los m\u00e1s afines a Vox. <\/p>\n<p class=\"\">Ciertas visiones, sin embargo, parecen irreconciliables. \u201cEs una forma de maltrato animal evidente, cruenta, totalmente inadmisible en la mayor\u00eda de pa\u00edses del mundo\u201d, dice A\u00efda Gasc\u00f3n. Por eso Gonz\u00e1lez sacudi\u00f3 durante su intervenci\u00f3n en el Congreso la foto de un toro ensangrentado. \u201cObviamente, no es maltrato. Lo es descontextualizar a un animal de su h\u00e1bitat y meterlo en un piso de unos pocos metros cuadrados. Los ganaderos de bravo nos desvivimos por el toro\u201d, contrasta Ba\u00f1uelos. \u201cLas corridas tienen una intensidad y capacidad de transmisi\u00f3n de emoci\u00f3n y belleza como ning\u00fan otro espect\u00e1culo\u201d, apunta Sabino Guti\u00e9rrez Ba\u00f1ares. El expresidente del club Cocherito s\u00ed admite que hay partes mejorables: provocar menos heridas al animal durante la faena, o evitar dilatar de forma innecesaria sus \u00faltimos minutos. El debate sobre la tauromaquia, en cambio, parece destinado a durar. Y eso tambi\u00e9n, de alguna forma, habla de Espa\u00f1a. <\/p>\n","protected":false},"excerpt":{"rendered":"El debate ni se pudo celebrar. Pero, casi dos semanas despu\u00e9s, a\u00fan se habla de ello. Y lo&hellip;\n","protected":false},"author":2,"featured_media":192958,"comment_status":"","ping_status":"","sticky":false,"template":"","format":"standard","meta":{"footnotes":""},"categories":[277],"tags":[373,209,168,25,24,1485,3728,1392,6476,45929,11860,47898,23,167,374,2487,444],"class_list":{"0":"post-192957","1":"post","2":"type-post","3":"status-publish","4":"format-standard","5":"has-post-thumbnail","7":"category-toreo","8":"tag-bullfighting","9":"tag-cultura","10":"tag-deportes","11":"tag-es","12":"tag-espana","13":"tag-ferias-taurinas","14":"tag-las-ventas","15":"tag-morante-de-la-puebla","16":"tag-patrimonio-cultural","17":"tag-patrimonio-cultural-inmaterial","18":"tag-plazas-toros","19":"tag-politica-cultural","20":"tag-spain","21":"tag-sports","22":"tag-toreo","23":"tag-toreros","24":"tag-toros"},"share_on_mastodon":{"url":"https:\/\/pubeurope.com\/@es\/115415982144113075","error":""},"_links":{"self":[{"href":"https:\/\/www.europesays.com\/es\/wp-json\/wp\/v2\/posts\/192957","targetHints":{"allow":["GET"]}}],"collection":[{"href":"https:\/\/www.europesays.com\/es\/wp-json\/wp\/v2\/posts"}],"about":[{"href":"https:\/\/www.europesays.com\/es\/wp-json\/wp\/v2\/types\/post"}],"author":[{"embeddable":true,"href":"https:\/\/www.europesays.com\/es\/wp-json\/wp\/v2\/users\/2"}],"replies":[{"embeddable":true,"href":"https:\/\/www.europesays.com\/es\/wp-json\/wp\/v2\/comments?post=192957"}],"version-history":[{"count":0,"href":"https:\/\/www.europesays.com\/es\/wp-json\/wp\/v2\/posts\/192957\/revisions"}],"wp:featuredmedia":[{"embeddable":true,"href":"https:\/\/www.europesays.com\/es\/wp-json\/wp\/v2\/media\/192958"}],"wp:attachment":[{"href":"https:\/\/www.europesays.com\/es\/wp-json\/wp\/v2\/media?parent=192957"}],"wp:term":[{"taxonomy":"category","embeddable":true,"href":"https:\/\/www.europesays.com\/es\/wp-json\/wp\/v2\/categories?post=192957"},{"taxonomy":"post_tag","embeddable":true,"href":"https:\/\/www.europesays.com\/es\/wp-json\/wp\/v2\/tags?post=192957"}],"curies":[{"name":"wp","href":"https:\/\/api.w.org\/{rel}","templated":true}]}}