{"id":19297,"date":"2025-08-01T20:44:05","date_gmt":"2025-08-01T20:44:05","guid":{"rendered":"https:\/\/www.europesays.com\/es\/19297\/"},"modified":"2025-08-01T20:44:05","modified_gmt":"2025-08-01T20:44:05","slug":"us-open-2025-alcaraz-se-sincera-sobre-su-rivalidad-con-sinner-y-ya-piensa-en-el-ultimo-grand-slam-del-curso-en-nueva-york-se-crea-una-relacion","status":"publish","type":"post","link":"https:\/\/www.europesays.com\/es\/19297\/","title":{"rendered":"US Open 2025 | Alcaraz se sincera sobre su rivalidad con Sinner y ya piensa en el \u00faltimo Grand Slam del curso en Nueva York: \u00abSe crea una relaci\u00f3n\u00bb"},"content":{"rendered":"<p>Carlos ya piensa en <b data-testid=\"body-text-bold\">Nueva York<\/b> dejando atr\u00e1s la amarga derrota en <b data-testid=\"body-text-bold\">Wimbledon <\/b>ante <b data-testid=\"body-text-bold\">Jannik Sinner<\/b>: \u00abDisfrut\u00e9 much\u00edsimo compitiendo en <b data-testid=\"body-text-bold\">Wimbledon <\/b>otra vez. Es un lugar especial. <b data-testid=\"body-text-bold\">Tengo ganas de volver el a\u00f1o que viene, pero despu\u00e9s de recargar las pilas, empiezo a trabajar para la pr\u00f3xima gira del US Open<\/b>\u00ab, dijo en una amplia entrevista en la revista <a class=\"text-action-onLight-05 hover:text-action-onLight-05-hover active:text-action-onLight-05-pressed hover:underline active:underline\" data-analytics-id=\"textlink\" target=\"_blank\" rel=\"noopener nofollow\" data-testid=\"atom-textlink\" href=\"https:\/\/www.ft.com\/content\/c904a7d4-272e-4b06-a03d-62c8ac644663\">Financial Times<\/a>.<\/p>\n","protected":false},"excerpt":{"rendered":"Carlos ya piensa en Nueva York dejando atr\u00e1s la amarga derrota en Wimbledon ante Jannik Sinner: \u00abDisfrut\u00e9 much\u00edsimo&hellip;\n","protected":false},"author":2,"featured_media":19298,"comment_status":"","ping_status":"","sticky":false,"template":"","format":"standard","meta":{"footnotes":""},"categories":[274],"tags":[168,25,24,23,167,327,326,11861],"class_list":{"0":"post-19297","1":"post","2":"type-post","3":"status-publish","4":"format-standard","5":"has-post-thumbnail","7":"category-tenis","8":"tag-deportes","9":"tag-es","10":"tag-espana","11":"tag-spain","12":"tag-sports","13":"tag-tenis","14":"tag-tennis","15":"tag-us-open-masculino"},"share_on_mastodon":{"url":"","error":""},"_links":{"self":[{"href":"https:\/\/www.europesays.com\/es\/wp-json\/wp\/v2\/posts\/19297","targetHints":{"allow":["GET"]}}],"collection":[{"href":"https:\/\/www.europesays.com\/es\/wp-json\/wp\/v2\/posts"}],"about":[{"href":"https:\/\/www.europesays.com\/es\/wp-json\/wp\/v2\/types\/post"}],"author":[{"embeddable":true,"href":"https:\/\/www.europesays.com\/es\/wp-json\/wp\/v2\/users\/2"}],"replies":[{"embeddable":true,"href":"https:\/\/www.europesays.com\/es\/wp-json\/wp\/v2\/comments?post=19297"}],"version-history":[{"count":0,"href":"https:\/\/www.europesays.com\/es\/wp-json\/wp\/v2\/posts\/19297\/revisions"}],"wp:featuredmedia":[{"embeddable":true,"href":"https:\/\/www.europesays.com\/es\/wp-json\/wp\/v2\/media\/19298"}],"wp:attachment":[{"href":"https:\/\/www.europesays.com\/es\/wp-json\/wp\/v2\/media?parent=19297"}],"wp:term":[{"taxonomy":"category","embeddable":true,"href":"https:\/\/www.europesays.com\/es\/wp-json\/wp\/v2\/categories?post=19297"},{"taxonomy":"post_tag","embeddable":true,"href":"https:\/\/www.europesays.com\/es\/wp-json\/wp\/v2\/tags?post=19297"}],"curies":[{"name":"wp","href":"https:\/\/api.w.org\/{rel}","templated":true}]}}