{"id":193019,"date":"2025-10-22T05:22:10","date_gmt":"2025-10-22T05:22:10","guid":{"rendered":"https:\/\/www.europesays.com\/es\/193019\/"},"modified":"2025-10-22T05:22:10","modified_gmt":"2025-10-22T05:22:10","slug":"estado-de-emergencia-en-lima-y-callao-que-actividades-necesitan-permiso-desde-esta-medianoche-segun-decreto-supremo","status":"publish","type":"post","link":"https:\/\/www.europesays.com\/es\/193019\/","title":{"rendered":"Estado de emergencia en Lima y Callao: \u00bfQu\u00e9 actividades necesitan permiso desde esta medianoche, seg\u00fan decreto supremo?"},"content":{"rendered":"<p><img alt=\"El estado de emergencia en\" class=\"global-image\" decoding=\"async\" fetchpriority=\"high\" height=\"3667\" loading=\"eager\" src=\"https:\/\/www.europesays.com\/es\/wp-content\/uploads\/2025\/10\/XROCUCI53ZBEHAO4PNONZWBJ2A.JPG\" width=\"5500\"\/>El estado de emergencia en Lima Metropolitana y el Callao regir\u00e1 durante 30 d\u00edas a partir de la medianoche<\/p>\n<p class=\"paragraph\">Desde <a href=\"https:\/\/www.infobae.com\/peru\/2025\/10\/22\/jose-jeri-declara-estado-de-emergencia-en-lima-metropolitana-y-callao-pero-no-anuncia-las-medidas-que-implementara\/\" target=\"_blank\" rel=\"noreferrer nofollow noopener\" title=\"https:\/\/www.infobae.com\/peru\/2025\/10\/22\/jose-jeri-declara-estado-de-emergencia-en-lima-metropolitana-y-callao-pero-no-anuncia-las-medidas-que-implementara\/\">de la medianoche de este mi\u00e9rcoles<\/a> rige el estado de emergencia en Lima Metropolitana y en la provincia portuaria del Callao, una medida que restringe algunas actividades y limita ciertos derechos constitucionales por un periodo de 30 d\u00edas.<\/p>\n<p class=\"paragraph\">La disposici\u00f3n, anunciada por el presidente interino <b>Jos\u00e9 Jer\u00ed<\/b> y formalizada a trav\u00e9s del\u00a0Decreto Supremo N.\u00ba 124-2025-PCM publicada en el diario oficial El Peruano, otorga a la\u00a0<b>Polic\u00eda Nacional<\/b> (PNP) la responsabilidad del control del orden interno en ambas jurisdicciones, con el apoyo de las\u00a0Fuerzas Armadas.<\/p>\n<p class=\"paragraph\">El documento ordena controles puntuales para combatir delitos y situaciones violentas y limita, mientras est\u00e9 vigente la medida, garant\u00edas como la libertad individual, la seguridad personal, la inviolabilidad del domicilio, la reuni\u00f3n y la circulaci\u00f3n.<\/p>\n<p class=\"paragraph\"><a href=\"https:\/\/www.infobae.com\/peru\/2025\/10\/21\/poder-judicial-admite-recurso-para-liberar-a-policia-investigado-por-asesinato-del-musico-eduardo-ruiz-saenz-trvco\/\" target=\"_blank\" rel=\"noreferrer nofollow noopener\" title=\"https:\/\/www.infobae.com\/peru\/2025\/10\/21\/poder-judicial-admite-recurso-para-liberar-a-policia-investigado-por-asesinato-del-musico-eduardo-ruiz-saenz-trvco\/\">La organizaci\u00f3n de actos p\u00fablicos<\/a> atraviesa modificaciones significativas, ya que, a partir de ahora, cualquier evento masivo de tipo religioso, cultural, deportivo u otra actividad similar solo podr\u00e1 realizarse si se presenta una solicitud de permiso, tal como establece el art\u00edculo 4 del Nuevo Reglamento de Inspecciones T\u00e9cnicas de Seguridad en Edificaciones.<\/p>\n<p><img alt=\"Toda actividad masiva de tipo\" class=\"global-image\" decoding=\"async\" fetchpriority=\"low\" height=\"1800\" loading=\"lazy\" src=\"https:\/\/www.europesays.com\/es\/wp-content\/uploads\/2025\/10\/EGB6HZHFL5BHZGWPDT5RDJC7IY.JPG\" width=\"2700\"\/>Toda actividad masiva de tipo religioso, cultural o deportivo deber\u00e1 contar con permiso previo de las autoridades<\/p>\n<p class=\"paragraph\">De acuerdo con esta normativa, las autoridades locales revisar\u00e1n establecimientos que operen con o sin licencia de funcionamiento, as\u00ed como los espect\u00e1culos p\u00fablicos, deportivos y no deportivos, con especial atenci\u00f3n a aquellos que concentren hasta tres mil asistentes.<\/p>\n<p class=\"paragraph\"><b>En tanto, las reuniones o eventos no masivos pueden realizarse sin requerir autorizaci\u00f3n previa<\/b>. Debido a estas disposiciones, algunos especialistas se\u00f1alan que la declaratoria de emergencia apunta a frenar posibles manifestaciones antigubernamentales, como la protesta programada para este s\u00e1bado 25.<\/p>\n<p class=\"paragraph\">El <a href=\"https:\/\/www.infobae.com\/peru\/2025\/10\/21\/estado-de-emergencia-en-lima-renzo-reggiardo-pide-al-gobierno-medidas-firmes-contra-el-crimen-y-evaluar-el-toque-de-queda\/\" target=\"_blank\" rel=\"noreferrer nofollow noopener\" title=\"https:\/\/www.infobae.com\/peru\/2025\/10\/21\/estado-de-emergencia-en-lima-renzo-reggiardo-pide-al-gobierno-medidas-firmes-contra-el-crimen-y-evaluar-el-toque-de-queda\/\">patrullaje en \u00e1reas clave incluye paraderos<\/a>, estaciones del metro y activos estrat\u00e9gicos. Seg\u00fan el decreto, se realizar\u00e1n operativos de b\u00fasqueda y captura de personas con requisitoria, as\u00ed como controles de identidad en la v\u00eda p\u00fablica, inmuebles y veh\u00edculos. Los procedimientos podr\u00e1n requerir el descerraje en inmuebles, conforme a los informes oficiales.<\/p>\n<p class=\"paragraph\">El documento proh\u00edbe que dos adultos viajen juntos en motos lineales y establece el traslado a dep\u00f3sitos de todo veh\u00edculo con papeles falsificados o placas que no permitan su adecuada identificaci\u00f3n. Los controles incluyen decomisos de armas, municiones, explosivos y pirot\u00e9cnicos ilegales, as\u00ed como inspecciones sobre la fabricaci\u00f3n y comercializaci\u00f3n de productos pirot\u00e9cnicos.<\/p>\n<p class=\"paragraph\"><a href=\"https:\/\/www.infobae.com\/peru\/2025\/10\/22\/estado-de-emergencia-en-lima-y-callao-regira-desde-hoy-estas-son-las-principales-medidas-que-se-aplicaran-por-30-dias\/\" target=\"_blank\" rel=\"noreferrer nofollow noopener\" title=\"https:\/\/www.infobae.com\/peru\/2025\/10\/22\/estado-de-emergencia-en-lima-y-callao-regira-desde-hoy-estas-son-las-principales-medidas-que-se-aplicaran-por-30-dias\/\">El Sistema de Inteligencia Nacional <\/a>har\u00e1 pruebas de confiabilidad con pol\u00edgrafo al personal del Instituto Nacional Penitenciario (INPE) y a servidores que determine el Consejo Nacional de Seguridad Ciudadana. Se establecen adem\u00e1s operativos para fiscalizar insumos qu\u00edmicos utilizados en la elaboraci\u00f3n de drogas.<\/p>\n<p><img alt=\"El decreto proh\u00edbe el tr\u00e1nsito\" class=\"global-image\" decoding=\"async\" fetchpriority=\"low\" height=\"1080\" loading=\"lazy\" src=\"https:\/\/www.europesays.com\/es\/wp-content\/uploads\/2025\/10\/OX7ZLX5A2RFFDBAKSHK7EQX6GM.jpg\" width=\"1920\"\/>El decreto proh\u00edbe el tr\u00e1nsito de dos adultos en motos lineales y ordena remitir a dep\u00f3sitos los veh\u00edculos con documentos falsificados o placas ilegibles<\/p>\n<p class=\"paragraph\">En materia judicial, el decreto fortalece las unidades de flagrancia para mejorar la respuesta judicial inmediata y otorga medidas de seguridad especiales a fiscales y jueces involucrados en casos de criminalidad. <\/p>\n<p class=\"paragraph\">La expresidenta Dina Boluarte, antecesora de Jer\u00ed, adopt\u00f3 medidas similares que no lograron resultados favorables frente al aumento de la <b>delincuencia y el crimen organizado<\/b>.<\/p>\n<p class=\"paragraph\">El mandatario inform\u00f3 la decisi\u00f3n en un contexto marcado por la <a href=\"https:\/\/www.infobae.com\/peru\/2025\/10\/17\/generacion-z-quienes-son-los-jovenes-y-por-que-lidera-las-nuevas-movilizaciones-en-peru\/\" target=\"_blank\" rel=\"noreferrer nofollow noopener\" title=\"https:\/\/www.infobae.com\/peru\/2025\/10\/17\/generacion-z-quienes-son-los-jovenes-y-por-que-lidera-las-nuevas-movilizaciones-en-peru\/\">movilizaci\u00f3n de la \u2018Generaci\u00f3n Z<\/a>\u2019, que tom\u00f3 el espacio p\u00fablico bajo la insignia de One Piece como emblema de oposici\u00f3n al crimen organizado y a la crisis institucional. <\/p>\n<p class=\"paragraph\">Las fuerzas de seguridad respondieron con acciones que resultaron en m\u00e1s de 100 heridos, tanto entre civiles como agentes, adem\u00e1s de una v\u00edctima fatal (Eduardo Mauricio Ruiz, un rapero de 32 a\u00f1os). <\/p>\n<p class=\"paragraph\">El comandante general de la PNP,<b> \u00d3scar Arriola<\/b>, confirm\u00f3 que el autor del disparo que mat\u00f3 al m\u00fasico, conocido como \u2018Trvco\u2019, fue el suboficial Luis Magallanes, quien se encuentra internado en un hospital por politraumatismo y fue notificado all\u00ed de su detenci\u00f3n.<\/p>\n","protected":false},"excerpt":{"rendered":"El estado de emergencia en Lima Metropolitana y el Callao regir\u00e1 durante 30 d\u00edas a partir de la&hellip;\n","protected":false},"author":2,"featured_media":193020,"comment_status":"","ping_status":"","sticky":false,"template":"","format":"standard","meta":{"footnotes":""},"categories":[42],"tags":[17,18,3675,13,14,11,61,62,63,64,19,20,9,10,15,16,757,12,21,22,65,66,67],"class_list":{"0":"post-193019","1":"post","2":"type-post","3":"status-publish","4":"format-standard","5":"has-post-thumbnail","7":"category-internacional","8":"tag-breaking-news","9":"tag-breakingnews","10":"tag-civil-unrest","11":"tag-featured-news","12":"tag-featurednews","13":"tag-headlines","14":"tag-internacional","15":"tag-international","16":"tag-international-news","17":"tag-internationalnews","18":"tag-latest-news","19":"tag-latestnews","20":"tag-news","21":"tag-noticias","22":"tag-noticias-destacadas","23":"tag-noticiasdestacadas","24":"tag-south-america-central-america","25":"tag-titulares","26":"tag-ultimas-noticias","27":"tag-ultimasnoticias","28":"tag-world","29":"tag-world-news","30":"tag-worldnews"},"share_on_mastodon":{"url":"https:\/\/pubeurope.com\/@es\/115416147434916214","error":""},"_links":{"self":[{"href":"https:\/\/www.europesays.com\/es\/wp-json\/wp\/v2\/posts\/193019","targetHints":{"allow":["GET"]}}],"collection":[{"href":"https:\/\/www.europesays.com\/es\/wp-json\/wp\/v2\/posts"}],"about":[{"href":"https:\/\/www.europesays.com\/es\/wp-json\/wp\/v2\/types\/post"}],"author":[{"embeddable":true,"href":"https:\/\/www.europesays.com\/es\/wp-json\/wp\/v2\/users\/2"}],"replies":[{"embeddable":true,"href":"https:\/\/www.europesays.com\/es\/wp-json\/wp\/v2\/comments?post=193019"}],"version-history":[{"count":0,"href":"https:\/\/www.europesays.com\/es\/wp-json\/wp\/v2\/posts\/193019\/revisions"}],"wp:featuredmedia":[{"embeddable":true,"href":"https:\/\/www.europesays.com\/es\/wp-json\/wp\/v2\/media\/193020"}],"wp:attachment":[{"href":"https:\/\/www.europesays.com\/es\/wp-json\/wp\/v2\/media?parent=193019"}],"wp:term":[{"taxonomy":"category","embeddable":true,"href":"https:\/\/www.europesays.com\/es\/wp-json\/wp\/v2\/categories?post=193019"},{"taxonomy":"post_tag","embeddable":true,"href":"https:\/\/www.europesays.com\/es\/wp-json\/wp\/v2\/tags?post=193019"}],"curies":[{"name":"wp","href":"https:\/\/api.w.org\/{rel}","templated":true}]}}