{"id":193021,"date":"2025-10-22T05:23:11","date_gmt":"2025-10-22T05:23:11","guid":{"rendered":"https:\/\/www.europesays.com\/es\/193021\/"},"modified":"2025-10-22T05:23:11","modified_gmt":"2025-10-22T05:23:11","slug":"ojala-estas-ayudas-mejoren-la-vida-de-los-enfermos-de-ela","status":"publish","type":"post","link":"https:\/\/www.europesays.com\/es\/193021\/","title":{"rendered":"Ojal\u00e1 estas ayudas mejoren la vida de los enfermos de ELA"},"content":{"rendered":"<p>Hablamos con Fernando Mart\u00edn, presidente de la Confederaci\u00f3n Nacional de Entidades de ELA (ConELA)<\/p>\n<p><strong>El Consejo de Ministros ha aprobado este lunes nuevas medidas para reforzar la atenci\u00f3n a enfermos de ELA<\/strong>, con una inversi\u00f3n de <strong>500 millones de euros<\/strong> y la creaci\u00f3n de un <strong>Grado III+ de dependencia extrema<\/strong>, que permitir\u00e1 <strong>prestaciones de hasta 10.000 euros al mes<\/strong> y <strong>asistencia 24\/7<\/strong>. En el informativo <strong>24 horas de RNE<\/strong> hemos hablado sobre ello y analizado estas nuevas ayudas con <strong>Fernando Mart\u00edn<\/strong>, presidente de la <strong>Confederaci\u00f3n Nacional de Entidades de ELA (ConELA)<\/strong>.<\/p>\n<p><strong>Mart\u00edn ha apuntado<\/strong> que, de esos <strong>500 millones de euros<\/strong> que invertir\u00e1 el Gobierno, \u00ab<strong>387 son para la ley y 123 para el sistema de dependencia\u00bb<\/strong>. Adem\u00e1s, ha anunciado que este mi\u00e9rcoles se reunir\u00e1n con el <strong>ministro de Derechos Sociales, Consumo y Agenda 2030, Pablo Bustinduy<\/strong>, para evaluar \u00ab<strong>el real decreto y el texto\u00bb<\/strong>. Aunque, si hay algo que celebran, es que conceptos como el <strong>Grado III+<\/strong> hayan salido adelante: \u00ab<strong>Ojal\u00e1 sirvan para que esto sea de verdad una revisi\u00f3n del cuarto pilar del Estado del bienestar y sirva para mejorar la vida de personas que, a d\u00eda de hoy, est\u00e1n fuera de ese Estado del bienestar\u00bb<\/strong>.<\/p>\n<p>El presidente de ConELA ha explicado que tendr\u00e1n que <strong>analizar y ver a d\u00f3nde van destinados esos 10.000 euros al mes<\/strong> que se emplear\u00e1n en la asistencia a los enfermos: \u00abPorque la nota de prensa habla de un <strong>50 % del Estado y un 50 % de las comunidades aut\u00f3nomas<\/strong>. <strong>Hay que verlo de acuerdo con el art\u00edculo 32 y el art\u00edculo 9 de la ley de atenci\u00f3n\u00bb<\/strong>.<\/p>\n","protected":false},"excerpt":{"rendered":"Hablamos con Fernando Mart\u00edn, presidente de la Confederaci\u00f3n Nacional de Entidades de ELA (ConELA) El Consejo de Ministros&hellip;\n","protected":false},"author":2,"featured_media":193022,"comment_status":"","ping_status":"","sticky":false,"template":"","format":"standard","meta":{"footnotes":""},"categories":[8],"tags":[11980,17,18,53839,25,24,13,14,11,19,20,9,10,15,16,133,1448,1986,1987,23,12,21,22],"class_list":{"0":"post-193021","1":"post","2":"type-post","3":"status-publish","4":"format-standard","5":"has-post-thumbnail","7":"category-espana","8":"tag-24-horas","9":"tag-breaking-news","10":"tag-breakingnews","11":"tag-conela-ojala-estas-ayudas-mejoren-la-vida-de-los-enfermos-de-ela","12":"tag-es","13":"tag-espana","14":"tag-featured-news","15":"tag-featurednews","16":"tag-headlines","17":"tag-latest-news","18":"tag-latestnews","19":"tag-news","20":"tag-noticias","21":"tag-noticias-destacadas","22":"tag-noticiasdestacadas","23":"tag-online","24":"tag-radio","25":"tag-rne","26":"tag-rtve-play","27":"tag-spain","28":"tag-titulares","29":"tag-ultimas-noticias","30":"tag-ultimasnoticias"},"share_on_mastodon":{"url":"https:\/\/pubeurope.com\/@es\/115416151102794370","error":""},"_links":{"self":[{"href":"https:\/\/www.europesays.com\/es\/wp-json\/wp\/v2\/posts\/193021","targetHints":{"allow":["GET"]}}],"collection":[{"href":"https:\/\/www.europesays.com\/es\/wp-json\/wp\/v2\/posts"}],"about":[{"href":"https:\/\/www.europesays.com\/es\/wp-json\/wp\/v2\/types\/post"}],"author":[{"embeddable":true,"href":"https:\/\/www.europesays.com\/es\/wp-json\/wp\/v2\/users\/2"}],"replies":[{"embeddable":true,"href":"https:\/\/www.europesays.com\/es\/wp-json\/wp\/v2\/comments?post=193021"}],"version-history":[{"count":0,"href":"https:\/\/www.europesays.com\/es\/wp-json\/wp\/v2\/posts\/193021\/revisions"}],"wp:featuredmedia":[{"embeddable":true,"href":"https:\/\/www.europesays.com\/es\/wp-json\/wp\/v2\/media\/193022"}],"wp:attachment":[{"href":"https:\/\/www.europesays.com\/es\/wp-json\/wp\/v2\/media?parent=193021"}],"wp:term":[{"taxonomy":"category","embeddable":true,"href":"https:\/\/www.europesays.com\/es\/wp-json\/wp\/v2\/categories?post=193021"},{"taxonomy":"post_tag","embeddable":true,"href":"https:\/\/www.europesays.com\/es\/wp-json\/wp\/v2\/tags?post=193021"}],"curies":[{"name":"wp","href":"https:\/\/api.w.org\/{rel}","templated":true}]}}