{"id":193027,"date":"2025-10-22T05:26:10","date_gmt":"2025-10-22T05:26:10","guid":{"rendered":"https:\/\/www.europesays.com\/es\/193027\/"},"modified":"2025-10-22T05:26:10","modified_gmt":"2025-10-22T05:26:10","slug":"por-que-fue-en-la-algaba-el-ultimo-paseillo-de-curro-romero","status":"publish","type":"post","link":"https:\/\/www.europesays.com\/es\/193027\/","title":{"rendered":"Por qu\u00e9 fue en La Algaba el \u00faltimo pase\u00edllo de Curro Romero"},"content":{"rendered":"<p style=\"\">El Fara\u00f3n de Camas se despidi\u00f3 del toreo como siempre vivi\u00f3: a su manera, sin avisos previos ni discursos ensayados. Fue una tarde templada de oto\u00f1o, el 22 de octubre del a\u00f1o 2000, en la plaza de toros de La Algaba, donde el tiempo parec\u00eda  &#8230; haberse detenido entre el polvo y la nostalgia. Nadie pod\u00eda imaginar que aquel festival ben\u00e9fico, organizado a favor de Andex, ser\u00eda el tel\u00f3n definitivo para la m\u00e1s larga y enigm\u00e1tica de las trayectorias toreras que ha dado Sevilla.<\/p>\n<p class=\"voc-p\" style=\"\">Detr\u00e1s de aquella cita solidaria se escond\u00eda, sin embargo, una <strong>historia de desencuentros y silencios<\/strong>. La <strong>negativa<\/strong> de los nuevos gestores de la empresa Pag\u00e9s &#8211;<strong>Eduardo Canorea y Ram\u00f3n Valencia<\/strong>&#8211; a ceder la Maestranza para el festival provoc\u00f3 un malestar que, de una u otra forma, termin\u00f3 precipitando los acontecimientos. Era el <strong>reflejo de un cambio de era<\/strong>: los aires nuevos que llegaban al coso del Baratillo ya no soplaban al comp\u00e1s de Curro Romero. <\/p>\n<p class=\"voc-p\" style=\"\">El camero, que tantas veces hab\u00eda toreado con el alma, empezaba a sentir que el calendario -ese juez implacable- le ped\u00eda cuentas. A su espalda quedaban m\u00e1s de cuatro d\u00e9cadas de toreo grande, de tardes inolvidables y de silencios que tambi\u00e9n eran arte. Hab\u00eda sido un elegido y sab\u00eda que el tiempo de los elegidos es breve, aunque el suyo se prolong\u00f3 m\u00e1s all\u00e1 de lo imaginable.<\/p>\n<p>\nDesencuentros con la empresa\n<\/p>\n<p class=\"voc-p\" style=\"\">Antes de aquella temporada del adi\u00f3s, la <strong>muerte de Diodoro Canorea Arquero<\/strong> marc\u00f3 un punto de inflexi\u00f3n. El veterano empresario, yerno de Eduardo Pag\u00e9s, hab\u00eda sido durante d\u00e9cadas el <strong>sost\u00e9n invisible de la relaci\u00f3n entre la Maestranza y su torero m\u00e1s carism\u00e1tico<\/strong>. Canorea organiz\u00f3 su primera Feria de Abril en 1959, precisamente la misma que vio a Curro Romero debutar como matador tras su alternativa en Fallas. Desde entonces, ambos caminaron de la mano, unidos por la lealtad y el respeto. \u00abCuando uno se retire, lo har\u00e1 el otro\u00bb, sol\u00edan decir. Y as\u00ed fue.<\/p>\n<p class=\"voc-p\" style=\"\">Con la llegada de una nueva generaci\u00f3n al tim\u00f3n de la empresa, los equilibrios cambiaron. No lo sab\u00eda entonces, pero <strong>su \u00faltima corrida en la Maestranza ser\u00eda el 2 de mayo<\/strong> donde se acartel\u00f3 con<strong> Curro V\u00e1zquez y Finito de C\u00f3rdoba para lidiar toros de Juan Pedro Domecq<\/strong>. Eran 4 tardes las contratadas ese a\u00f1o en el abono. En la <strong>Feria de San Miguel<\/strong> de 2000, el cartel estelar del 23 de septiembre -Curro Romero, Morante de la Puebla y Jos\u00e9 Mar\u00eda Manzanares- se vino abajo tras diversas desavenencias y una serie de problemas con el ganado lo que provoc\u00f3 que Curro y Morante presentasen parte facultativo, -Manzanares ya se hab\u00eda ca\u00eddo antes del cartel-. Los tres espadas son sustituidos con desigual fortuna por Pepe Luis V\u00e1zquez, Fernando Cepeda y Juan Bautista en medio de un <strong>esc\u00e1ndalo<\/strong> m\u00e1s que considerable. <\/p>\n<p class=\"voc-p\" style=\"\">Para resarcirse, <strong>Romero y Morante propusieron ofrecer un festival en beneficio de Andex,<\/strong> un gesto de cari\u00f1o hacia la afici\u00f3n. Pero la negativa de los nuevos empresarios a prestar la plaza de la Maestranza forz\u00f3 el traslado a La Algaba. \u00abLo ocurrido en la Feria de San Miguel no ten\u00eda nada que ver con el festival ben\u00e9fico, pero la empresa no lo entendi\u00f3\u00bb, rememora <strong>Luis Manuel Halc\u00f3n de la Lastra, marido de Mar\u00eda Luisa Guardiola<\/strong> \u2013presidenta de Andex-, quien fuera teniente hermano mayor de la Real Maestranza de Caballer\u00eda entre 1985 y 1993. <\/p>\n<p class=\"voc-p\" style=\"\">El conde de Pe\u00f1aflor recuerda que Diodoro Canorea era \u00abun se\u00f1or muy agradable y no habr\u00eda tomado esa decisi\u00f3n\u00bb. Seg\u00fan \u00e9l, Eduardo Canorea era diferente a su padre: \u00abEl hijo ten\u00eda otra mentalidad\u00bb. Halc\u00f3n s\u00f3lo tiene palabra de elogios hacia Curro y su predisposici\u00f3n con la Asociaci\u00f3n de Padres de Ni\u00f1os con C\u00e1ncer de Andaluc\u00eda: \u00abCurro con Andex se port\u00f3 como nadie lo hab\u00eda hecho\u00bb.<\/p>\n<p><img decoding=\"async\" loading=\"lazy\" src=\"https:\/\/www.europesays.com\/es\/wp-content\/uploads\/2025\/10\/luis-manuel-halcon-lastra_20251020132300-U20730318533crJ-760x427@diario_abc.jpg\" class=\"voc-img\" width=\"760\" height=\"427\" alt=\"\" data-voc-vtm-id=\"in-text-traffic\"\/><\/p>\n<p>Mar\u00eda Guerra<\/p>\n<p>Luis Manuel Halc\u00f3n de la Lastra: \u00abAndex ha conseguido algo \u00fanico en Espa\u00f1a, colaborar directamente con la sanidad p\u00fablica\u00bb<\/p>\n<p class=\"voc-p\">\u00abEste a\u00f1o se celebr\u00f3 un festival en Aracena que fue un gran \u00e9xito, a pesar del calor tremendo. Se obtuvo un beneficio de 11.000 euros. Todos los participantes tuvieron que darse de alta en la Seguridad Social, lo que supuso un gasto adicional, pero aun as\u00ed fue muy positivo. Andex sigue teniendo un gran respaldo, porque todo el mundo se vuelca cuando se trata de los ni\u00f1os con c\u00e1ncer. Ahora est\u00e1n pendientes de inaugurar la nueva &#8216;planta cero&#8217; en el Hospital Virgen del Roc\u00edo, destinada a j\u00f3venes con c\u00e1ncer de entre diez y diecis\u00e9is a\u00f1os. Andex ha conseguido algo \u00fanico en Espa\u00f1a: colaborar directamente con la sanidad p\u00fablica y crear espacios dedicados exclusivamente a estos pacientes.\u00bb<\/p>\n<p class=\"voc-p\" style=\"\">El horizonte que se abr\u00eda ante Curro Romero bajo la nueva direcci\u00f3n de la empresa Pag\u00e9s no pod\u00eda ser m\u00e1s desalentador. La incertidumbre de sus contrataciones en la Feria de Abril de 2001, puede que sea otras de las razones por la que el maestro camero decidi\u00f3 poner fin a su carrera. No estaba dispuesto a renunciar a los privilegios ni al respeto que, durante d\u00e9cadas, le hab\u00eda conferido la Maestranza.<strong> \u00abNo me voy a arrastrar como una caja de pescao\u00bb,<\/strong> sentenci\u00f3 con la rotundidad que le caracterizaba en una rueda de prensa que a\u00fan se recuerda. All\u00ed, acompa\u00f1ado por Morante de la Puebla, relat\u00f3 con sinceridad los entresijos de aquel famoso festival que, en parte, se hab\u00eda organizado para aliviar a la sufrida afici\u00f3n sevillana tras la &#8216;espant\u00e1&#8217; de septiembre, y por supuesto por Andex.<\/p>\n<p><img decoding=\"async\" loading=\"lazy\" src=\"https:\/\/www.europesays.com\/es\/wp-content\/uploads\/2025\/10\/curro-guardiola-morante-U16451327517hSy-760x427@diario_abc.jpg\" class=\"voc-img\" width=\"760\" height=\"427\" alt=\"Curro Romero, Mar\u00eda Luisa Guardiola y Morante de la Puebla en la presentaci\u00f3n del Festival de ANdex\" data-voc-vtm-id=\"in-text-traffic\"\/><\/p>\n<p>Curro Romero, Mar\u00eda Luisa Guardiola y Morante de la Puebla en la presentaci\u00f3n del Festival de ANdex<\/p>\n<p>Ra\u00fal Doblado<\/p>\n<p class=\"voc-p\" style=\"\">\u00abRecuerdo a Carmen Tello y a la presidenta de Andex venir a verme para pedirme la plaza\u00bb, comenta Jos\u00e9 Mar\u00eda Torres Zapico\u00b8 alcalde por aquellos tiempos de La Algaba. El declarado currista, primer alcalde de la democracia del municipio, se volc\u00f3 con el festival: \u00abMe encargu\u00e9 personalmente de toda la documentaci\u00f3n\u00bb. Zapico rememora emocionado lo vivido hace ahora 25 a\u00f1os, y siente como un regalo de la vida aquella tarde en la que le toc\u00f3 presidir el festejo \u2013sin saber\u2013 que ser\u00eda el \u00faltimo pase\u00edllo del maestro Curro Romero.<\/p>\n","protected":false},"excerpt":{"rendered":"El Fara\u00f3n de Camas se despidi\u00f3 del toreo como siempre vivi\u00f3: a su manera, sin avisos previos ni&hellip;\n","protected":false},"author":2,"featured_media":193028,"comment_status":"","ping_status":"","sticky":false,"template":"","format":"standard","meta":{"footnotes":""},"categories":[277],"tags":[37346,373,778,168,25,24,16189,13603,23,167,374,3667],"class_list":{"0":"post-193027","1":"post","2":"type-post","3":"status-publish","4":"format-standard","5":"has-post-thumbnail","7":"category-toreo","8":"tag-algaba","9":"tag-bullfighting","10":"tag-curro","11":"tag-deportes","12":"tag-es","13":"tag-espana","14":"tag-paseillo","15":"tag-romero","16":"tag-spain","17":"tag-sports","18":"tag-toreo","19":"tag-ultimo"},"share_on_mastodon":{"url":"https:\/\/pubeurope.com\/@es\/115416162861638336","error":""},"_links":{"self":[{"href":"https:\/\/www.europesays.com\/es\/wp-json\/wp\/v2\/posts\/193027","targetHints":{"allow":["GET"]}}],"collection":[{"href":"https:\/\/www.europesays.com\/es\/wp-json\/wp\/v2\/posts"}],"about":[{"href":"https:\/\/www.europesays.com\/es\/wp-json\/wp\/v2\/types\/post"}],"author":[{"embeddable":true,"href":"https:\/\/www.europesays.com\/es\/wp-json\/wp\/v2\/users\/2"}],"replies":[{"embeddable":true,"href":"https:\/\/www.europesays.com\/es\/wp-json\/wp\/v2\/comments?post=193027"}],"version-history":[{"count":0,"href":"https:\/\/www.europesays.com\/es\/wp-json\/wp\/v2\/posts\/193027\/revisions"}],"wp:featuredmedia":[{"embeddable":true,"href":"https:\/\/www.europesays.com\/es\/wp-json\/wp\/v2\/media\/193028"}],"wp:attachment":[{"href":"https:\/\/www.europesays.com\/es\/wp-json\/wp\/v2\/media?parent=193027"}],"wp:term":[{"taxonomy":"category","embeddable":true,"href":"https:\/\/www.europesays.com\/es\/wp-json\/wp\/v2\/categories?post=193027"},{"taxonomy":"post_tag","embeddable":true,"href":"https:\/\/www.europesays.com\/es\/wp-json\/wp\/v2\/tags?post=193027"}],"curies":[{"name":"wp","href":"https:\/\/api.w.org\/{rel}","templated":true}]}}