{"id":193031,"date":"2025-10-22T05:29:07","date_gmt":"2025-10-22T05:29:07","guid":{"rendered":"https:\/\/www.europesays.com\/es\/193031\/"},"modified":"2025-10-22T05:29:07","modified_gmt":"2025-10-22T05:29:07","slug":"carlos-alcaraz-de-record-en-record-hasta-sin-querer","status":"publish","type":"post","link":"https:\/\/www.europesays.com\/es\/193031\/","title":{"rendered":"Carlos Alcaraz, de r\u00e9cord en r\u00e9cord hasta sin querer"},"content":{"rendered":"<p><a href=\"https:\/\/www.laverdad.es\/carlos-alcaraz\/\" target=\"_blank\" data-voc-vtm-id=\"in-text-traffic\" title=\"Carlos Alcaraz\" data-mrf-link=\"www.laverdad.es\" rel=\"nofollow noopener\">Carlos Alcaraz<\/a> ha vuelto a pasar a la historia, esta vez no por su talento sobre la pista, aunque mucho tiene que ver, sino  &#8230; por batir otro r\u00e9cord sin querer. El tenista murciano desbanc\u00f3 a Rafa Nadal como el jugador que m\u00e1s cara ha vendido una raqueta en una subasta. Se trata de aquella con la que conquist\u00f3 por primera vez el torneo londinense de Wimbledon, all\u00e1 por 2023, en una final para la historia en la que el de El Palmar super\u00f3 al jugador serbio por 1-6, 7-6, 6-1, 3-6 y 6-4 para levantar al cielo el que era su segundo Gran Slam. Dos a\u00f1os despu\u00e9s, el pupilo de Juan Carlos Ferrero ha triplicado esa cifra y ya cuenta con seis &#8216;grandes&#8217; en un palmar\u00e9s que se va llenando a un ritmo endiablado.<\/p>\n<p class=\"v-p\">La puja por la raqueta de Carlitos se fren\u00f3 en un precio final de 173.066 d\u00f3lares (unos 149.013 euros), y super\u00f3 los 157.000 d\u00f3lares que se llegaron a pagar en junio de 2025 por el arma que us\u00f3 Rafa Nadal para meterse en el bolsillo el torneo de Roland Garros en el a\u00f1o 2017, donde venci\u00f3 al suizo Stan Wawrinka en tres sets (6-2, 6-3 y 6-1). La tercera raqueta m\u00e1s cara vendida en una puja, por un total de 139.700 d\u00f3lares, es ahora la que us\u00f3 el mejor tenista espa\u00f1ol de la historia en la final del Open de Australia de 2022, donde gan\u00f3 con una remontada para la historia del deporte al ruso Daniil Medvedev por 2-6, 6-7, 6-4, 6-4 y 7-5. <\/p>\n<p>\n173.066 d\u00f3lares (149.013 euros) ha pagado una persona por el &#8216;arma&#8217; con la que el de El Palmar venci\u00f3 en Londres\n<\/p>\n<p class=\"v-p\">Por el momento, se desconoce la identidad de la persona u organizaci\u00f3n que ha adquirido la raqueta de Carlos Alcaraz, pero la cifra en la que se ha cerrado la subasta permite convertirla en un art\u00edculo de aut\u00e9ntico lujo. Se trata de una Babolat personalizada que mantiene las &#8216;heridas de guerra&#8217; de aquel partido que supuso un salto en la carrera del actual n\u00famero uno del mundo. \u00abEste es, con diferencia, el art\u00edculo m\u00e1s significativo que jam\u00e1s haya salido a la superficie de la joven pero ya hist\u00f3rica carrera de Alcaraz, utilizado en un partido que muchos consideran un punto de inflexi\u00f3n generacional\u00bb, reza la descripci\u00f3n oficial del lote adquirido.<\/p>\n<p>A la ciudad del amor<\/p>\n<p class=\"v-p\">Carlitos ya fija su siguiente objetivo tras la <a href=\"https:\/\/www.laverdad.es\/carlos-alcaraz\/jannik-sinner-supera-carlos-alcaraz-embolsa-botin-20251018230713-nt.html\" target=\"_blank\" data-voc-vtm-id=\"in-text-traffic\" title=\"exhibici\u00f3n del Six Kings Slam, en la que cay\u00f3 en la final ante Jannik Sinner\" data-mrf-link=\"www.laverdad.es\" rel=\"nofollow noopener\">exhibici\u00f3n del Six Kings Slam, en la que cay\u00f3 en la final ante Jannik Sinner<\/a>. El murciano, que est\u00e1 en casa, prepara ya en la pista bajo techo de su academia de El Palmar el pr\u00f3ximo torneo que tiene a la vista: el Masters 1000 de Par\u00eds, que arranca el pr\u00f3ximo lunes, 27 de octubre.<\/p>\n<p>\nEl n\u00famero uno del mundo viaja a Par\u00eds en las pr\u00f3ximas horas para preparar el \u00faltimo Masters 1000 de la temporada\n<\/p>\n<p class=\"v-p\">El n\u00famero uno del mundo viajar\u00e1 en las pr\u00f3ximas horas a la capital francesa, antes de lo normal, para familiarizarse con la superficie de interior del recinto La D\u00e9fense Arena, nueva sede del \u00faltimo Masters 1000 de la temporada y el espacio cubierto m\u00e1s grande de Europa.<\/p>\n<p class=\"v-p\">El reto es tan exigente como ilusionante: ganar un torneo que se le resiste en los \u00faltimos a\u00f1os y ponerle la guinda a un 2025 ya de por s\u00ed extraordinario. Tras su participaci\u00f3n en la capital gala, el de El Palmar tendr\u00e1 por delante las ATP Finals de Tur\u00edn, del 9 al 16 de noviembre, y la &#8216;Final a 8&#8217; de la Copa Davis, del 18 al 23 de noviembre, tambi\u00e9n en Italia, en este caso en Bolonia. <\/p>\n","protected":false},"excerpt":{"rendered":"Carlos Alcaraz ha vuelto a pasar a la historia, esta vez no por su talento sobre la pista,&hellip;\n","protected":false},"author":2,"featured_media":193032,"comment_status":"","ping_status":"","sticky":false,"template":"","format":"standard","meta":{"footnotes":""},"categories":[274],"tags":[4736,415,168,25,24,18170,4722,23,167,327,326],"class_list":{"0":"post-193031","1":"post","2":"type-post","3":"status-publish","4":"format-standard","5":"has-post-thumbnail","7":"category-tenis","8":"tag-alcaraz","9":"tag-carlos","10":"tag-deportes","11":"tag-es","12":"tag-espana","13":"tag-querer","14":"tag-record","15":"tag-spain","16":"tag-sports","17":"tag-tenis","18":"tag-tennis"},"share_on_mastodon":{"url":"https:\/\/pubeurope.com\/@es\/115416174717217248","error":""},"_links":{"self":[{"href":"https:\/\/www.europesays.com\/es\/wp-json\/wp\/v2\/posts\/193031","targetHints":{"allow":["GET"]}}],"collection":[{"href":"https:\/\/www.europesays.com\/es\/wp-json\/wp\/v2\/posts"}],"about":[{"href":"https:\/\/www.europesays.com\/es\/wp-json\/wp\/v2\/types\/post"}],"author":[{"embeddable":true,"href":"https:\/\/www.europesays.com\/es\/wp-json\/wp\/v2\/users\/2"}],"replies":[{"embeddable":true,"href":"https:\/\/www.europesays.com\/es\/wp-json\/wp\/v2\/comments?post=193031"}],"version-history":[{"count":0,"href":"https:\/\/www.europesays.com\/es\/wp-json\/wp\/v2\/posts\/193031\/revisions"}],"wp:featuredmedia":[{"embeddable":true,"href":"https:\/\/www.europesays.com\/es\/wp-json\/wp\/v2\/media\/193032"}],"wp:attachment":[{"href":"https:\/\/www.europesays.com\/es\/wp-json\/wp\/v2\/media?parent=193031"}],"wp:term":[{"taxonomy":"category","embeddable":true,"href":"https:\/\/www.europesays.com\/es\/wp-json\/wp\/v2\/categories?post=193031"},{"taxonomy":"post_tag","embeddable":true,"href":"https:\/\/www.europesays.com\/es\/wp-json\/wp\/v2\/tags?post=193031"}],"curies":[{"name":"wp","href":"https:\/\/api.w.org\/{rel}","templated":true}]}}